{"id":1987,"date":"2025-06-12T23:46:22","date_gmt":"2025-06-13T02:46:22","guid":{"rendered":"https:\/\/vivanews.com.br\/?p=1987"},"modified":"2025-06-12T23:46:22","modified_gmt":"2025-06-13T02:46:22","slug":"eventual-prisao-de-bolsonaro-nao-muda-xadrez-eleitoral-em-2026-diz-eurasia","status":"publish","type":"post","link":"https:\/\/vivanews.com.br\/?p=1987","title":{"rendered":"Eventual pris\u00e3o de Bolsonaro n\u00e3o muda xadrez eleitoral em 2026, diz Eurasia"},"content":{"rendered":"<p>Uma poss\u00edvel <strong>condena\u00e7\u00e3o e pris\u00e3o do ex-presidente Jair Bolsonaro (PL)<\/strong> n\u00e3o deve alterar significativamente o cen\u00e1rio eleitoral para as elei\u00e7\u00f5es presidenciais de 2026, segundo an\u00e1lise de <strong>Christopher Garman<\/strong>, diretor-executivo para as Am\u00e9ricas do grupo Eurasia.<\/p>\n<div class=\"custom__ad__element\"><\/div>\n<p>\u201cApesar da semana hist\u00f3rica na pol\u00edtica brasileira, marcada pelo depoimento de Bolsonaro ao Supremo Tribunal Federal sobre acusa\u00e7\u00f5es de tentativa de golpe de Estado, o ex-presidente manter\u00e1 sua influ\u00eancia pol\u00edtica mesmo diante de uma prov\u00e1vel condena\u00e7\u00e3o\u201d, argumenta.<\/p>\n<p>O analista avalia que Bolsonaro ser\u00e1 visto por sua base como v\u00edtima de persegui\u00e7\u00e3o pol\u00edtica pelo <strong>STF<\/strong>, o que n\u00e3o diminuir\u00e1 seu capital pol\u00edtico eleitoral. \u201cUma condena\u00e7\u00e3o e um prov\u00e1vel mandado de pris\u00e3o n\u00e3o deve diminuir o seu capital pol\u00edtico eleitoral\u201d, afirma Garman.<\/p>\n<p>Segundo o diretor da Eurasia, Bolsonaro continuar\u00e1 sendo o principal ator a definir o cen\u00e1rio da oposi\u00e7\u00e3o para 2026, seja \u201cdentro da pris\u00e3o ou fora dela\u201d. Para ele, a escolha do ex-presidente para represent\u00e1-lo nas pr\u00f3ximas elei\u00e7\u00f5es presidenciais ter\u00e1 grandes chances de chegar ao segundo turno.<\/p>\n<aside class=\"read-too read-too--with-img\">\n<h2 class=\"read-too__title\">Leia Mais<\/h2>\n<ul class=\"read-too__list\">\n<li class=\"read-too__list-item\">\n    <a class=\"read-too__link\" href=\"https:\/\/www.cnnbrasil.com.br\/politica\/mauro-cid-mentiu-ao-stf-sobre-mensagens-diz-revista\/\" target=\"_self\">\n                    <picture class=\"read-too__picture\">\n                <img decoding=\"async\" class=\"read-too__img\" src=\"https:\/\/admin.cnnbrasil.com.br\/wp-content\/uploads\/sites\/12\/2025\/06\/54578020996_e075c89c2d_o-e1749497536124.jpg?w=200\" alt=\"Mauro Cid mentiu ao STF sobre mensagens, diz revista\" title=\"Mauro Cid mentiu ao STF sobre mensagens, diz revista'\" loading=\"lazy\">\n            <\/picture>\n<h3 class=\"read-too__post-title\">Mauro Cid mentiu ao STF sobre mensagens, diz revista<\/h3>\n<p>    <\/a>\n<\/li>\n<li class=\"read-too__list-item\">\n    <a class=\"read-too__link\" href=\"https:\/\/www.cnnbrasil.com.br\/blogs\/taina-falcao\/politica\/temer-aconselhou-bolsonaro-a-pedir-desculpas-a-moraes\/\" target=\"_self\">\n                    <picture class=\"read-too__picture\">\n                <img decoding=\"async\" class=\"read-too__img\" src=\"https:\/\/admin.cnnbrasil.com.br\/wp-content\/uploads\/sites\/12\/2025\/06\/54578763073_6f7cb68c90_o.jpg?w=200\" alt=\"Temer aconselhou Bolsonaro a pedir desculpas a Moraes\" title=\"Temer aconselhou Bolsonaro a pedir desculpas a Moraes'\" loading=\"lazy\">\n            <\/picture>\n<h3 class=\"read-too__post-title\">Temer aconselhou Bolsonaro a pedir desculpas a Moraes<\/h3>\n<p>    <\/a>\n<\/li>\n<li class=\"read-too__list-item\">\n    <a class=\"read-too__link\" href=\"https:\/\/www.cnnbrasil.com.br\/politica\/dino-reage-a-bolsonaro-e-diz-que-mentira-nao-e-questao-de-opiniao\/\" target=\"_self\">\n                    <picture class=\"read-too__picture\">\n                <img decoding=\"async\" class=\"read-too__img\" src=\"https:\/\/admin.cnnbrasil.com.br\/wp-content\/uploads\/sites\/12\/2025\/06\/54581524727_ab7f558a3a_o.jpg?w=200\" alt=\"Dino reage a Bolsonaro e diz que mentira n\u00e3o \u00e9 quest\u00e3o de opini\u00e3o\" title=\"Dino reage a Bolsonaro e diz que mentira n\u00e3o \u00e9 quest\u00e3o de opini\u00e3o'\" loading=\"lazy\">\n            <\/picture>\n<h3 class=\"read-too__post-title\">Dino reage a Bolsonaro e diz que mentira n\u00e3o \u00e9 quest\u00e3o de opini\u00e3o<\/h3>\n<p>    <\/a>\n<\/li>\n<\/ul>\n<\/aside>\n<h2>Cen\u00e1rios para a direita<\/h2>\n<p>Garman aponta que a unidade ou fragmenta\u00e7\u00e3o da direita depender\u00e1 das decis\u00f5es de Bolsonaro. \u201cSomente Bolsonaro que vai pautar se a direita chegar\u00e1 dividida ou unificada no ano que vem\u201d, destaca.<\/p>\n<div class=\"custom__ad__element\"><\/div>\n<p>\u201cSe ele optar por apoiar o governador de S\u00e3o Paulo, Tarc\u00edsio de Freitas, a oposi\u00e7\u00e3o tender\u00e1 a se unificar. Por outro lado, caso escolha um membro de sua fam\u00edlia para represent\u00e1-lo, a direita poder\u00e1 se fragmentar no primeiro turno\u201d, explica.<\/p>\n<p>O analista conclui que, independentemente do desfecho judicial, Bolsonaro permanecer\u00e1 como figura central na defini\u00e7\u00e3o das estrat\u00e9gias e alian\u00e7as da oposi\u00e7\u00e3o para as pr\u00f3ximas elei\u00e7\u00f5es majorit\u00e1rias.<\/p>\n<div class=\"disclaimer__ai\">\n    <em>Os textos gerados por intelig\u00eancia artificial na <strong>CNN Brasil<\/strong>\u00a0s\u00e3o feitos com base nos cortes de v\u00eddeos dos jornais de sua programa\u00e7\u00e3o. Todas as informa\u00e7\u00f5es s\u00e3o apuradas e checadas por jornalistas. O texto final tamb\u00e9m passa pela revis\u00e3o da equipe de jornalismo da\u00a0<strong>CNN<\/strong>.\u00a0<a href=\"https:\/\/www.cnnbrasil.com.br\/nacional\/saiba-como-a-cnn-brasil-utiliza-as-ferramentas-de-inteligencia-artificial\/\" target=\"_blank\" rel=\"noopener\">Clique aqui para saber mais<\/a>.<\/em>\n<\/div>\n","protected":false},"excerpt":{"rendered":"<p>Uma poss\u00edvel condena\u00e7\u00e3o e pris\u00e3o do ex-presidente Jair Bolsonaro (PL) n\u00e3o deve alterar significativamente o cen\u00e1rio eleitoral para as elei\u00e7\u00f5es presidenciais de 2026, segundo an\u00e1lise de Christopher Garman, diretor-executivo para as Am\u00e9ricas do grupo Eurasia. \u201cApesar da semana hist\u00f3rica na pol\u00edtica brasileira, marcada pelo depoimento de Bolsonaro ao Supremo Tribunal Federal sobre acusa\u00e7\u00f5es de tentativa [&hellip;]<\/p>\n","protected":false},"author":35,"featured_media":1988,"comment_status":"open","ping_status":"open","sticky":false,"template":"","format":"standard","meta":{"site-sidebar-layout":"default","site-content-layout":"","ast-site-content-layout":"default","site-content-style":"default","site-sidebar-style":"default","ast-global-header-display":"","ast-banner-title-visibility":"","ast-main-header-display":"","ast-hfb-above-header-display":"","ast-hfb-below-header-display":"","ast-hfb-mobile-header-display":"","site-post-title":"","ast-breadcrumbs-content":"","ast-featured-img":"","footer-sml-layout":"","ast-disable-related-posts":"","theme-transparent-header-meta":"","adv-header-id-meta":"","stick-header-meta":"","header-above-stick-meta":"","header-main-stick-meta":"","header-below-stick-meta":"","astra-migrate-meta-layouts":"default","ast-page-background-enabled":"default","ast-page-background-meta":{"desktop":{"background-color":"var(--ast-global-color-4)","background-image":"","background-repeat":"repeat","background-position":"center center","background-size":"auto","background-attachment":"scroll","background-type":"","background-media":"","overlay-type":"","overlay-color":"","overlay-opacity":"","overlay-gradient":""},"tablet":{"background-color":"","background-image":"","background-repeat":"repeat","background-position":"center center","background-size":"auto","background-attachment":"scroll","background-type":"","background-media":"","overlay-type":"","overlay-color":"","overlay-opacity":"","overlay-gradient":""},"mobile":{"background-color":"","background-image":"","background-repeat":"repeat","background-position":"center center","background-size":"auto","background-attachment":"scroll","background-type":"","background-media":"","overlay-type":"","overlay-color":"","overlay-opacity":"","overlay-gradient":""}},"ast-content-background-meta":{"desktop":{"background-color":"var(--ast-global-color-5)","background-image":"","background-repeat":"repeat","background-position":"center center","background-size":"auto","background-attachment":"scroll","background-type":"","background-media":"","overlay-type":"","overlay-color":"","overlay-opacity":"","overlay-gradient":""},"tablet":{"background-color":"var(--ast-global-color-5)","background-image":"","background-repeat":"repeat","background-position":"center center","background-size":"auto","background-attachment":"scroll","background-type":"","background-media":"","overlay-type":"","overlay-color":"","overlay-opacity":"","overlay-gradient":""},"mobile":{"background-color":"var(--ast-global-color-5)","background-image":"","background-repeat":"repeat","background-position":"center center","background-size":"auto","background-attachment":"scroll","background-type":"","background-media":"","overlay-type":"","overlay-color":"","overlay-opacity":"","overlay-gradient":""}},"footnotes":""},"categories":[1],"tags":[],"class_list":["post-1987","post","type-post","status-publish","format-standard","has-post-thumbnail","hentry","category-sem-categoria"],"_links":{"self":[{"href":"https:\/\/vivanews.com.br\/index.php?rest_route=\/wp\/v2\/posts\/1987","targetHints":{"allow":["GET"]}}],"collection":[{"href":"https:\/\/vivanews.com.br\/index.php?rest_route=\/wp\/v2\/posts"}],"about":[{"href":"https:\/\/vivanews.com.br\/index.php?rest_route=\/wp\/v2\/types\/post"}],"author":[{"embeddable":true,"href":"https:\/\/vivanews.com.br\/index.php?rest_route=\/wp\/v2\/users\/35"}],"replies":[{"embeddable":true,"href":"https:\/\/vivanews.com.br\/index.php?rest_route=%2Fwp%2Fv2%2Fcomments&post=1987"}],"version-history":[{"count":0,"href":"https:\/\/vivanews.com.br\/index.php?rest_route=\/wp\/v2\/posts\/1987\/revisions"}],"wp:featuredmedia":[{"embeddable":true,"href":"https:\/\/vivanews.com.br\/index.php?rest_route=\/wp\/v2\/media\/1988"}],"wp:attachment":[{"href":"https:\/\/vivanews.com.br\/index.php?rest_route=%2Fwp%2Fv2%2Fmedia&parent=1987"}],"wp:term":[{"taxonomy":"category","embeddable":true,"href":"https:\/\/vivanews.com.br\/index.php?rest_route=%2Fwp%2Fv2%2Fcategories&post=1987"},{"taxonomy":"post_tag","embeddable":true,"href":"https:\/\/vivanews.com.br\/index.php?rest_route=%2Fwp%2Fv2%2Ftags&post=1987"}],"curies":[{"name":"wp","href":"https:\/\/api.w.org\/{rel}","templated":true}]}}