{"id":1995,"date":"2025-06-12T23:46:18","date_gmt":"2025-06-13T02:46:18","guid":{"rendered":"https:\/\/vivanews.com.br\/?p=1995"},"modified":"2025-06-12T23:46:18","modified_gmt":"2025-06-13T02:46:18","slug":"com-gol-contra-atletico-mg-vence-internacional-e-coloca-time-gaucho-no-z4","status":"publish","type":"post","link":"https:\/\/vivanews.com.br\/?p=1995","title":{"rendered":"Com gol contra, Atl\u00e9tico-MG vence Internacional e coloca time ga\u00facho no Z4"},"content":{"rendered":"<p>A noite terminou com um gosto amargo para o Internacional. Jogando fora de casa, na Arena MRV, em Belo Horizonte, o time ga\u00facho foi derrotado pelo Atl\u00e9tico-MG por <strong>2 a 0<\/strong> em partida v\u00e1lida pelo Campeonato Brasileiro.<\/p>\n<div class=\"custom__ad__element\"><\/div>\n<p>O resultado foi constru\u00eddo ap\u00f3s um gol contra de Vit\u00e3o aos 30 minutos da primeira etapa. J\u00fanior Santos ampliou j\u00e1 nos acr\u00e9scimos.<\/p>\n<p>A derrota colocou o clube comandado por Roger Machado na zona de rebaixamento do Brasileir\u00e3o, na 17\u00aa posi\u00e7\u00e3o na tabela.\u00a0<strong>J\u00e1 o Galo, com a vit\u00f3ria, foi a 20 pontos e chegou \u00e0 7\u00aa posi\u00e7\u00e3o. A equipe chegou ao mesmo n\u00famero de pontos do Fluminense, que est\u00e1 em 6\u00ba lugar.<\/strong><\/p>\n<aside class=\"read-too read-too--with-img\">\n<h2 class=\"read-too__title\">Leia Mais<\/h2>\n<ul class=\"read-too__list\">\n<li class=\"read-too__list-item\">\n    <a class=\"read-too__link\" href=\"https:\/\/www.cnnbrasil.com.br\/esportes\/futebol\/corinthians\/corinthians-perde-dupla-titular-para-jogo-contra-o-red-bull-bragantino\/\" target=\"_self\">\n                    <picture class=\"read-too__picture\">\n                <img decoding=\"async\" class=\"read-too__img\" src=\"https:\/\/admin.cnnbrasil.com.br\/wp-content\/uploads\/sites\/12\/2025\/06\/RAMALHO-e1749662838808.jpg?w=200\" alt=\"Corinthians perde dupla titular para jogo contra o Red Bull Bragantino\" title=\"Corinthians perde dupla titular para jogo contra o Red Bull Bragantino'\" loading=\"lazy\">\n            <\/picture>\n<h3 class=\"read-too__post-title\">Corinthians perde dupla titular para jogo contra o Red Bull Bragantino<\/h3>\n<p>    <\/a>\n<\/li>\n<li class=\"read-too__list-item\">\n    <a class=\"read-too__link\" href=\"https:\/\/www.cnnbrasil.com.br\/esportes\/futebol\/sao-paulo\/sao-paulo-dinenno-e-apresentado-e-revela-conversa-com-zubeldia\/\" target=\"_self\">\n                    <picture class=\"read-too__picture\">\n                <img decoding=\"async\" class=\"read-too__img\" src=\"https:\/\/admin.cnnbrasil.com.br\/wp-content\/uploads\/sites\/12\/2025\/06\/Dineno.jpeg?w=200\" alt=\"S\u00e3o Paulo: Dinenno \u00e9 apresentado e revela conversa com Zubeld\u00eda\" title=\"S\u00e3o Paulo: Dinenno \u00e9 apresentado e revela conversa com Zubeld\u00eda'\" loading=\"lazy\">\n            <\/picture>\n<h3 class=\"read-too__post-title\">S\u00e3o Paulo: Dinenno \u00e9 apresentado e revela conversa com Zubeld\u00eda<\/h3>\n<p>    <\/a>\n<\/li>\n<li class=\"read-too__list-item\">\n    <a class=\"read-too__link\" href=\"https:\/\/www.cnnbrasil.com.br\/esportes\/futebol\/cruzeiro\/cruzeiro-sonda-atacante-tete-e-panathinaikos-toma-decisao\/\" target=\"_self\">\n                    <picture class=\"read-too__picture\">\n                <img decoding=\"async\" class=\"read-too__img\" src=\"https:\/\/admin.cnnbrasil.com.br\/wp-content\/uploads\/sites\/12\/2025\/06\/tete-e1749592579667.jpg?w=200\" alt=\"Cruzeiro sonda atacante Tet\u00ea, e Panathinaikos toma decis\u00e3o\" title=\"Cruzeiro sonda atacante Tet\u00ea, e Panathinaikos toma decis\u00e3o'\" loading=\"lazy\">\n            <\/picture>\n<h3 class=\"read-too__post-title\">Cruzeiro sonda atacante Tet\u00ea, e Panathinaikos toma decis\u00e3o<\/h3>\n<p>    <\/a>\n<\/li>\n<\/ul>\n<\/aside>\n<p>\u00a0<\/p>\n<p>\u00a0<\/p>\n<div class=\"custom__ad__element\"><\/div>\n<\/p>\n<div class=\"post__video\">\n<div class=\"cnn component-video has--live\">\n<div class=\"component-inner\">\n<div class=\"video-wrapper \">\n<div class=\"video-wrapper-inner\">\n<div class=\"overlay-wrapper\">\n\t\t\t\t\t\t<button class=\"video-button js-video-play active\" aria-label=\"Assista o v\u00eddeo Presidente da Fifa parabeniza o Brasil por classifica\u00e7\u00e3o para a Copa do Mundo | CNN PRIME TIME\" tabindex=\"0\"><br \/>\n\t\t\t\t\t\t\t<img decoding=\"async\" class=\"thumbnail-image\" src=\"https:\/\/img.youtube.com\/vi\/Oz43sLaHHWk\/sddefault.jpg\" srcset=\"https:\/\/img.youtube.com\/vi\/Oz43sLaHHWk\/default.jpg 120w,\n                    https:\/\/img.youtube.com\/vi\/Oz43sLaHHWk\/mqdefault.jpg 320w,\n                    https:\/\/img.youtube.com\/vi\/Oz43sLaHHWk\/hqdefault.jpg 480w,\n                    https:\/\/img.youtube.com\/vi\/Oz43sLaHHWk\/sddefault.jpg 640w,\n                    https:\/\/img.youtube.com\/vi\/Oz43sLaHHWk\/maxresdefault.jpg 1280w\" alt=\"Presidente da Fifa parabeniza o Brasil por classifica\u00e7\u00e3o para a Copa do Mundo | CNN PRIME TIME\"><\/p>\n<p>\t\t\t\t\t\t\t<span class=\"video-play-button\" aria-label=\"Bot\u00e3o play do v\u00eddeo Presidente da Fifa parabeniza o Brasil por classifica\u00e7\u00e3o para a Copa do Mundo | CNN PRIME TIME\"><\/span><\/p>\n<p>\t\t\t\t\t\t\t\t\t\t\t\t\t\t\t<span class=\"video-gradient\"><\/span><br \/>\n\t\t\t\t\t\t\t\t<span class=\"video-title\">Presidente da Fifa parabeniza o Brasil por classifica\u00e7\u00e3o para a Copa do Mundo | CNN PRIME TIME<\/span><br \/>\n\t\t\t\t\t\t\t\t\t\t\t\t\t<\/button>\n\t\t\t\t\t<\/div>\n<p>\t\t\t\t\t\t\t\t\t\t<span class=\"embedded-video video-player-wrapper\" data-youtube-plcmt=\"1\" data-youtube-vpmute=\"0\" data-youtube-width=\"640px\" data-youtube-height=\"480px\" data-youtube-ui=\"esportes\" data-youtube-play=\"0\" data-youtube-mute=\"0\" data-youtube-id=\"Oz43sLaHHWk\" data-youtube-vpa=\"click\" data-youtube-hl=\"pt\" data-youtube-position=\"\"><\/span>\n\t\t\t\t<\/div>\n<\/p><\/div>\n<\/p><\/div>\n<\/p><\/div>\n<\/div>\n<p>\u00a0<\/p>\n","protected":false},"excerpt":{"rendered":"<p>A noite terminou com um gosto amargo para o Internacional. Jogando fora de casa, na Arena MRV, em Belo Horizonte, o time ga\u00facho foi derrotado pelo Atl\u00e9tico-MG por 2 a 0 em partida v\u00e1lida pelo Campeonato Brasileiro. O resultado foi constru\u00eddo ap\u00f3s um gol contra de Vit\u00e3o aos 30 minutos da primeira etapa. J\u00fanior Santos [&hellip;]<\/p>\n","protected":false},"author":38,"featured_media":1996,"comment_status":"open","ping_status":"open","sticky":false,"template":"","format":"standard","meta":{"site-sidebar-layout":"default","site-content-layout":"","ast-site-content-layout":"default","site-content-style":"default","site-sidebar-style":"default","ast-global-header-display":"","ast-banner-title-visibility":"","ast-main-header-display":"","ast-hfb-above-header-display":"","ast-hfb-below-header-display":"","ast-hfb-mobile-header-display":"","site-post-title":"","ast-breadcrumbs-content":"","ast-featured-img":"","footer-sml-layout":"","ast-disable-related-posts":"","theme-transparent-header-meta":"","adv-header-id-meta":"","stick-header-meta":"","header-above-stick-meta":"","header-main-stick-meta":"","header-below-stick-meta":"","astra-migrate-meta-layouts":"default","ast-page-background-enabled":"default","ast-page-background-meta":{"desktop":{"background-color":"var(--ast-global-color-4)","background-image":"","background-repeat":"repeat","background-position":"center center","background-size":"auto","background-attachment":"scroll","background-type":"","background-media":"","overlay-type":"","overlay-color":"","overlay-opacity":"","overlay-gradient":""},"tablet":{"background-color":"","background-image":"","background-repeat":"repeat","background-position":"center center","background-size":"auto","background-attachment":"scroll","background-type":"","background-media":"","overlay-type":"","overlay-color":"","overlay-opacity":"","overlay-gradient":""},"mobile":{"background-color":"","background-image":"","background-repeat":"repeat","background-position":"center center","background-size":"auto","background-attachment":"scroll","background-type":"","background-media":"","overlay-type":"","overlay-color":"","overlay-opacity":"","overlay-gradient":""}},"ast-content-background-meta":{"desktop":{"background-color":"var(--ast-global-color-5)","background-image":"","background-repeat":"repeat","background-position":"center center","background-size":"auto","background-attachment":"scroll","background-type":"","background-media":"","overlay-type":"","overlay-color":"","overlay-opacity":"","overlay-gradient":""},"tablet":{"background-color":"var(--ast-global-color-5)","background-image":"","background-repeat":"repeat","background-position":"center center","background-size":"auto","background-attachment":"scroll","background-type":"","background-media":"","overlay-type":"","overlay-color":"","overlay-opacity":"","overlay-gradient":""},"mobile":{"background-color":"var(--ast-global-color-5)","background-image":"","background-repeat":"repeat","background-position":"center center","background-size":"auto","background-attachment":"scroll","background-type":"","background-media":"","overlay-type":"","overlay-color":"","overlay-opacity":"","overlay-gradient":""}},"footnotes":""},"categories":[1],"tags":[],"class_list":["post-1995","post","type-post","status-publish","format-standard","has-post-thumbnail","hentry","category-sem-categoria"],"_links":{"self":[{"href":"https:\/\/vivanews.com.br\/index.php?rest_route=\/wp\/v2\/posts\/1995","targetHints":{"allow":["GET"]}}],"collection":[{"href":"https:\/\/vivanews.com.br\/index.php?rest_route=\/wp\/v2\/posts"}],"about":[{"href":"https:\/\/vivanews.com.br\/index.php?rest_route=\/wp\/v2\/types\/post"}],"author":[{"embeddable":true,"href":"https:\/\/vivanews.com.br\/index.php?rest_route=\/wp\/v2\/users\/38"}],"replies":[{"embeddable":true,"href":"https:\/\/vivanews.com.br\/index.php?rest_route=%2Fwp%2Fv2%2Fcomments&post=1995"}],"version-history":[{"count":0,"href":"https:\/\/vivanews.com.br\/index.php?rest_route=\/wp\/v2\/posts\/1995\/revisions"}],"wp:featuredmedia":[{"embeddable":true,"href":"https:\/\/vivanews.com.br\/index.php?rest_route=\/wp\/v2\/media\/1996"}],"wp:attachment":[{"href":"https:\/\/vivanews.com.br\/index.php?rest_route=%2Fwp%2Fv2%2Fmedia&parent=1995"}],"wp:term":[{"taxonomy":"category","embeddable":true,"href":"https:\/\/vivanews.com.br\/index.php?rest_route=%2Fwp%2Fv2%2Fcategories&post=1995"},{"taxonomy":"post_tag","embeddable":true,"href":"https:\/\/vivanews.com.br\/index.php?rest_route=%2Fwp%2Fv2%2Ftags&post=1995"}],"curies":[{"name":"wp","href":"https:\/\/api.w.org\/{rel}","templated":true}]}}