{"id":1999,"date":"2025-06-12T23:46:16","date_gmt":"2025-06-13T02:46:16","guid":{"rendered":"https:\/\/vivanews.com.br\/?p=1999"},"modified":"2025-06-12T23:46:16","modified_gmt":"2025-06-13T02:46:16","slug":"vale-tudo-acumula-temas-sociais-em-nova-versao-relembre-todos","status":"publish","type":"post","link":"https:\/\/vivanews.com.br\/?p=1999","title":{"rendered":"\u201cVale Tudo\u201d acumula temas sociais em nova vers\u00e3o; relembre todos"},"content":{"rendered":"<p>O remake de <strong>\u201cVale Tudo\u201d<\/strong>, adaptado por Manuela Dias, tem aprofundado em algumas temas sociais. Nos \u00faltimos dias, por exemplo, o personagem <strong>Poliana<\/strong> (Matheus Nachtergaele) se entendeu como <strong>assexual,<\/strong> diferente da vers\u00e3o original, em que a sexualidade n\u00e3o foi abordada.<\/p>\n<div class=\"custom__ad__element\"><\/div>\n<p>Nos cap\u00edtulos atuais, outro assunto que tem sido abordado \u00e9 o diagn\u00f3stico de<strong> s\u00edndrome de burnout<\/strong>, <a class=\"text-red-600 underline hover:text-red-500 font-medium break-words\" href=\"https:\/\/www.cnnbrasil.com.br\/saude\/sindrome-de-burnout-conheca-quais-sao-os-sintomas-e-como-tratar-o-quadro\/\" target=\"_blank\" rel=\"noopener noreferrer\">caracterizada por <\/a><strong><a class=\"text-red-600 underline hover:text-red-500 font-medium break-words\" href=\"https:\/\/www.cnnbrasil.com.br\/saude\/sindrome-de-burnout-conheca-quais-sao-os-sintomas-e-como-tratar-o-quadro\/\" target=\"_blank\" rel=\"noopener noreferrer\">estresse n\u00e3o gerenciado<\/a> e em excesso no ambiente de trabalho,<\/strong> do personagem Renato (Jo\u00e3o Vicente).<\/p>\n<aside class=\"read-too read-too--with-img\">\n<ul class=\"read-too__list\">\n<li class=\"read-too__list-item\">\n    <a class=\"read-too__link\" href=\"https:\/\/www.cnnbrasil.com.br\/entretenimento\/vale-tudo-saiba-como-raquel-descobre-que-fatima-roubou-os-dolares\/\" target=\"_self\">\n                    <picture class=\"read-too__picture\">\n                <img decoding=\"async\" class=\"read-too__img\" src=\"https:\/\/admin.cnnbrasil.com.br\/wp-content\/uploads\/sites\/12\/2025\/06\/vale-tudo-raquel-fica-furiosa-ao-descobrir-que-maria-de-fatima-roubou-os-dolares.jpg?w=200\" alt='\"Vale Tudo\": saiba como Raquel descobre que F\u00e1tima roubou os d\u00f3lares' title=\"\"Vale Tudo\": saiba como Raquel descobre que F\u00e1tima roubou os d\u00f3lares'\" loading=\"lazy\">\n            <\/picture>\n<h3 class=\"read-too__post-title\">&#8220;Vale Tudo&#8221;: saiba como Raquel descobre que F\u00e1tima roubou os d\u00f3lares<\/h3>\n<p>    <\/a>\n<\/li>\n<li class=\"read-too__list-item\">\n    <a class=\"read-too__link\" href=\"https:\/\/www.cnnbrasil.com.br\/entretenimento\/apos-vale-tudo-busca-por-assexual-cresce-mais-de-1000-em-24-horas\/\" target=\"_self\">\n                    <picture class=\"read-too__picture\">\n                <img decoding=\"async\" class=\"read-too__img\" src=\"https:\/\/admin.cnnbrasil.com.br\/wp-content\/uploads\/sites\/12\/2025\/06\/poliana_acda1c.jpg?w=200\" alt='Ap\u00f3s \"Vale Tudo\", busca por assexual cresce mais de 1000% em 24 horas' title=\"Ap\u00f3s \"Vale Tudo\", busca por assexual cresce mais de 1000% em 24 horas'\" loading=\"lazy\">\n            <\/picture>\n<h3 class=\"read-too__post-title\">Ap\u00f3s &#8220;Vale Tudo&#8221;, busca por assexual cresce mais de 1000% em 24 horas<\/h3>\n<p>    <\/a>\n<\/li>\n<li class=\"read-too__list-item\">\n    <a class=\"read-too__link\" href=\"https:\/\/www.cnnbrasil.com.br\/entretenimento\/leticia-vieira-sobre-contracenar-com-tais-araujo-em-vale-tudo-escola\/\" target=\"_self\">\n                    <picture class=\"read-too__picture\">\n                <img decoding=\"async\" class=\"read-too__img\" src=\"https:\/\/admin.cnnbrasil.com.br\/wp-content\/uploads\/sites\/12\/2025\/06\/1-gilda-e-raquel-em-vale-tudo-1-e1749662491501.avif?w=200\" alt='Let\u00edcia Vieira sobre contracenar com Ta\u00eds Ara\u00fajo em \"Vale Tudo\": \"Escola\"' title=\"Let\u00edcia Vieira sobre contracenar com Ta\u00eds Ara\u00fajo em \"Vale Tudo\": \"Escola\"'\" loading=\"lazy\">\n            <\/picture>\n<h3 class=\"read-too__post-title\">Let\u00edcia Vieira sobre contracenar com Ta\u00eds Ara\u00fajo em &#8220;Vale Tudo&#8221;: &#8220;Escola&#8221;<\/h3>\n<p>    <\/a>\n<\/li>\n<\/ul>\n<\/aside>\n<p>Na trama, outros assuntos como apostas, pens\u00e3o e beb\u00ea reborn j\u00e1 foram ou est\u00e3o sendo abordados.<\/p>\n<h2>Relembre temas sociais citados em \u201cVale Tudo\u201d:<\/h2>\n<h3>Tr\u00e1fico de animais<\/h3>\n<p>Na \u00faltima quarta-feira (11), o remake de \u201cVale Tudo\u201d fez um alerta para conscientizar o p\u00fablico sobre o tr\u00e1fico de animais. A trama mostrou alguns personagens acompanhando a soltura de bichos que estavam em cativeiros e conseguiram retornar ao seu habitat natural.<\/p>\n<p>Na cena, o fundador do Instituto Livre, Roched Seba fez a soltura em homenagem a Cec\u00edlia (Maeve Jinkings), filiada a ONG na fic\u00e7\u00e3o e que segue em coma ap\u00f3s sofrer um acidente.<\/p>\n<div class=\"custom__ad__element\"><\/div>\n<blockquote class=\"twitter-tweet\" data-media-max-width=\"560\">\n<p dir=\"ltr\" lang=\"pt\">Ai que coisa mais preciosa essa cena da La\u00eds, Sarita, Tiago e Marco Aur\u00e9lio fazendo a soltura dos animais com o Instituto Vida Livre em homenagem a Cec\u00edlia. Que trabalho lindo que eles fazem, foi muito emocionante. Viva nossos ativistas ambientais <img decoding=\"async\" src=\"https:\/\/s.w.org\/images\/core\/emoji\/15.0.3\/72x72\/1f49a.png\" alt=\"\ud83d\udc9a\" class=\"wp-smiley\"> <a href=\"https:\/\/twitter.com\/hashtag\/ValeTudo?src=hash&#038;ref_src=twsrc%5Etfw\">#ValeTudo<\/a> <a href=\"https:\/\/t.co\/9ZFi0UFZAr\">pic.twitter.com\/9ZFi0UFZAr<\/a><\/p>\n<p>\u2014 mariaclara (@bidenovela) <a href=\"https:\/\/twitter.com\/bidenovela\/status\/1932965426364915934?ref_src=twsrc%5Etfw\">June 12, 2025<\/a><\/p>\n<\/blockquote>\n<p><script async src=\"https:\/\/platform.twitter.com\/widgets.js\" charset=\"utf-8\"><\/script><\/p>\n<h3>Apostas<\/h3>\n<p>Em maio, a novela tamb\u00e9m abordou um tema que tem se tornado debate na web: as apostas online. O personagem Vasco (Thiago Martins) apareceu apostando em um cassino de jogos nas redes e posteriormente, se frustrou ao revelar que perdeu todo seu dinheiro do FGTS.<\/p>\n<h3>Pens\u00e3o<\/h3>\n<p>O mesmo personagem, interpretado por Thiago Martins, tem protagonizado outro tema social na novela. Isso porque a diarista Lucimar (Ingrid Gaigher) decide pedir pens\u00e3o aliment\u00edcia para o filho que teve com o porteiro ap\u00f3s oito anos.<\/p>\n<p>Sem se planejar para cumprir com o dever como pai, o personagem deixa de pagar o valor acordado pela Justi\u00e7a ap\u00f3s perder, por exemplo, em apostas em jogos onlien.\u00a0Vale lembrar que pens\u00e3o aliment\u00edcia \u00e9 uma obriga\u00e7\u00e3o prevista na legisla\u00e7\u00e3o brasileira.<\/p>\n<blockquote class=\"twitter-tweet\" data-media-max-width=\"560\">\n<p dir=\"ltr\" lang=\"pt\">Escuta o conselho do Jarbas, Vasco! Pensa com carinho sobre a pens\u00e3o <img decoding=\"async\" src=\"https:\/\/s.w.org\/images\/core\/emoji\/15.0.3\/72x72\/1f64f.png\" alt=\"\ud83d\ude4f\" class=\"wp-smiley\"> <a href=\"https:\/\/twitter.com\/hashtag\/ValeTudo?src=hash&#038;ref_src=twsrc%5Etfw\">#ValeTudo<\/a> <a href=\"https:\/\/t.co\/ZsIpx5Vpjd\">pic.twitter.com\/ZsIpx5Vpjd<\/a><\/p>\n<p>\u2014 TV Globo <img decoding=\"async\" src=\"https:\/\/s.w.org\/images\/core\/emoji\/15.0.3\/72x72\/1f4fa.png\" alt=\"\ud83d\udcfa\" class=\"wp-smiley\"> (@tvglobo) <a href=\"https:\/\/twitter.com\/tvglobo\/status\/1931511860190220603?ref_src=twsrc%5Etfw\">June 8, 2025<\/a><\/p>\n<\/blockquote>\n<p><script async src=\"https:\/\/platform.twitter.com\/widgets.js\" charset=\"utf-8\"><\/script><\/p>\n<h3>ESG (Environmental, Social, and Governance)<\/h3>\n<p>O conceito, que ainda n\u00e3o \u00e9 t\u00e3o popular, aborda crit\u00e9rios no meio corporativo de sustentabilidade ambiental, impacto social e boa governan\u00e7a corporativa. No remake, um personagem central passa a atuar como profissional da \u00e1rea.<\/p>\n<p>Com forma\u00e7\u00e3o internacional, Afonso Roitman (Humberto Carr\u00e3o) mostra seu engajamento com pautas de responsabilidade social na empresa da fam\u00edlia Roitman, promovendo debates e estimulando rela\u00e7\u00f5es mais humanas.<\/p>\n<blockquote class=\"twitter-tweet\" data-media-max-width=\"560\">\n<p dir=\"ltr\" lang=\"pt\">O Afonso Roitman pedindo demiss\u00e3o ap\u00f3s uma semana de trabalho. <img decoding=\"async\" src=\"https:\/\/s.w.org\/images\/core\/emoji\/15.0.3\/72x72\/1f5e3.png\" alt=\"\ud83d\udde3\" class=\"wp-smiley\"> <a href=\"https:\/\/twitter.com\/hashtag\/ValeTudo?src=hash&#038;ref_src=twsrc%5Etfw\">#ValeTudo<\/a> <a href=\"https:\/\/t.co\/G0ByFYE65R\">pic.twitter.com\/G0ByFYE65R<\/a><\/p>\n<p>\u2014 Central Reality (@centralreality) <a href=\"https:\/\/twitter.com\/centralreality\/status\/1924996766186807457?ref_src=twsrc%5Etfw\">May 21, 2025<\/a><\/p>\n<\/blockquote>\n<p><script async src=\"https:\/\/platform.twitter.com\/widgets.js\" charset=\"utf-8\"><\/script><\/p>\n<h3>Beb\u00ea reborn<\/h3>\n<p>A novela<strong>\u00a0\u201cVale Tudo\u201d <\/strong>introduziu as <a href=\"https:\/\/www.cnnbrasil.com.br\/entretenimento\/bebe-reborn-estreia-em-vale-tudo-e-web-reage-ao-momento-confira\/\">bonecas feitas \u00e0 m\u00e3o<\/a>\u00a0em sua hist\u00f3ria e ter\u00e1 Alde\u00edde (Karine Teles) como uma de suas maiores defensoras.<\/p>\n<p>Na trama, a irm\u00e3 de Poliana (Matheus Nachtergaele) <a class=\"text-red-600 underline hover:text-red-500 font-medium break-words\" href=\"https:\/\/www.cnnbrasil.com.br\/entretenimento\/bebe-reborn-em-vale-tudo-novela-ira-explorar-febre-da-vez\/\" target=\"_blank\" rel=\"noopener noreferrer\">cuidar\u00e1 do brinquedo<\/a>\u00a0como uma crian\u00e7a real, incluindo a compra de enxoval e roupas que combinem com o seu estilo monocrom\u00e1tico.<\/p>\n<blockquote class=\"twitter-tweet\" data-media-max-width=\"560\">\n<p dir=\"ltr\" lang=\"pt\">A pauta de beb\u00ea reborn chegou em <a href=\"https:\/\/twitter.com\/hashtag\/ValeTudo?src=hash&#038;ref_src=twsrc%5Etfw\">#ValeTudo<\/a>. <a href=\"https:\/\/t.co\/7i2QcNSIXa\">pic.twitter.com\/7i2QcNSIXa<\/a><\/p>\n<p>\u2014 eplay (@forumeplay) <a href=\"https:\/\/twitter.com\/forumeplay\/status\/1930068612611444840?ref_src=twsrc%5Etfw\">June 4, 2025<\/a><\/p>\n<\/blockquote>\n<p><script async src=\"https:\/\/platform.twitter.com\/widgets.js\" charset=\"utf-8\"><\/script><\/p>\n<h3>Lavagem de dinheiro<\/h3>\n<p>No in\u00edcio da trama, ap\u00f3s a morte do personagem Rubinho (J\u00falio Andrade), uma das tramas mais importantes da novela \u00e9 desencadeada: o sumi\u00e7o da mala de Marco Aur\u00e9lio (Alexandre Nero).<\/p>\n<p>Isso porque, os milh\u00f5es de d\u00f3lares acabam sendo desviados e v\u00e3o parar nas m\u00e3os de Maria de F\u00e1tima (Bella Campos). O valor foi desviado pelo empres\u00e1rio\u00a0da empresa TCA, comandada por\u00a0<strong>Odete Roitman<\/strong>\u00a0(<a class=\"text-red-600 underline hover:text-red-500 font-medium break-words\" href=\"https:\/\/www.cnnbrasil.com.br\/entretenimento\/tais-araujo-mostra-bastidores-do-encontro-de-odete-roitman-e-raquel\/\" target=\"_blank\" rel=\"noopener noreferrer\">Debora Bloch<\/a>), abordando a pr\u00e1tica de lavagem de dinheiro.<\/p>\n<blockquote class=\"twitter-tweet\" data-media-max-width=\"560\">\n<p dir=\"ltr\" lang=\"pt\">O que eu acho engra\u00e7ado, \u00e9 que o Marco Aur\u00e9lio \u00e9 rico e pra ele esses d\u00f3lares fazem a diferen\u00e7a, j\u00e1 a Maria de F\u00e1tima que \u00e9 pobre, acha os d\u00f3lares uma mixaria. Manuela Dias, voc\u00ea \u00e9 podre demais. Alexandre Nero dando um show de atua\u00e7\u00e3o sempre! <a href=\"https:\/\/twitter.com\/hashtag\/ValeTudo?src=hash&#038;ref_src=twsrc%5Etfw\">#ValeTudo<\/a> <a href=\"https:\/\/t.co\/g3VrFJC87S\">pic.twitter.com\/g3VrFJC87S<\/a><\/p>\n<p>\u2014 Radhassinho (@radhasso) <a href=\"https:\/\/twitter.com\/radhasso\/status\/1931521982438461593?ref_src=twsrc%5Etfw\">June 8, 2025<\/a><\/p>\n<\/blockquote>\n<p><script async src=\"https:\/\/platform.twitter.com\/widgets.js\" charset=\"utf-8\"><\/script><\/p>\n<h3>Orgasmo<\/h3>\n<p>No in\u00edcio de junho, em uma cena de Leila (Carolina Dieckmann) e Marco Aur\u00e9lio (Alexandre Nero), a personagem revelou que nunca teve um orgasmo na vida. A declara\u00e7\u00e3o surpreendeu o empres\u00e1rio, que tem investido em um s\u00e9rio romance com ela.<\/p>\n<h3>Assexuais<\/h3>\n<p>No cap\u00edtulo da novela\u00a0<strong>\u201cVale Tudo\u201d<\/strong>\u00a0da \u00faltima ter\u00e7a-feira (10), o personagem\u00a0<strong>Poliana,<\/strong>\u00a0interpretado por Matheus Nachtergaele, se entendeu como\u00a0assexual. Ap\u00f3s a cena, <a href=\"https:\/\/www.cnnbrasil.com.br\/entretenimento\/apos-vale-tudo-busca-por-assexual-cresce-mais-de-1000-em-24-horas\/\">as buscas pelo termo cresceram mais de\u00a01000%\u00a0na web<\/a>, segundo dados coletados pela\u00a0CNN\u00a0na plataforma\u00a0Google Trends.<\/p>\n<p>Embora o termo assexual seja confundido com assexuado, os significados s\u00e3o completamente diferentes. Assexuado descreve a falta de \u00f3rg\u00e3os sexuais ou caracter\u00edsticas sexuais primarias. Al\u00e9m de seres humanos, a defini\u00e7\u00e3o ainda se estende, por exemplo, a plantas ou animais, que n\u00e3o se reproduzem por meio da reprodu\u00e7\u00e3o sexual.<\/p>\n<blockquote class=\"twitter-tweet\" data-media-max-width=\"560\">\n<p dir=\"ltr\" lang=\"pt\"><a href=\"https:\/\/twitter.com\/hashtag\/ValeTudo?src=hash&#038;ref_src=twsrc%5Etfw\">#ValeTudo<\/a> j\u00e1 come\u00e7ou com Alde\u00edde descobrindo a assexualidade do Poliana <a href=\"https:\/\/t.co\/1s68EtgqfM\">pic.twitter.com\/1s68EtgqfM<\/a><\/p>\n<p>\u2014 Vale Tudo (@valetudo2025) <a href=\"https:\/\/twitter.com\/valetudo2025\/status\/1932585943648592153?ref_src=twsrc%5Etfw\">June 10, 2025<\/a><\/p>\n<\/blockquote>\n<p><script async src=\"https:\/\/platform.twitter.com\/widgets.js\" charset=\"utf-8\"><\/script><\/p>\n<h3>Burnout<\/h3>\n<p>Em cap\u00edtulos recentes da novela das 9, um tema que ganhou destaque foi o diagn\u00f3stico de s\u00edndrome de burnout do personagem Ricardo, interpretado por Jo\u00e3o Vicente. Tamb\u00e9m conhecida como a s\u00edndrome do esgotamento profissional.<\/p>\n<p>Com o ac\u00famulo de tarefas no trabalho, ele tem consumido altas doses de cafe\u00edna e outras medica\u00e7\u00f5es, o que o far\u00e1 sofrer um desmaio nos pr\u00f3ximos cap\u00edtulos nas depend\u00eancias da Tomorrow.<\/p>\n<blockquote class=\"twitter-tweet\" data-media-max-width=\"560\">\n<p dir=\"ltr\" lang=\"pt\">Fizeram uma cena do Renato trabalhando fora do hor\u00e1rio s\u00f3 para justificar o burnout que ele vai ter. <a href=\"https:\/\/twitter.com\/hashtag\/ValeTudo?src=hash&#038;ref_src=twsrc%5Etfw\">#ValeTudo<\/a> <a href=\"https:\/\/t.co\/0VVZRY5uv3\">pic.twitter.com\/0VVZRY5uv3<\/a><\/p>\n<p>\u2014 Lucas Pasin (@lucaspasin) <a href=\"https:\/\/twitter.com\/lucaspasin\/status\/1932957462031700155?ref_src=twsrc%5Etfw\">June 12, 2025<\/a><\/p>\n<\/blockquote>\n<p><script async src=\"https:\/\/platform.twitter.com\/widgets.js\" charset=\"utf-8\"><\/script><\/p>\n<blockquote class=\"wp-embedded-content\" data-secret=\"ygiWYFnCwU\">\n<p><a href=\"https:\/\/stories.cnnbrasil.com.br\/entretenimento\/paolla-oliveira-reage-apos-levar-nota-zero-por-heleninha-de-vale-tudo\/\">Paolla Oliveira reage ap\u00f3s levar nota zero por Heleninha de \u201cVale Tudo\u201d<\/a><\/p>\n<\/blockquote>\n<p><iframe class=\"wp-embedded-content\" sandbox=\"allow-scripts allow-same-origin\" security=\"restricted\" title=\"\u201cPaolla Oliveira reage ap\u00f3s levar nota zero por Heleninha de \u201cVale Tudo\u201d\u201d \u2014 Web Stories CNN Brasil\" data-src=\"https:\/\/stories.cnnbrasil.com.br\/entretenimento\/paolla-oliveira-reage-apos-levar-nota-zero-por-heleninha-de-vale-tudo\/embed\/#?secret=wPdYTCczFJ#?secret=ygiWYFnCwU\" data-secret=\"ygiWYFnCwU\" width=\"360\" height=\"600\" frameborder=\"0\" marginwidth=\"0\" marginheight=\"0\" scrolling=\"no\"><\/iframe><\/p>\n","protected":false},"excerpt":{"rendered":"<p>O remake de \u201cVale Tudo\u201d, adaptado por Manuela Dias, tem aprofundado em algumas temas sociais. Nos \u00faltimos dias, por exemplo, o personagem Poliana (Matheus Nachtergaele) se entendeu como assexual, diferente da vers\u00e3o original, em que a sexualidade n\u00e3o foi abordada. Nos cap\u00edtulos atuais, outro assunto que tem sido abordado \u00e9 o diagn\u00f3stico de s\u00edndrome de [&hellip;]<\/p>\n","protected":false},"author":31,"featured_media":2000,"comment_status":"open","ping_status":"open","sticky":false,"template":"","format":"standard","meta":{"site-sidebar-layout":"default","site-content-layout":"","ast-site-content-layout":"default","site-content-style":"default","site-sidebar-style":"default","ast-global-header-display":"","ast-banner-title-visibility":"","ast-main-header-display":"","ast-hfb-above-header-display":"","ast-hfb-below-header-display":"","ast-hfb-mobile-header-display":"","site-post-title":"","ast-breadcrumbs-content":"","ast-featured-img":"","footer-sml-layout":"","ast-disable-related-posts":"","theme-transparent-header-meta":"","adv-header-id-meta":"","stick-header-meta":"","header-above-stick-meta":"","header-main-stick-meta":"","header-below-stick-meta":"","astra-migrate-meta-layouts":"default","ast-page-background-enabled":"default","ast-page-background-meta":{"desktop":{"background-color":"var(--ast-global-color-4)","background-image":"","background-repeat":"repeat","background-position":"center center","background-size":"auto","background-attachment":"scroll","background-type":"","background-media":"","overlay-type":"","overlay-color":"","overlay-opacity":"","overlay-gradient":""},"tablet":{"background-color":"","background-image":"","background-repeat":"repeat","background-position":"center center","background-size":"auto","background-attachment":"scroll","background-type":"","background-media":"","overlay-type":"","overlay-color":"","overlay-opacity":"","overlay-gradient":""},"mobile":{"background-color":"","background-image":"","background-repeat":"repeat","background-position":"center center","background-size":"auto","background-attachment":"scroll","background-type":"","background-media":"","overlay-type":"","overlay-color":"","overlay-opacity":"","overlay-gradient":""}},"ast-content-background-meta":{"desktop":{"background-color":"var(--ast-global-color-5)","background-image":"","background-repeat":"repeat","background-position":"center center","background-size":"auto","background-attachment":"scroll","background-type":"","background-media":"","overlay-type":"","overlay-color":"","overlay-opacity":"","overlay-gradient":""},"tablet":{"background-color":"var(--ast-global-color-5)","background-image":"","background-repeat":"repeat","background-position":"center center","background-size":"auto","background-attachment":"scroll","background-type":"","background-media":"","overlay-type":"","overlay-color":"","overlay-opacity":"","overlay-gradient":""},"mobile":{"background-color":"var(--ast-global-color-5)","background-image":"","background-repeat":"repeat","background-position":"center center","background-size":"auto","background-attachment":"scroll","background-type":"","background-media":"","overlay-type":"","overlay-color":"","overlay-opacity":"","overlay-gradient":""}},"footnotes":""},"categories":[1],"tags":[],"class_list":["post-1999","post","type-post","status-publish","format-standard","has-post-thumbnail","hentry","category-sem-categoria"],"_links":{"self":[{"href":"https:\/\/vivanews.com.br\/index.php?rest_route=\/wp\/v2\/posts\/1999","targetHints":{"allow":["GET"]}}],"collection":[{"href":"https:\/\/vivanews.com.br\/index.php?rest_route=\/wp\/v2\/posts"}],"about":[{"href":"https:\/\/vivanews.com.br\/index.php?rest_route=\/wp\/v2\/types\/post"}],"author":[{"embeddable":true,"href":"https:\/\/vivanews.com.br\/index.php?rest_route=\/wp\/v2\/users\/31"}],"replies":[{"embeddable":true,"href":"https:\/\/vivanews.com.br\/index.php?rest_route=%2Fwp%2Fv2%2Fcomments&post=1999"}],"version-history":[{"count":0,"href":"https:\/\/vivanews.com.br\/index.php?rest_route=\/wp\/v2\/posts\/1999\/revisions"}],"wp:featuredmedia":[{"embeddable":true,"href":"https:\/\/vivanews.com.br\/index.php?rest_route=\/wp\/v2\/media\/2000"}],"wp:attachment":[{"href":"https:\/\/vivanews.com.br\/index.php?rest_route=%2Fwp%2Fv2%2Fmedia&parent=1999"}],"wp:term":[{"taxonomy":"category","embeddable":true,"href":"https:\/\/vivanews.com.br\/index.php?rest_route=%2Fwp%2Fv2%2Fcategories&post=1999"},{"taxonomy":"post_tag","embeddable":true,"href":"https:\/\/vivanews.com.br\/index.php?rest_route=%2Fwp%2Fv2%2Ftags&post=1999"}],"curies":[{"name":"wp","href":"https:\/\/api.w.org\/{rel}","templated":true}]}}