{"id":2003,"date":"2025-06-12T23:46:14","date_gmt":"2025-06-13T02:46:14","guid":{"rendered":"https:\/\/vivanews.com.br\/?p=2003"},"modified":"2025-06-12T23:46:14","modified_gmt":"2025-06-13T02:46:14","slug":"com-2026-em-vista-lula-e-pacheco-trocam-gentilezas-em-mg","status":"publish","type":"post","link":"https:\/\/vivanews.com.br\/?p=2003","title":{"rendered":"Com 2026 em vista, Lula e Pacheco trocam gentilezas em MG"},"content":{"rendered":"<p>O presidente da Rep\u00fablica, <strong>Luiz In\u00e1cio Lula da Silva<\/strong> (PT), anunciou nesta quinta-feira (12) investimentos em Mariana, no interior de Minas Gerais, e em Contagem, na Grande Belo Horizonte.<\/p>\n<div class=\"custom__ad__element\"><\/div>\n<p>Nas duas agendas, o senador <strong>Rodrigo Pacheco<\/strong> (PSD-MG) esteve presente. Em discursos, Lula aproveitou para reafirmar o desejo de ter o ex-presidente do Senado concorrendo ao <strong>governo de Minas Gerais<\/strong> em 2026<\/p>\n<p>Em Mariana, em cerim\u00f4nia para an\u00fancios relacionados ao novo acordo de repara\u00e7\u00e3o do rompimento da barragem da Samarco, Lula chegou a se referir ao aliado como \u201cfuturo governador\u201d.<\/p>\n<aside class=\"read-too read-too--with-img\">\n<h2 class=\"read-too__title\">Leia Mais<\/h2>\n<ul class=\"read-too__list\">\n<li class=\"read-too__list-item\">\n    <a class=\"read-too__link\" href=\"https:\/\/www.cnnbrasil.com.br\/politica\/dilma-condenacao-de-kirchner-e-mais-um-exemplo-de-perseguicao-politica\/\" target=\"_self\">\n                    <picture class=\"read-too__picture\">\n                <img decoding=\"async\" class=\"read-too__img\" src=\"https:\/\/admin.cnnbrasil.com.br\/wp-content\/uploads\/sites\/12\/2025\/06\/Dilma.jpg?w=200\" alt=\"Dilma: \u201cCondena\u00e7\u00e3o de Kirchner \u00e9 mais um exemplo de persegui\u00e7\u00e3o pol\u00edtica\u201d\" title=\"Dilma: \u201cCondena\u00e7\u00e3o de Kirchner \u00e9 mais um exemplo de persegui\u00e7\u00e3o pol\u00edtica\u201d'\" loading=\"lazy\">\n            <\/picture>\n<h3 class=\"read-too__post-title\">Dilma: \u201cCondena\u00e7\u00e3o de Kirchner \u00e9 mais um exemplo de persegui\u00e7\u00e3o pol\u00edtica\u201d<\/h3>\n<p>    <\/a>\n<\/li>\n<li class=\"read-too__list-item\">\n    <a class=\"read-too__link\" href=\"https:\/\/www.cnnbrasil.com.br\/politica\/ipsos-ipec-58-dizem-nao-confiar-em-lula-37-confiam\/\" target=\"_self\">\n                    <picture class=\"read-too__picture\">\n                <img decoding=\"async\" class=\"read-too__img\" src=\"https:\/\/admin.cnnbrasil.com.br\/wp-content\/uploads\/sites\/12\/Reuters_Direct_Media\/BrazilOnlineReportBusinessNews\/tagreuters.com2025binary_LYNXNPEL520Q0-BASEIMAGE.jpg?w=200\" alt=\"Ipsos-Ipec: 58% dizem n\u00e3o confiar em Lula; 37%, confiam\" title=\"Ipsos-Ipec: 58% dizem n\u00e3o confiar em Lula; 37%, confiam'\" loading=\"lazy\">\n            <\/picture>\n<h3 class=\"read-too__post-title\">Ipsos-Ipec: 58% dizem n\u00e3o confiar em Lula; 37%, confiam<\/h3>\n<p>    <\/a>\n<\/li>\n<li class=\"read-too__list-item\">\n    <a class=\"read-too__link\" href=\"https:\/\/www.cnnbrasil.com.br\/politica\/covardao-diz-lula-sobre-depoimento-de-bolsonaro-no-stf\/\" target=\"_self\">\n                    <picture class=\"read-too__picture\">\n                <img decoding=\"async\" class=\"read-too__img\" src=\"https:\/\/admin.cnnbrasil.com.br\/wp-content\/uploads\/sites\/12\/2025\/06\/LULA_12.06.2025.png?w=200\" alt='Lula sobre depoimento de Bolsonaro: \"Voc\u00eas viram a desfa\u00e7atez dele\"' title=\"Lula sobre depoimento de Bolsonaro: \"Voc\u00eas viram a desfa\u00e7atez dele\"'\" loading=\"lazy\">\n            <\/picture>\n<h3 class=\"read-too__post-title\">Lula sobre depoimento de Bolsonaro: &#8220;Voc\u00eas viram a desfa\u00e7atez dele&#8221;<\/h3>\n<p>    <\/a>\n<\/li>\n<\/ul>\n<\/aside>\n<p>\u201cFuturo governador, voc\u00ea acha normal a Petrobras entregar [o botij\u00e3o de g\u00e1s a] R$ 37 e eles chegarem aos consumidores a R$ 140?\u201d, indagou Lula, <a href=\"https:\/\/www.cnnbrasil.com.br\/politica\/lula-venda-br-distribuidora\/\" target=\"_blank\" rel=\"noopener\">em nova cr\u00edtica a pre\u00e7os praticados na cadeia de distribui\u00e7\u00e3o de combust\u00edveis<\/a>.<\/p>\n<p>Em Contagem, para a entrega de 318 m\u00e1quinas agr\u00edcolas pelo Programa Nacional de Moderniza\u00e7\u00e3o e Apoio \u00e0 Produ\u00e7\u00e3o Agr\u00edcola (Promaq), Lula enfatizou a amizade entre os dois.<\/p>\n<div class=\"custom__ad__element\"><\/div>\n<p>\u201cEu aprendi em uma rela\u00e7\u00e3o entre os Poderes brasileiros, respeitar, gostar e virar amigo do Pacheco. Entre n\u00f3s, n\u00e3o tem meias-palavras: a gente fala verdade um pro outro. \u00c9 importante ter consci\u00eancia que nossa rela\u00e7\u00e3o \u00e9 extraordin\u00e1ria. E voc\u00eas sabem o que eu queria que ele fosse\u201d declarou Lula, se referindo ao desejo de ter o senador no governo estadual.<\/p>\n<\/p>\n<div class=\"post__video\">\n<div class=\"cnn component-video has--live\">\n<div class=\"component-inner\">\n<div class=\"video-wrapper \">\n<div class=\"video-wrapper-inner\">\n<div class=\"overlay-wrapper\">\n\t\t\t\t\t\t<button class=\"video-button js-video-play active\" aria-label=\"Assista o v\u00eddeo An\u00e1lise: PP e Uni\u00e3o se afastam ainda mais de Lula | CNN NOVO DIA\" tabindex=\"0\"><br \/>\n\t\t\t\t\t\t\t<img decoding=\"async\" class=\"thumbnail-image\" src=\"https:\/\/img.youtube.com\/vi\/fnnjlQX4bCY\/sddefault.jpg\" srcset=\"https:\/\/img.youtube.com\/vi\/fnnjlQX4bCY\/default.jpg 120w,\n                    https:\/\/img.youtube.com\/vi\/fnnjlQX4bCY\/mqdefault.jpg 320w,\n                    https:\/\/img.youtube.com\/vi\/fnnjlQX4bCY\/hqdefault.jpg 480w,\n                    https:\/\/img.youtube.com\/vi\/fnnjlQX4bCY\/sddefault.jpg 640w,\n                    https:\/\/img.youtube.com\/vi\/fnnjlQX4bCY\/maxresdefault.jpg 1280w\" alt=\"An\u00e1lise: PP e Uni\u00e3o se afastam ainda mais de Lula | CNN NOVO DIA\"><\/p>\n<p>\t\t\t\t\t\t\t<span class=\"video-play-button\" aria-label=\"Bot\u00e3o play do v\u00eddeo An\u00e1lise: PP e Uni\u00e3o se afastam ainda mais de Lula | CNN NOVO DIA\"><\/span><\/p>\n<p>\t\t\t\t\t\t\t\t\t\t\t\t\t\t\t<span class=\"video-gradient\"><\/span><br \/>\n\t\t\t\t\t\t\t\t<span class=\"video-title\">An\u00e1lise: PP e Uni\u00e3o se afastam ainda mais de Lula | CNN NOVO DIA<\/span><br \/>\n\t\t\t\t\t\t\t\t\t\t\t\t\t<\/button>\n\t\t\t\t\t<\/div>\n<p>\t\t\t\t\t\t\t\t\t\t<span class=\"embedded-video video-player-wrapper\" data-youtube-plcmt=\"1\" data-youtube-vpmute=\"0\" data-youtube-width=\"640px\" data-youtube-height=\"480px\" data-youtube-ui=\"politica\" data-youtube-play=\"0\" data-youtube-mute=\"0\" data-youtube-id=\"fnnjlQX4bCY\" data-youtube-vpa=\"click\" data-youtube-hl=\"pt\" data-youtube-position=\"\"><\/span>\n\t\t\t\t<\/div>\n<\/p><\/div>\n<\/p><\/div>\n<\/p><\/div>\n<\/div>\n<p>Pacheco tamb\u00e9m aproveitou a cerim\u00f4nia para elogiar Lula e declarou que sentia \u201corgulho\u201d de ter feito parte da trajet\u00f3ria pol\u00edtica do presidente da Rep\u00fablica, com a assinatura do termo de posse que deu ao petista um terceiro mandato, quando presidente do Congresso.<\/p>\n<p>\u201cO presidente Lula \u00e9 o que mais se ocupou em defender as pessoas pobres e carentes desse pa\u00eds. Sou f\u00e3 dele n\u00e3o s\u00f3 pelo terceiro mandato, mas por ser algu\u00e9m muito especial. \u00c9 realmente, para n\u00f3s, um grande privil\u00e9gio ter participado de parte da trajet\u00f3ria pol\u00edtica de lula\u201d, declarou Pacheco.<\/p>\n<p>Ao final do evento na Grande BH, Lula chamou Pacheco de \u201cmaior personalidade de Minas Gerais\u201d e afirmou que \u201cchega uma hora que a gente n\u00e3o faz mais o que a gente quer\u201d, mas \u00e9 \u201cempurrado pela causa\u201d.<\/p>\n<p>\u201cSe eu tinha alguma d\u00favida de um cara que pode ser governador de Minas Gerais eu saio daqui com a certeza que j\u00e1 temos um governador para Minas Gerais\u201d, concluiu Lula.<\/p>\n<p>Eleito em 2018, Pacheco chega, em 2026, ao \u00faltimo ano de seu mandato de oito anos no Senado. Presidente da Casa entre 2021 e 2024, tamb\u00e9m foi deputado federal entre 2015 e 2018.<\/p>\n","protected":false},"excerpt":{"rendered":"<p>O presidente da Rep\u00fablica, Luiz In\u00e1cio Lula da Silva (PT), anunciou nesta quinta-feira (12) investimentos em Mariana, no interior de Minas Gerais, e em Contagem, na Grande Belo Horizonte. Nas duas agendas, o senador Rodrigo Pacheco (PSD-MG) esteve presente. Em discursos, Lula aproveitou para reafirmar o desejo de ter o ex-presidente do Senado concorrendo ao [&hellip;]<\/p>\n","protected":false},"author":40,"featured_media":2004,"comment_status":"open","ping_status":"open","sticky":false,"template":"","format":"standard","meta":{"site-sidebar-layout":"default","site-content-layout":"","ast-site-content-layout":"default","site-content-style":"default","site-sidebar-style":"default","ast-global-header-display":"","ast-banner-title-visibility":"","ast-main-header-display":"","ast-hfb-above-header-display":"","ast-hfb-below-header-display":"","ast-hfb-mobile-header-display":"","site-post-title":"","ast-breadcrumbs-content":"","ast-featured-img":"","footer-sml-layout":"","ast-disable-related-posts":"","theme-transparent-header-meta":"","adv-header-id-meta":"","stick-header-meta":"","header-above-stick-meta":"","header-main-stick-meta":"","header-below-stick-meta":"","astra-migrate-meta-layouts":"default","ast-page-background-enabled":"default","ast-page-background-meta":{"desktop":{"background-color":"var(--ast-global-color-4)","background-image":"","background-repeat":"repeat","background-position":"center center","background-size":"auto","background-attachment":"scroll","background-type":"","background-media":"","overlay-type":"","overlay-color":"","overlay-opacity":"","overlay-gradient":""},"tablet":{"background-color":"","background-image":"","background-repeat":"repeat","background-position":"center center","background-size":"auto","background-attachment":"scroll","background-type":"","background-media":"","overlay-type":"","overlay-color":"","overlay-opacity":"","overlay-gradient":""},"mobile":{"background-color":"","background-image":"","background-repeat":"repeat","background-position":"center center","background-size":"auto","background-attachment":"scroll","background-type":"","background-media":"","overlay-type":"","overlay-color":"","overlay-opacity":"","overlay-gradient":""}},"ast-content-background-meta":{"desktop":{"background-color":"var(--ast-global-color-5)","background-image":"","background-repeat":"repeat","background-position":"center center","background-size":"auto","background-attachment":"scroll","background-type":"","background-media":"","overlay-type":"","overlay-color":"","overlay-opacity":"","overlay-gradient":""},"tablet":{"background-color":"var(--ast-global-color-5)","background-image":"","background-repeat":"repeat","background-position":"center center","background-size":"auto","background-attachment":"scroll","background-type":"","background-media":"","overlay-type":"","overlay-color":"","overlay-opacity":"","overlay-gradient":""},"mobile":{"background-color":"var(--ast-global-color-5)","background-image":"","background-repeat":"repeat","background-position":"center center","background-size":"auto","background-attachment":"scroll","background-type":"","background-media":"","overlay-type":"","overlay-color":"","overlay-opacity":"","overlay-gradient":""}},"footnotes":""},"categories":[1],"tags":[],"class_list":["post-2003","post","type-post","status-publish","format-standard","has-post-thumbnail","hentry","category-sem-categoria"],"_links":{"self":[{"href":"https:\/\/vivanews.com.br\/index.php?rest_route=\/wp\/v2\/posts\/2003","targetHints":{"allow":["GET"]}}],"collection":[{"href":"https:\/\/vivanews.com.br\/index.php?rest_route=\/wp\/v2\/posts"}],"about":[{"href":"https:\/\/vivanews.com.br\/index.php?rest_route=\/wp\/v2\/types\/post"}],"author":[{"embeddable":true,"href":"https:\/\/vivanews.com.br\/index.php?rest_route=\/wp\/v2\/users\/40"}],"replies":[{"embeddable":true,"href":"https:\/\/vivanews.com.br\/index.php?rest_route=%2Fwp%2Fv2%2Fcomments&post=2003"}],"version-history":[{"count":0,"href":"https:\/\/vivanews.com.br\/index.php?rest_route=\/wp\/v2\/posts\/2003\/revisions"}],"wp:featuredmedia":[{"embeddable":true,"href":"https:\/\/vivanews.com.br\/index.php?rest_route=\/wp\/v2\/media\/2004"}],"wp:attachment":[{"href":"https:\/\/vivanews.com.br\/index.php?rest_route=%2Fwp%2Fv2%2Fmedia&parent=2003"}],"wp:term":[{"taxonomy":"category","embeddable":true,"href":"https:\/\/vivanews.com.br\/index.php?rest_route=%2Fwp%2Fv2%2Fcategories&post=2003"},{"taxonomy":"post_tag","embeddable":true,"href":"https:\/\/vivanews.com.br\/index.php?rest_route=%2Fwp%2Fv2%2Ftags&post=2003"}],"curies":[{"name":"wp","href":"https:\/\/api.w.org\/{rel}","templated":true}]}}