{"id":2071,"date":"2025-06-18T00:08:10","date_gmt":"2025-06-18T03:08:10","guid":{"rendered":"https:\/\/vivanews.com.br\/?p=2071"},"modified":"2025-06-18T00:08:10","modified_gmt":"2025-06-18T03:08:10","slug":"russia-diz-que-ataques-israelenses-ao-ira-sao-ilegais","status":"publish","type":"post","link":"https:\/\/vivanews.com.br\/?p=2071","title":{"rendered":"R\u00fassia diz que ataques israelenses ao Ir\u00e3 s\u00e3o ilegais"},"content":{"rendered":"<p>O minist\u00e9rio das Rela\u00e7\u00f5es Exteriores da R\u00fassia denunciou na ter\u00e7a-feira (17) os cont\u00ednuos ataques israelenses ao Ir\u00e3 como ilegais e afirmou que uma solu\u00e7\u00e3o para o conflito sobre o programa nuclear de Teer\u00e3 s\u00f3 poderia ser encontrada por meio da diplomacia.<\/p>\n<div class=\"custom__ad__element\"><\/div>\n<p>\u201cOs cont\u00ednuos ataques intensivos de Israel \u00e0s instala\u00e7\u00f5es nucleares pac\u00edficas do Ir\u00e3 s\u00e3o ilegais em termos do direito internacional e criam amea\u00e7as inaceit\u00e1veis \u200b\u200b\u00e0 seguran\u00e7a internacional, levando o mundo a uma cat\u00e1strofe nuclear\u2026\u201d, afirmou o minist\u00e9rio em um comunicado publicado no aplicativo de mensagens Telegram.<\/p>\n<p>O minist\u00e9rio afirmou que a condena\u00e7\u00e3o generalizada das a\u00e7\u00f5es israelenses demonstra que Israel encontrou apoio apenas \u201cdaqueles Estados que s\u00e3o de fato coparticipantes e agem por motivos oportunistas\u201d.<\/p>\n<aside class=\"read-too read-too--with-img\">\n<h2 class=\"read-too__title\">Leia mais<\/h2>\n<ul class=\"read-too__list\">\n<li class=\"read-too__list-item\">\n    <a class=\"read-too__link\" href=\"https:\/\/www.cnnbrasil.com.br\/internacional\/trump-esta-cada-vez-mais-inclinado-a-atacar-o-ira-dizem-fontes\/\" target=\"_self\">\n                    <picture class=\"read-too__picture\">\n                <img decoding=\"async\" class=\"read-too__img\" src=\"https:\/\/admin.cnnbrasil.com.br\/wp-content\/uploads\/sites\/12\/Reuters_Direct_Media\/BrazilOnlineReportWorldNews\/tagreuters.com2025binary_LYNXMPEL5C0XS-BASEIMAGE.jpg?w=200\" alt=\"Trump est\u00e1 cada vez mais inclinado a atacar o Ir\u00e3, dizem fontes\" title=\"Trump est\u00e1 cada vez mais inclinado a atacar o Ir\u00e3, dizem fontes'\" loading=\"lazy\">\n            <\/picture>\n<h3 class=\"read-too__post-title\">Trump est\u00e1 cada vez mais inclinado a atacar o Ir\u00e3, dizem fontes<\/h3>\n<p>    <\/a>\n<\/li>\n<li class=\"read-too__list-item\">\n    <a class=\"read-too__link\" href=\"https:\/\/www.cnnbrasil.com.br\/internacional\/lider-supremo-do-ira-alerta-comeca-a-batalha\/\" target=\"_self\">\n                    <picture class=\"read-too__picture\">\n                <img decoding=\"async\" class=\"read-too__img\" src=\"https:\/\/admin.cnnbrasil.com.br\/wp-content\/uploads\/sites\/12\/2025\/04\/2025-04-15T115233Z_1_LYNXMPEL3E0HI_RTROPTP_4_IRAN-NUCLEAR-USA.jpg?w=200\" alt='L\u00edder supremo do Ir\u00e3 alerta: \"Come\u00e7a a batalha\"' title=\"L\u00edder supremo do Ir\u00e3 alerta: \"Come\u00e7a a batalha\"'\" loading=\"lazy\">\n            <\/picture>\n<h3 class=\"read-too__post-title\">L\u00edder supremo do Ir\u00e3 alerta: &#8220;Come\u00e7a a batalha&#8221;<\/h3>\n<p>    <\/a>\n<\/li>\n<li class=\"read-too__list-item\">\n    <a class=\"read-too__link\" href=\"https:\/\/www.cnnbrasil.com.br\/internacional\/israel-lancou-guerra-cibernetica-generalizada-contra-ira-diz-agencia\/\" target=\"_self\">\n                    <picture class=\"read-too__picture\">\n                <img decoding=\"async\" class=\"read-too__img\" src=\"https:\/\/admin.cnnbrasil.com.br\/wp-content\/uploads\/sites\/12\/2025\/04\/hacker.jpg?w=200\" alt='Israel lan\u00e7ou \"guerra cibern\u00e9tica generalizada\" contra Ir\u00e3, diz ag\u00eancia' title=\"Israel lan\u00e7ou \"guerra cibern\u00e9tica generalizada\" contra Ir\u00e3, diz ag\u00eancia'\" loading=\"lazy\">\n            <\/picture>\n<h3 class=\"read-too__post-title\">Israel lan\u00e7ou &#8220;guerra cibern\u00e9tica generalizada&#8221; contra Ir\u00e3, diz ag\u00eancia<\/h3>\n<p>    <\/a>\n<\/li>\n<\/ul>\n<\/aside>\n<p>A pasta tamb\u00e9m observou as \u201cdeclara\u00e7\u00f5es claras do Ir\u00e3 sobre seu compromisso inalterado com as obriga\u00e7\u00f5es do tratado de n\u00e3o prolifera\u00e7\u00e3o nuclear e sua prontid\u00e3o para renovar contatos com os Estados Unidos para encontrar poss\u00edveis solu\u00e7\u00f5es\u201d, removendo todas as d\u00favidas sobre o <a href=\"https:\/\/www.cnnbrasil.com.br\/internacional\/presidente-do-ira-diz-que-pais-nao-busca-desenvolver-armas-nucleares\/\" target=\"_blank\" rel=\"noopener\">programa nuclear de Teer\u00e3<\/a>.<\/p>\n<p>\u201cMoscou apoia essa posi\u00e7\u00e3o e acredita firmemente que o acordo que est\u00e1 sendo buscado s\u00f3 pode ser alcan\u00e7ado de forma confi\u00e1vel por meio de diplomacia e negocia\u00e7\u00f5es\u201d, afirmou.<\/p>\n<div class=\"custom__ad__element\"><\/div>\n<p>O comunicado tamb\u00e9m afirmou que Moscou aguarda que a Ag\u00eancia Internacional de Energia At\u00f4mica (AIEA) forne\u00e7a \u201co mais breve poss\u00edvel um relat\u00f3rio detalhado por escrito\u2026 com uma avalia\u00e7\u00e3o objetiva e imparcial dos danos\u201d \u00e0s <a href=\"https:\/\/www.cnnbrasil.com.br\/internacional\/ataques-de-israel-atrasarao-programa-nuclear-do-ira-diz-netanyahu\/\" target=\"_blank\" rel=\"noopener\">instala\u00e7\u00f5es nucleares iranianas<\/a>.<\/p>\n<p><a href=\"https:\/\/www.cnnbrasil.com.br\/internacional\/russia-esta-pronta-para-mediar-conflito-entre-israel-e-ira-diz-kremlin\/\" target=\"_blank\" rel=\"noopener\">O Kremlin<\/a> afirmou na segunda-feira (16) que a R\u00fassia estava pronta para atuar como mediadora no conflito entre Israel e o Ir\u00e3, e que sua proposta anterior de armazenar ur\u00e2nio iraniano na R\u00fassia continuava em discuss\u00e3o.<\/p>\n","protected":false},"excerpt":{"rendered":"<p>O minist\u00e9rio das Rela\u00e7\u00f5es Exteriores da R\u00fassia denunciou na ter\u00e7a-feira (17) os cont\u00ednuos ataques israelenses ao Ir\u00e3 como ilegais e afirmou que uma solu\u00e7\u00e3o para o conflito sobre o programa nuclear de Teer\u00e3 s\u00f3 poderia ser encontrada por meio da diplomacia. \u201cOs cont\u00ednuos ataques intensivos de Israel \u00e0s instala\u00e7\u00f5es nucleares pac\u00edficas do Ir\u00e3 s\u00e3o ilegais [&hellip;]<\/p>\n","protected":false},"author":51,"featured_media":2072,"comment_status":"open","ping_status":"open","sticky":false,"template":"","format":"standard","meta":{"site-sidebar-layout":"default","site-content-layout":"","ast-site-content-layout":"default","site-content-style":"default","site-sidebar-style":"default","ast-global-header-display":"","ast-banner-title-visibility":"","ast-main-header-display":"","ast-hfb-above-header-display":"","ast-hfb-below-header-display":"","ast-hfb-mobile-header-display":"","site-post-title":"","ast-breadcrumbs-content":"","ast-featured-img":"","footer-sml-layout":"","ast-disable-related-posts":"","theme-transparent-header-meta":"","adv-header-id-meta":"","stick-header-meta":"","header-above-stick-meta":"","header-main-stick-meta":"","header-below-stick-meta":"","astra-migrate-meta-layouts":"default","ast-page-background-enabled":"default","ast-page-background-meta":{"desktop":{"background-color":"var(--ast-global-color-4)","background-image":"","background-repeat":"repeat","background-position":"center center","background-size":"auto","background-attachment":"scroll","background-type":"","background-media":"","overlay-type":"","overlay-color":"","overlay-opacity":"","overlay-gradient":""},"tablet":{"background-color":"","background-image":"","background-repeat":"repeat","background-position":"center center","background-size":"auto","background-attachment":"scroll","background-type":"","background-media":"","overlay-type":"","overlay-color":"","overlay-opacity":"","overlay-gradient":""},"mobile":{"background-color":"","background-image":"","background-repeat":"repeat","background-position":"center center","background-size":"auto","background-attachment":"scroll","background-type":"","background-media":"","overlay-type":"","overlay-color":"","overlay-opacity":"","overlay-gradient":""}},"ast-content-background-meta":{"desktop":{"background-color":"var(--ast-global-color-5)","background-image":"","background-repeat":"repeat","background-position":"center center","background-size":"auto","background-attachment":"scroll","background-type":"","background-media":"","overlay-type":"","overlay-color":"","overlay-opacity":"","overlay-gradient":""},"tablet":{"background-color":"var(--ast-global-color-5)","background-image":"","background-repeat":"repeat","background-position":"center center","background-size":"auto","background-attachment":"scroll","background-type":"","background-media":"","overlay-type":"","overlay-color":"","overlay-opacity":"","overlay-gradient":""},"mobile":{"background-color":"var(--ast-global-color-5)","background-image":"","background-repeat":"repeat","background-position":"center center","background-size":"auto","background-attachment":"scroll","background-type":"","background-media":"","overlay-type":"","overlay-color":"","overlay-opacity":"","overlay-gradient":""}},"footnotes":""},"categories":[1],"tags":[],"class_list":["post-2071","post","type-post","status-publish","format-standard","has-post-thumbnail","hentry","category-sem-categoria"],"_links":{"self":[{"href":"https:\/\/vivanews.com.br\/index.php?rest_route=\/wp\/v2\/posts\/2071","targetHints":{"allow":["GET"]}}],"collection":[{"href":"https:\/\/vivanews.com.br\/index.php?rest_route=\/wp\/v2\/posts"}],"about":[{"href":"https:\/\/vivanews.com.br\/index.php?rest_route=\/wp\/v2\/types\/post"}],"author":[{"embeddable":true,"href":"https:\/\/vivanews.com.br\/index.php?rest_route=\/wp\/v2\/users\/51"}],"replies":[{"embeddable":true,"href":"https:\/\/vivanews.com.br\/index.php?rest_route=%2Fwp%2Fv2%2Fcomments&post=2071"}],"version-history":[{"count":0,"href":"https:\/\/vivanews.com.br\/index.php?rest_route=\/wp\/v2\/posts\/2071\/revisions"}],"wp:featuredmedia":[{"embeddable":true,"href":"https:\/\/vivanews.com.br\/index.php?rest_route=\/wp\/v2\/media\/2072"}],"wp:attachment":[{"href":"https:\/\/vivanews.com.br\/index.php?rest_route=%2Fwp%2Fv2%2Fmedia&parent=2071"}],"wp:term":[{"taxonomy":"category","embeddable":true,"href":"https:\/\/vivanews.com.br\/index.php?rest_route=%2Fwp%2Fv2%2Fcategories&post=2071"},{"taxonomy":"post_tag","embeddable":true,"href":"https:\/\/vivanews.com.br\/index.php?rest_route=%2Fwp%2Fv2%2Ftags&post=2071"}],"curies":[{"name":"wp","href":"https:\/\/api.w.org\/{rel}","templated":true}]}}