{"id":2083,"date":"2025-06-18T00:10:12","date_gmt":"2025-06-18T03:10:12","guid":{"rendered":"https:\/\/vivanews.com.br\/?p=2083"},"modified":"2025-06-18T00:10:12","modified_gmt":"2025-06-18T03:10:12","slug":"filho-de-jason-momoa-entra-para-o-elenco-de-duna-messias-diz-site-2","status":"publish","type":"post","link":"https:\/\/vivanews.com.br\/?p=2083","title":{"rendered":"Filho de Jason Momoa entra para o elenco de \u201cDuna: Messias\u201d, diz site"},"content":{"rendered":"<p><strong>Nakoa-Wolf Momoa<\/strong>, 16, filho do astro Jason Momoa, 45, foi escalado para viver Leto II, o herdeiro de Paul Atreides (Timothee Chalamet) em<strong> \u201cDuna: Messias\u201d<\/strong>, terceiro filme da franquia.<\/p>\n<div class=\"custom__ad__element\"><\/div>\n<p>De acordo com o site Deadline, a atriz Ida Brooke (\u201cSilo\u201d) foi escalada para viver sua irm\u00e3 g\u00eamea, fruto do relacionamento de Atreides com Chani (Zendaya). O filme <strong>marcar\u00e1 a estreia de Nakoa-Wolf nas telonas<\/strong>, j\u00e1 que o mesmo nunca havia atuado anteriormente.<\/p>\n<aside class=\"read-too read-too--with-img\">\n<h2 class=\"read-too__title\">Leia mais:<\/h2>\n<ul class=\"read-too__list\">\n<li class=\"read-too__list-item\">\n    <a class=\"read-too__link\" href=\"https:\/\/www.cnnbrasil.com.br\/entretenimento\/durante-premiere-javier-bardem-explica-detalhe-em-roupa-genocidio-em-4k\/\" target=\"_self\">\n                    <picture class=\"read-too__picture\">\n                <img decoding=\"async\" class=\"read-too__img\" src=\"https:\/\/admin.cnnbrasil.com.br\/wp-content\/uploads\/sites\/12\/2025\/06\/Design-sem-nome-2025-06-16T222507.822.png?w=200\" alt='Durante premi\u00e8re, Javier Bardem explica detalhe em roupa: \"Genoc\u00eddio em 4K\"' title=\"Durante premi\u00e8re, Javier Bardem explica detalhe em roupa: \"Genoc\u00eddio em 4K\"'\" loading=\"lazy\">\n            <\/picture>\n<h3 class=\"read-too__post-title\">Durante premi\u00e8re, Javier Bardem explica detalhe em roupa: &#8220;Genoc\u00eddio em 4K&#8221;<\/h3>\n<p>    <\/a>\n<\/li>\n<li class=\"read-too__list-item\">\n    <a class=\"read-too__link\" href=\"https:\/\/www.cnnbrasil.com.br\/entretenimento\/veja-a-lista-completa-de-indicados-ao-critics-choice-super-awards-2025\/\" target=\"_self\">\n                    <picture class=\"read-too__picture\">\n                <img decoding=\"async\" class=\"read-too__img\" src=\"https:\/\/admin.cnnbrasil.com.br\/wp-content\/uploads\/sites\/12\/2025\/06\/Design-sem-nome-2025-06-11T155530.249.png?w=200\" alt=\"Veja a lista completa de indicados ao Critics Choice Super Awards 2025\" title=\"Veja a lista completa de indicados ao Critics Choice Super Awards 2025'\" loading=\"lazy\">\n            <\/picture>\n<h3 class=\"read-too__post-title\">Veja a lista completa de indicados ao Critics Choice Super Awards 2025<\/h3>\n<p>    <\/a>\n<\/li>\n<li class=\"read-too__list-item\">\n    <a class=\"read-too__link\" href=\"https:\/\/www.cnnbrasil.com.br\/entretenimento\/elenco-de-superman-recria-cena-iconica-de-o-diario-da-princesa-assista\/\" target=\"_self\">\n                    <picture class=\"read-too__picture\">\n                <img decoding=\"async\" class=\"read-too__img\" src=\"https:\/\/admin.cnnbrasil.com.br\/wp-content\/uploads\/sites\/12\/2025\/06\/Design-sem-nome-2025-06-17T223241.057.png?w=200\" alt='Elenco de \"Superman\" recria cena ic\u00f4nica de \"O Di\u00e1rio da Princesa\"; assista' title=\"Elenco de \"Superman\" recria cena ic\u00f4nica de \"O Di\u00e1rio da Princesa\"; assista'\" loading=\"lazy\">\n            <\/picture>\n<h3 class=\"read-too__post-title\">Elenco de &#8220;Superman&#8221; recria cena ic\u00f4nica de &#8220;O Di\u00e1rio da Princesa&#8221;; assista<\/h3>\n<p>    <\/a>\n<\/li>\n<\/ul>\n<\/aside>\n<p><strong>Estrelado por Timothee Chalamet<\/strong>, \u201cDuna\u201d conta a hist\u00f3ria do jovem Paul Atreides, herdeiro da Casa Atreides, que acaba deixando seu planeta natal para viver no \u00e1rido e severo planeta Arrakis. Ap\u00f3s in\u00fameros acontecimentos que destroem a fam\u00edlia do rapaz, ele se junta aos habitantes locais para tomar o planeta e enfrentar um governo tirano que deseja apenas extrair os recursos do planeta.<\/p>\n<p>Em \u201cDuna: Messias\u201d, a hist\u00f3ria se passar\u00e1<strong> cerca de 12 anos ap\u00f3s os eventos do primeiro filme<\/strong>, e ir\u00e1 abordar as consequ\u00eancias da alian\u00e7a com os Fremen ap\u00f3s Paul Atreides se tornar o Imperador Muad\u2019Dib, apelido dado pelo personagem Stilgar (Javier Bardem) ao jovem Paul Atreides no in\u00edcio de sua jornada.<\/p>\n<p>Jason Momoa, que vive o personagem Duncan Idaho,<strong> dever\u00e1 retornar para o terceiro filme da franquia<\/strong>.<\/p>\n<div class=\"custom__ad__element\"><\/div>\n<p class=\"my-5 break-words\">Al\u00e9m de Chalamet, nomes como\u00a0<a class=\"text-red-600 underline hover:text-red-500 font-medium break-words\" href=\"https:\/\/www.cnnbrasil.com.br\/entretenimento\/diretor-de-duna-elogia-cumplicidade-entre-timothee-chalamet-e-zendaya\/\" target=\"_blank\" rel=\"noopener noreferrer\"><strong>Zendaya<\/strong><\/a>,\u00a0<strong><a class=\"text-red-600 underline hover:text-red-500 font-medium break-words\" href=\"https:\/\/www.cnnbrasil.com.br\/entretenimento\/rebecca-ferguson-diz-que-se-recusou-a-atuar-com-colega-de-elenco-idiota\/\" target=\"_blank\" rel=\"noopener noreferrer\">Rebecca Ferguson<\/a><\/strong>,\u00a0<a class=\"text-red-600 underline hover:text-red-500 font-medium break-words\" href=\"https:\/\/www.cnnbrasil.com.br\/entretenimento\/austin-butler-afirma-ter-improvisado-cena-de-beijo-em-duna-parte-2\/\" target=\"_blank\" rel=\"noopener noreferrer\"><strong>Austin Butler<\/strong><\/a>,\u00a0<strong><a class=\"text-red-600 underline hover:text-red-500 font-medium break-words\" href=\"https:\/\/www.cnnbrasil.com.br\/entretenimento\/anya-taylor-joy-revela-estar-no-elenco-de-duna-parte-2-e-elogia-filme\/\" target=\"_blank\" rel=\"noopener noreferrer\">Anya Taylor-Joy<\/a><\/strong>,\u00a0<a class=\"text-red-600 underline hover:text-red-500 font-medium break-words\" href=\"https:\/\/www.cnnbrasil.com.br\/entretenimento\/destaque-em-duna-2-javir-barden-diz-ter-feito-filme-para-seu-filho\/\" target=\"_blank\" rel=\"noopener noreferrer\"><strong>Javier Bardem<\/strong><\/a>\u00a0e\u00a0<strong><a class=\"text-red-600 underline hover:text-red-500 font-medium break-words\" href=\"https:\/\/www.cnnbrasil.com.br\/entretenimento\/doloroso-mas-valeu-a-pena-diz-ator-sobre-caracterizacao-para-duna-parte-2\/\" target=\"_blank\" rel=\"noopener noreferrer\">Stellan Skarsg\u00e5rd<\/a>\u00a0<\/strong>est\u00e3o no elenco.<\/p>\n<p>Os t\u00edtulos s\u00e3o baseados na saga liter\u00e1ria de <strong>Frank Herbert<\/strong>, composta por seis livros. O primeiro livro j\u00e1 foi adaptado para o cinema antes, em 1984, por David Lych.<\/p>\n<p>Por enquanto, \u201cDuna: Messias\u201d tem data de <strong>estreia prevista para 18 de dezembro de 2026<\/strong>.<\/p>\n<blockquote class=\"wp-embedded-content\" data-secret=\"RjFWF45n18\">\n<p><a href=\"https:\/\/stories.cnnbrasil.com.br\/entretenimento\/o-messias-de-duna-anya-taylor-joy-confirma-participacao-no-filme\/\">\u201cO Messias de Duna\u201d: Anya-Taylor Joy confirma participa\u00e7\u00e3o no filme<\/a><\/p>\n<\/blockquote>\n<p><iframe loading=\"lazy\" class=\"wp-embedded-content\" sandbox=\"allow-scripts allow-same-origin\" security=\"restricted\" title=\"\u201c\u201cO Messias de Duna\u201d: Anya-Taylor Joy confirma participa\u00e7\u00e3o no filme\u201d \u2014 Web Stories CNN Brasil\" data-src=\"https:\/\/stories.cnnbrasil.com.br\/entretenimento\/o-messias-de-duna-anya-taylor-joy-confirma-participacao-no-filme\/embed\/#?secret=Ny6Sa6M22z#?secret=RjFWF45n18\" data-secret=\"RjFWF45n18\" width=\"360\" height=\"600\" frameborder=\"0\" marginwidth=\"0\" marginheight=\"0\" scrolling=\"no\"><\/iframe><\/p>\n","protected":false},"excerpt":{"rendered":"<p>Nakoa-Wolf Momoa, 16, filho do astro Jason Momoa, 45, foi escalado para viver Leto II, o herdeiro de Paul Atreides (Timothee Chalamet) em \u201cDuna: Messias\u201d, terceiro filme da franquia. De acordo com o site Deadline, a atriz Ida Brooke (\u201cSilo\u201d) foi escalada para viver sua irm\u00e3 g\u00eamea, fruto do relacionamento de Atreides com Chani (Zendaya). [&hellip;]<\/p>\n","protected":false},"author":28,"featured_media":2084,"comment_status":"open","ping_status":"open","sticky":false,"template":"","format":"standard","meta":{"site-sidebar-layout":"default","site-content-layout":"","ast-site-content-layout":"default","site-content-style":"default","site-sidebar-style":"default","ast-global-header-display":"","ast-banner-title-visibility":"","ast-main-header-display":"","ast-hfb-above-header-display":"","ast-hfb-below-header-display":"","ast-hfb-mobile-header-display":"","site-post-title":"","ast-breadcrumbs-content":"","ast-featured-img":"","footer-sml-layout":"","ast-disable-related-posts":"","theme-transparent-header-meta":"","adv-header-id-meta":"","stick-header-meta":"","header-above-stick-meta":"","header-main-stick-meta":"","header-below-stick-meta":"","astra-migrate-meta-layouts":"default","ast-page-background-enabled":"default","ast-page-background-meta":{"desktop":{"background-color":"var(--ast-global-color-4)","background-image":"","background-repeat":"repeat","background-position":"center center","background-size":"auto","background-attachment":"scroll","background-type":"","background-media":"","overlay-type":"","overlay-color":"","overlay-opacity":"","overlay-gradient":""},"tablet":{"background-color":"","background-image":"","background-repeat":"repeat","background-position":"center center","background-size":"auto","background-attachment":"scroll","background-type":"","background-media":"","overlay-type":"","overlay-color":"","overlay-opacity":"","overlay-gradient":""},"mobile":{"background-color":"","background-image":"","background-repeat":"repeat","background-position":"center center","background-size":"auto","background-attachment":"scroll","background-type":"","background-media":"","overlay-type":"","overlay-color":"","overlay-opacity":"","overlay-gradient":""}},"ast-content-background-meta":{"desktop":{"background-color":"var(--ast-global-color-5)","background-image":"","background-repeat":"repeat","background-position":"center center","background-size":"auto","background-attachment":"scroll","background-type":"","background-media":"","overlay-type":"","overlay-color":"","overlay-opacity":"","overlay-gradient":""},"tablet":{"background-color":"var(--ast-global-color-5)","background-image":"","background-repeat":"repeat","background-position":"center center","background-size":"auto","background-attachment":"scroll","background-type":"","background-media":"","overlay-type":"","overlay-color":"","overlay-opacity":"","overlay-gradient":""},"mobile":{"background-color":"var(--ast-global-color-5)","background-image":"","background-repeat":"repeat","background-position":"center center","background-size":"auto","background-attachment":"scroll","background-type":"","background-media":"","overlay-type":"","overlay-color":"","overlay-opacity":"","overlay-gradient":""}},"footnotes":""},"categories":[1],"tags":[],"class_list":["post-2083","post","type-post","status-publish","format-standard","has-post-thumbnail","hentry","category-sem-categoria"],"_links":{"self":[{"href":"https:\/\/vivanews.com.br\/index.php?rest_route=\/wp\/v2\/posts\/2083","targetHints":{"allow":["GET"]}}],"collection":[{"href":"https:\/\/vivanews.com.br\/index.php?rest_route=\/wp\/v2\/posts"}],"about":[{"href":"https:\/\/vivanews.com.br\/index.php?rest_route=\/wp\/v2\/types\/post"}],"author":[{"embeddable":true,"href":"https:\/\/vivanews.com.br\/index.php?rest_route=\/wp\/v2\/users\/28"}],"replies":[{"embeddable":true,"href":"https:\/\/vivanews.com.br\/index.php?rest_route=%2Fwp%2Fv2%2Fcomments&post=2083"}],"version-history":[{"count":0,"href":"https:\/\/vivanews.com.br\/index.php?rest_route=\/wp\/v2\/posts\/2083\/revisions"}],"wp:featuredmedia":[{"embeddable":true,"href":"https:\/\/vivanews.com.br\/index.php?rest_route=\/wp\/v2\/media\/2084"}],"wp:attachment":[{"href":"https:\/\/vivanews.com.br\/index.php?rest_route=%2Fwp%2Fv2%2Fmedia&parent=2083"}],"wp:term":[{"taxonomy":"category","embeddable":true,"href":"https:\/\/vivanews.com.br\/index.php?rest_route=%2Fwp%2Fv2%2Fcategories&post=2083"},{"taxonomy":"post_tag","embeddable":true,"href":"https:\/\/vivanews.com.br\/index.php?rest_route=%2Fwp%2Fv2%2Ftags&post=2083"}],"curies":[{"name":"wp","href":"https:\/\/api.w.org\/{rel}","templated":true}]}}