{"id":2085,"date":"2025-06-18T00:10:11","date_gmt":"2025-06-18T03:10:11","guid":{"rendered":"https:\/\/vivanews.com.br\/?p=2085"},"modified":"2025-06-18T00:10:11","modified_gmt":"2025-06-18T03:10:11","slug":"maira-cardi-impoe-condicao-para-visitas-a-cacula-entenda","status":"publish","type":"post","link":"https:\/\/vivanews.com.br\/?p=2085","title":{"rendered":"Ma\u00edra Cardi imp\u00f5e condi\u00e7\u00e3o para visitas \u00e0 ca\u00e7ula; entenda"},"content":{"rendered":"<p>A influenciadora\u00a0<strong>Ma\u00edra Cardi<\/strong>, 41, gr\u00e1vida de seu terceiro filho \u2014 o primeiro com o marido, o empreendedor\u00a0<strong>Thiago Nigro<\/strong>, 34 \u2014\u00a0 contou nesta ter\u00e7a-feira (17) que definiu uma <strong>condi\u00e7\u00e3o<\/strong> para as visitas \u00e0 ca\u00e7ula.<\/p>\n<div class=\"custom__ad__element\"><\/div>\n<p>Em uma nova publica\u00e7\u00e3o nas redes sociais, ela revelou que os <strong>familiares que pretendem ver a beb\u00ea dever\u00e3o estar imunizados com a vacina dTpa<\/strong>, que previne contra difteria, t\u00e9tano e coqueluche.<\/p>\n<aside class=\"read-too read-too--with-img\">\n<ul class=\"read-too__list\">\n<li class=\"read-too__list-item\">\n    <a class=\"read-too__link\" href=\"https:\/\/www.cnnbrasil.com.br\/entretenimento\/maira-cardi-admite-medo-ao-explicar-riscos-da-gravidez-angustia\/\" target=\"_self\">\n                    <picture class=\"read-too__picture\">\n                <img decoding=\"async\" class=\"read-too__img\" src=\"https:\/\/admin.cnnbrasil.com.br\/wp-content\/uploads\/sites\/12\/2025\/05\/maira-cardi.jpg?w=200\" alt='Ma\u00edra Cardi admite medo ao explicar riscos da gravidez: \"Ang\u00fastia\"' title=\"Ma\u00edra Cardi admite medo ao explicar riscos da gravidez: \"Ang\u00fastia\"'\" loading=\"lazy\">\n            <\/picture>\n<h3 class=\"read-too__post-title\">Ma\u00edra Cardi admite medo ao explicar riscos da gravidez: &#8220;Ang\u00fastia&#8221;<\/h3>\n<p>    <\/a>\n<\/li>\n<li class=\"read-too__list-item\">\n    <a class=\"read-too__link\" href=\"https:\/\/www.cnnbrasil.com.br\/entretenimento\/gravida-maira-cardi-sobre-trombofilia-nem-todos-os-dias-sao-faceis\/\" target=\"_self\">\n                    <picture class=\"read-too__picture\">\n                <img decoding=\"async\" class=\"read-too__img\" src=\"https:\/\/admin.cnnbrasil.com.br\/wp-content\/uploads\/sites\/12\/2025\/05\/maira-cardi.png?w=200\" alt='Gr\u00e1vida, Ma\u00edra Cardi sobre trombofilia: \"Nem todos os dias s\u00e3o f\u00e1ceis\"' title=\"Gr\u00e1vida, Ma\u00edra Cardi sobre trombofilia: \"Nem todos os dias s\u00e3o f\u00e1ceis\"'\" loading=\"lazy\">\n            <\/picture>\n<h3 class=\"read-too__post-title\">Gr\u00e1vida, Ma\u00edra Cardi sobre trombofilia: &#8220;Nem todos os dias s\u00e3o f\u00e1ceis&#8221;<\/h3>\n<p>    <\/a>\n<\/li>\n<li class=\"read-too__list-item\">\n    <a class=\"read-too__link\" href=\"https:\/\/www.cnnbrasil.com.br\/entretenimento\/maira-cardi-e-thiago-nigro-revelam-sexo-do-bebe-veja\/\" target=\"_self\">\n                    <picture class=\"read-too__picture\">\n                <img decoding=\"async\" class=\"read-too__img\" src=\"https:\/\/admin.cnnbrasil.com.br\/wp-content\/uploads\/sites\/12\/2025\/05\/maira-cardi-sexo-bebe.png?w=200\" alt=\"Ma\u00edra Cardi e Thiago Nigro revelam sexo do beb\u00ea; veja\" title=\"Ma\u00edra Cardi e Thiago Nigro revelam sexo do beb\u00ea; veja'\" loading=\"lazy\">\n            <\/picture>\n<h3 class=\"read-too__post-title\">Ma\u00edra Cardi e Thiago Nigro revelam sexo do beb\u00ea; veja<\/h3>\n<p>    <\/a>\n<\/li>\n<\/ul>\n<\/aside>\n<p>\u201cEstrat\u00e9gia casulo. Voc\u00ea protege todo mundo que vai ter contato com o beb\u00ea e vai ser cuidador, toma o refor\u00e7o da dTpa, que \u00e9 contra difteria, t\u00e9tano e coqueluche, para evitar coqueluche neonatal, que \u00e9 uma coisa grave\u201d, explicou o m\u00e9dico respons\u00e1vel pelo exame ao qual ela foi submetida.<\/p>\n<p>\u201cOu seja, a galera que vai ter contato nesses tr\u00eas primeiros meses tem que se vacinar\u201d, acrescentou <a href=\"https:\/\/www.cnnbrasil.com.br\/entretenimento\/maira-cardi-admite-medo-ao-explicar-riscos-da-gravidez-angustia\/\">Ma\u00edra Cardi<\/a>.<\/p>\n<p>Thiago Nigro ent\u00e3o comentou:\u00a0\u201cA galera criou uma expectativa que todo mundo vai querer ver nossa filha quando nascer. Eu deixaria s\u00f3 para deixar claro. Ent\u00e3o a Ma\u00edra que \u00e9 a carrasca, t\u00e1 bom, fam\u00edlia\u201d.<\/p>\n<div class=\"custom__ad__element\"><\/div>\n<p>\u201cVai visitar s\u00f3 minha sogra, meu sogro, parentes pr\u00f3ximos e vacinados. E na porta, se n\u00e3o mostrar a vacina com 20 dias de anteced\u00eancia, n\u00e3o vai visitar. Pode ser o papa\u201d, disse Ma\u00edra.<\/p>\n<p>O empres\u00e1rio seguiu com algumas d\u00favidas sobre o assunto e questionou: \u201cEnt\u00e3o quem quiser ver tem que tomar a vacina e esperar 20 dias e a\u00ed pode ver \u00e0 vontade?\u201d.<\/p>\n<p>O m\u00e9dico respondeu esclarecendo: \u201cNa verdade, pode tomar at\u00e9 antes, dois a tr\u00eas meses antes pode tomar o refor\u00e7o\u201d. Em seguida, o empres\u00e1rio brincou avisando a fam\u00edlia que vai mandar a carteirinha para todos se vacinarem.<\/p>\n<p>O <strong>casal espera uma menina<\/strong>, mas ainda n\u00e3o decidiu o nome da beb\u00ea.<\/p>\n<p class=\"my-5 break-words\">No in\u00edcio deste ano, a influenciadora contou que<a class=\"text-red-600 underline hover:text-red-500 font-medium break-words\" href=\"https:\/\/www.cnnbrasil.com.br\/entretenimento\/maira-cardi-anuncia-que-perdeu-o-bebe-vazio-que-nao-se-explica\/#:~:text=Quando%20a%20influenciadora%20dividiu%20com,glorificar%20e%20honrar%20a%20Deus!\" target=\"_blank\" rel=\"noopener noreferrer\">\u00a0havia perdido um beb\u00ea que esperava<\/a>. Em uma publica\u00e7\u00e3o, ela disse que estava tendo sangramento por alguns dias e, quando foi fazer um exame, descobriu que o nen\u00e9m j\u00e1 n\u00e3o tinha mais batimentos card\u00edacos.<\/p>\n<p class=\"my-5 break-words\">Ma\u00edra Cardi j\u00e1 \u00e9 m\u00e3e de Sophia, com o ator\u00a0<strong>Arthur Aguiar<\/strong>, 35, e\u00a0<strong>Lucas<\/strong>, 24, da antiga rela\u00e7\u00e3o com o empres\u00e1rio\u00a0<strong>Nelson Rangel<\/strong>.<\/p>\n<p><strong>Confira:<\/strong><\/p>\n<blockquote class=\"tiktok-embed\" cite=\"https:\/\/www.tiktok.com\/@cardinigro\/video\/7516924843552509189\" data-video-id=\"7516924843552509189\">\n<section><a title=\"@cardinigro\" href=\"https:\/\/www.tiktok.com\/@cardinigro?refer=embed\" target=\"_blank\" rel=\"noopener\">@cardinigro<\/a> Dia de consulta e atualiza\u00e7\u00f5es da nossa bolota! <a title=\"mairacardi\" href=\"https:\/\/www.tiktok.com\/tag\/mairacardi?refer=embed\" target=\"_blank\" rel=\"noopener\">#MairaCardi<\/a> <a title=\"cardinigro\" href=\"https:\/\/www.tiktok.com\/tag\/cardinigro?refer=embed\" target=\"_blank\" rel=\"noopener\">#CardiNigro<\/a> <a title=\"thiagonigro\" href=\"https:\/\/www.tiktok.com\/tag\/thiagonigro?refer=embed\" target=\"_blank\" rel=\"noopener\">#ThiagoNigro<\/a> <a title=\"gravidez\" href=\"https:\/\/www.tiktok.com\/tag\/gravidez?refer=embed\" target=\"_blank\" rel=\"noopener\">#Gravidez<\/a> <a title=\"gesta\u00e7\u00e3o\" href=\"https:\/\/www.tiktok.com\/tag\/gesta%C3%A7%C3%A3o?refer=embed\" target=\"_blank\" rel=\"noopener\">#Gesta\u00e7\u00e3o<\/a> <a title=\"gestante\" href=\"https:\/\/www.tiktok.com\/tag\/gestante?refer=embed\" target=\"_blank\" rel=\"noopener\">#Gestante<\/a> <a title=\"baby\" href=\"https:\/\/www.tiktok.com\/tag\/baby?refer=embed\" target=\"_blank\" rel=\"noopener\">#Baby<\/a> <a title=\"bebe\" href=\"https:\/\/www.tiktok.com\/tag\/bebe?refer=embed\" target=\"_blank\" rel=\"noopener\">#bebe<\/a> <a title=\"maternidade\" href=\"https:\/\/www.tiktok.com\/tag\/maternidade?refer=embed\" target=\"_blank\" rel=\"noopener\">#maternidade<\/a> <a title=\"paternidade\" href=\"https:\/\/www.tiktok.com\/tag\/paternidade?refer=embed\" target=\"_blank\" rel=\"noopener\">#paternidade<\/a> <a title=\"\u266c som original - Cardi Nigro\" href=\"https:\/\/www.tiktok.com\/music\/som-original-7516925023874599686?refer=embed\" target=\"_blank\" rel=\"noopener\">\u266c som original \u2013 Cardi Nigro<\/a><\/section>\n<\/blockquote>\n<p><script async src=\"https:\/\/www.tiktok.com\/embed.js\"><\/script><\/p>\n<blockquote class=\"wp-embedded-content\" data-secret=\"gR94ipMFhu\">\n<p><a href=\"https:\/\/stories.cnnbrasil.com.br\/entretenimento\/maira-cardi-relata-ciumes-de-filha-durante-gravidez-tentamos-incluir\/\">Ma\u00edra Cardi relata ci\u00fames de filha durante gravidez: Tentamos incluir<\/a><\/p>\n<\/blockquote>\n<p><iframe loading=\"lazy\" class=\"wp-embedded-content\" sandbox=\"allow-scripts allow-same-origin\" security=\"restricted\" title=\"\u201cMa\u00edra Cardi relata ci\u00fames de filha durante gravidez: Tentamos incluir\u201d \u2014 Web Stories CNN Brasil\" data-src=\"https:\/\/stories.cnnbrasil.com.br\/entretenimento\/maira-cardi-relata-ciumes-de-filha-durante-gravidez-tentamos-incluir\/embed\/#?secret=IN8E9LlcOQ#?secret=gR94ipMFhu\" data-secret=\"gR94ipMFhu\" width=\"360\" height=\"600\" frameborder=\"0\" marginwidth=\"0\" marginheight=\"0\" scrolling=\"no\"><\/iframe><\/p>\n","protected":false},"excerpt":{"rendered":"<p>A influenciadora\u00a0Ma\u00edra Cardi, 41, gr\u00e1vida de seu terceiro filho \u2014 o primeiro com o marido, o empreendedor\u00a0Thiago Nigro, 34 \u2014\u00a0 contou nesta ter\u00e7a-feira (17) que definiu uma condi\u00e7\u00e3o para as visitas \u00e0 ca\u00e7ula. Em uma nova publica\u00e7\u00e3o nas redes sociais, ela revelou que os familiares que pretendem ver a beb\u00ea dever\u00e3o estar imunizados com a [&hellip;]<\/p>\n","protected":false},"author":31,"featured_media":2086,"comment_status":"open","ping_status":"open","sticky":false,"template":"","format":"standard","meta":{"site-sidebar-layout":"default","site-content-layout":"","ast-site-content-layout":"default","site-content-style":"default","site-sidebar-style":"default","ast-global-header-display":"","ast-banner-title-visibility":"","ast-main-header-display":"","ast-hfb-above-header-display":"","ast-hfb-below-header-display":"","ast-hfb-mobile-header-display":"","site-post-title":"","ast-breadcrumbs-content":"","ast-featured-img":"","footer-sml-layout":"","ast-disable-related-posts":"","theme-transparent-header-meta":"","adv-header-id-meta":"","stick-header-meta":"","header-above-stick-meta":"","header-main-stick-meta":"","header-below-stick-meta":"","astra-migrate-meta-layouts":"default","ast-page-background-enabled":"default","ast-page-background-meta":{"desktop":{"background-color":"var(--ast-global-color-4)","background-image":"","background-repeat":"repeat","background-position":"center center","background-size":"auto","background-attachment":"scroll","background-type":"","background-media":"","overlay-type":"","overlay-color":"","overlay-opacity":"","overlay-gradient":""},"tablet":{"background-color":"","background-image":"","background-repeat":"repeat","background-position":"center center","background-size":"auto","background-attachment":"scroll","background-type":"","background-media":"","overlay-type":"","overlay-color":"","overlay-opacity":"","overlay-gradient":""},"mobile":{"background-color":"","background-image":"","background-repeat":"repeat","background-position":"center center","background-size":"auto","background-attachment":"scroll","background-type":"","background-media":"","overlay-type":"","overlay-color":"","overlay-opacity":"","overlay-gradient":""}},"ast-content-background-meta":{"desktop":{"background-color":"var(--ast-global-color-5)","background-image":"","background-repeat":"repeat","background-position":"center center","background-size":"auto","background-attachment":"scroll","background-type":"","background-media":"","overlay-type":"","overlay-color":"","overlay-opacity":"","overlay-gradient":""},"tablet":{"background-color":"var(--ast-global-color-5)","background-image":"","background-repeat":"repeat","background-position":"center center","background-size":"auto","background-attachment":"scroll","background-type":"","background-media":"","overlay-type":"","overlay-color":"","overlay-opacity":"","overlay-gradient":""},"mobile":{"background-color":"var(--ast-global-color-5)","background-image":"","background-repeat":"repeat","background-position":"center center","background-size":"auto","background-attachment":"scroll","background-type":"","background-media":"","overlay-type":"","overlay-color":"","overlay-opacity":"","overlay-gradient":""}},"footnotes":""},"categories":[1],"tags":[],"class_list":["post-2085","post","type-post","status-publish","format-standard","has-post-thumbnail","hentry","category-sem-categoria"],"_links":{"self":[{"href":"https:\/\/vivanews.com.br\/index.php?rest_route=\/wp\/v2\/posts\/2085","targetHints":{"allow":["GET"]}}],"collection":[{"href":"https:\/\/vivanews.com.br\/index.php?rest_route=\/wp\/v2\/posts"}],"about":[{"href":"https:\/\/vivanews.com.br\/index.php?rest_route=\/wp\/v2\/types\/post"}],"author":[{"embeddable":true,"href":"https:\/\/vivanews.com.br\/index.php?rest_route=\/wp\/v2\/users\/31"}],"replies":[{"embeddable":true,"href":"https:\/\/vivanews.com.br\/index.php?rest_route=%2Fwp%2Fv2%2Fcomments&post=2085"}],"version-history":[{"count":0,"href":"https:\/\/vivanews.com.br\/index.php?rest_route=\/wp\/v2\/posts\/2085\/revisions"}],"wp:featuredmedia":[{"embeddable":true,"href":"https:\/\/vivanews.com.br\/index.php?rest_route=\/wp\/v2\/media\/2086"}],"wp:attachment":[{"href":"https:\/\/vivanews.com.br\/index.php?rest_route=%2Fwp%2Fv2%2Fmedia&parent=2085"}],"wp:term":[{"taxonomy":"category","embeddable":true,"href":"https:\/\/vivanews.com.br\/index.php?rest_route=%2Fwp%2Fv2%2Fcategories&post=2085"},{"taxonomy":"post_tag","embeddable":true,"href":"https:\/\/vivanews.com.br\/index.php?rest_route=%2Fwp%2Fv2%2Ftags&post=2085"}],"curies":[{"name":"wp","href":"https:\/\/api.w.org\/{rel}","templated":true}]}}