{"id":2093,"date":"2025-06-18T17:18:15","date_gmt":"2025-06-18T20:18:15","guid":{"rendered":"https:\/\/vivanews.com.br\/?p=2093"},"modified":"2025-06-18T17:18:15","modified_gmt":"2025-06-18T20:18:15","slug":"forca-nacional-reforca-seguranca-na-fronteira-entre-brasil-e-colombia","status":"publish","type":"post","link":"https:\/\/vivanews.com.br\/?p=2093","title":{"rendered":"For\u00e7a Nacional refor\u00e7a seguran\u00e7a na fronteira entre Brasil e Col\u00f4mbia"},"content":{"rendered":"<p>A cidade de Tabatinga, no interior do Amazonas, receber\u00e1, por 90 dias, efetivo da For\u00e7a Nacional para conter crimes transnacionais na regi\u00e3o. A medida foi autorizada pelo Minist\u00e9rio da Justi\u00e7a e Seguran\u00e7a P\u00fablica (MJSP), ap\u00f3s pedido da Pol\u00edcia Federal.\u00a0<img decoding=\"async\" src=\"https:\/\/agenciabrasil.ebc.com.br\/ebc.png?id=1646723&#038;o=rss\"><img decoding=\"async\" src=\"https:\/\/agenciabrasil.ebc.com.br\/ebc.gif?id=1646723&#038;o=rss\"><\/p>\n<p>Portaria publicada no Di\u00e1rio Oficial da Uni\u00e3o em 12 de junho autoriza o envio da tropa federal \u00e0 cidade, que faz fronteira com a Col\u00f4mbia. O objetivo \u00e9 refor\u00e7ar a seguran\u00e7a p\u00fablica, proteger a popula\u00e7\u00e3o e combater crimes como tr\u00e1fico de drogas, homic\u00eddios e delitos ambientais.\u00a0<\/p>\n<p>A opera\u00e7\u00e3o ser\u00e1 integrada \u00e0s for\u00e7as de seguran\u00e7a do estado e faz parte do Plano Amaz\u00f4nia, ou Plano AMAS, estrat\u00e9gia do governo federal para o enfrentamento da criminalidade na regi\u00e3o. A a\u00e7\u00e3o ter\u00e1 apoio log\u00edstico da Pol\u00edcia Federal e ser\u00e1 coordenada pela Secretaria Nacional de Seguran\u00e7a P\u00fablica.<\/p>\n<p>A decis\u00e3o do governo federal foi baseada em dados recentes do F\u00f3rum Brasileiro de Seguran\u00e7a P\u00fablica que apontam aumento da viol\u00eancia e da atua\u00e7\u00e3o de organiza\u00e7\u00f5es criminosas na faixa de fronteira.\u00a0<\/p>\n<p>O n\u00famero exato de agentes enviados \u00e0 regi\u00e3o n\u00e3o foi divulgado por quest\u00f5es operacionais.<\/p>\n<p>  <span class=\"hms hms-format-m-ss\">1:15<\/span><\/p>\n","protected":false},"excerpt":{"rendered":"<p>A cidade de Tabatinga, no interior do Amazonas, receber\u00e1, por 90 dias, efetivo da For\u00e7a Nacional para conter crimes transnacionais na regi\u00e3o. A medida foi autorizada pelo Minist\u00e9rio da Justi\u00e7a e Seguran\u00e7a P\u00fablica (MJSP), ap\u00f3s pedido da Pol\u00edcia Federal.\u00a0 Portaria publicada no Di\u00e1rio Oficial da Uni\u00e3o em 12 de junho autoriza o envio da tropa [&hellip;]<\/p>\n","protected":false},"author":54,"featured_media":2094,"comment_status":"open","ping_status":"open","sticky":false,"template":"","format":"standard","meta":{"site-sidebar-layout":"default","site-content-layout":"","ast-site-content-layout":"default","site-content-style":"default","site-sidebar-style":"default","ast-global-header-display":"","ast-banner-title-visibility":"","ast-main-header-display":"","ast-hfb-above-header-display":"","ast-hfb-below-header-display":"","ast-hfb-mobile-header-display":"","site-post-title":"","ast-breadcrumbs-content":"","ast-featured-img":"","footer-sml-layout":"","ast-disable-related-posts":"","theme-transparent-header-meta":"","adv-header-id-meta":"","stick-header-meta":"","header-above-stick-meta":"","header-main-stick-meta":"","header-below-stick-meta":"","astra-migrate-meta-layouts":"default","ast-page-background-enabled":"default","ast-page-background-meta":{"desktop":{"background-color":"var(--ast-global-color-4)","background-image":"","background-repeat":"repeat","background-position":"center center","background-size":"auto","background-attachment":"scroll","background-type":"","background-media":"","overlay-type":"","overlay-color":"","overlay-opacity":"","overlay-gradient":""},"tablet":{"background-color":"","background-image":"","background-repeat":"repeat","background-position":"center center","background-size":"auto","background-attachment":"scroll","background-type":"","background-media":"","overlay-type":"","overlay-color":"","overlay-opacity":"","overlay-gradient":""},"mobile":{"background-color":"","background-image":"","background-repeat":"repeat","background-position":"center center","background-size":"auto","background-attachment":"scroll","background-type":"","background-media":"","overlay-type":"","overlay-color":"","overlay-opacity":"","overlay-gradient":""}},"ast-content-background-meta":{"desktop":{"background-color":"var(--ast-global-color-5)","background-image":"","background-repeat":"repeat","background-position":"center center","background-size":"auto","background-attachment":"scroll","background-type":"","background-media":"","overlay-type":"","overlay-color":"","overlay-opacity":"","overlay-gradient":""},"tablet":{"background-color":"var(--ast-global-color-5)","background-image":"","background-repeat":"repeat","background-position":"center center","background-size":"auto","background-attachment":"scroll","background-type":"","background-media":"","overlay-type":"","overlay-color":"","overlay-opacity":"","overlay-gradient":""},"mobile":{"background-color":"var(--ast-global-color-5)","background-image":"","background-repeat":"repeat","background-position":"center center","background-size":"auto","background-attachment":"scroll","background-type":"","background-media":"","overlay-type":"","overlay-color":"","overlay-opacity":"","overlay-gradient":""}},"footnotes":""},"categories":[126],"tags":[],"class_list":["post-2093","post","type-post","status-publish","format-standard","has-post-thumbnail","hentry","category-policial"],"_links":{"self":[{"href":"https:\/\/vivanews.com.br\/index.php?rest_route=\/wp\/v2\/posts\/2093","targetHints":{"allow":["GET"]}}],"collection":[{"href":"https:\/\/vivanews.com.br\/index.php?rest_route=\/wp\/v2\/posts"}],"about":[{"href":"https:\/\/vivanews.com.br\/index.php?rest_route=\/wp\/v2\/types\/post"}],"author":[{"embeddable":true,"href":"https:\/\/vivanews.com.br\/index.php?rest_route=\/wp\/v2\/users\/54"}],"replies":[{"embeddable":true,"href":"https:\/\/vivanews.com.br\/index.php?rest_route=%2Fwp%2Fv2%2Fcomments&post=2093"}],"version-history":[{"count":0,"href":"https:\/\/vivanews.com.br\/index.php?rest_route=\/wp\/v2\/posts\/2093\/revisions"}],"wp:featuredmedia":[{"embeddable":true,"href":"https:\/\/vivanews.com.br\/index.php?rest_route=\/wp\/v2\/media\/2094"}],"wp:attachment":[{"href":"https:\/\/vivanews.com.br\/index.php?rest_route=%2Fwp%2Fv2%2Fmedia&parent=2093"}],"wp:term":[{"taxonomy":"category","embeddable":true,"href":"https:\/\/vivanews.com.br\/index.php?rest_route=%2Fwp%2Fv2%2Fcategories&post=2093"},{"taxonomy":"post_tag","embeddable":true,"href":"https:\/\/vivanews.com.br\/index.php?rest_route=%2Fwp%2Fv2%2Ftags&post=2093"}],"curies":[{"name":"wp","href":"https:\/\/api.w.org\/{rel}","templated":true}]}}