{"id":3323,"date":"2025-09-06T03:58:23","date_gmt":"2025-09-06T06:58:23","guid":{"rendered":"https:\/\/vivanews.com.br\/?p=3323"},"modified":"2025-09-06T03:58:23","modified_gmt":"2025-09-06T06:58:23","slug":"comecam-hoje-as-inscricoes-para-o-vestibular-da-unesp","status":"publish","type":"post","link":"https:\/\/vivanews.com.br\/?p=3323","title":{"rendered":"Come\u00e7am hoje as inscri\u00e7\u00f5es para o vestibular da Unesp"},"content":{"rendered":"<\/p>\n<p><a class=\"\" href=\"https:\/\/agenciabrasil.ebc.com.br\/educacao\/noticia\/2025-09\/comecam-hoje-as-inscricoes-para-o-vestibular-da-unesp\"><br \/>\n                    <img decoding=\"async\" src=\"https:\/\/cdn.jsdelivr.net\/gh\/sergiosdlima\/assets-ebc@1.0.0\/abr\/assets\/images\/logo-agenciabrasil.svg\" alt=\"Logo Ag\u00eancia Brasil\"><br \/>\n\t\t\t\t<\/a><\/p>\n<p>As <a href=\"https:\/\/www.vunesp.com.br\/VNSP2504\" target=\"_blank\">inscri\u00e7\u00f5es<\/a> para o vestibular da Universidade Estadual Paulista (Unesp) est\u00e3o abertas a partir desta quinta-feira (4), e v\u00e3o at\u00e9 o dia 8 de outubro, com 5.867 vagas em 24 cidades do estado de S\u00e3o Paulo.\u00a0<img decoding=\"async\" src=\"https:\/\/agenciabrasil.ebc.com.br\/ebc.png?id=1657078&#038;o=rss\"><img decoding=\"async\" src=\"https:\/\/agenciabrasil.ebc.com.br\/ebc.gif?id=1657078&#038;o=rss\"><\/p>\n<p>O exame possibilita o ingresso em 136 cursos de gradua\u00e7\u00e3o. <strong>As provas do vestibular acontecem no dia 2 de novembro, para a primeira fase, e 7 e 8 de dezembro, para a segunda fase, em 35 cidades do estado de S\u00e3o Paulo.<\/strong><\/p>\n<\/p>\n<h3>Not\u00edcias relacionadas:<\/h3>\n<ul>\n<li><a href=\"https:\/\/agenciabrasil.ebc.com.br\/educacao\/noticia\/2025-09\/unicamp-prorroga-periodo-de-inscricoes-do-vestibular-ate-8-de-setembro\">Unicamp prorroga per\u00edodo de inscri\u00e7\u00f5es do vestibular at\u00e9 8 de setembro.<\/a><\/li>\n<li><a href=\"https:\/\/agenciabrasil.ebc.com.br\/educacao\/noticia\/2025-08\/fuvest-abre-inscricoes-para-o-vestibular\">Fuvest abre inscri\u00e7\u00f5es para o vestibular.<\/a><\/li>\n<\/ul>\n<p><strong>A taxa de inscri\u00e7\u00e3o \u00e9 R$ 210. Os estudantes matriculados no \u00faltimo ano do ensino m\u00e9dio da rede p\u00fablica estadual paulista t\u00eam desconto de 75% da taxa de inscri\u00e7\u00e3o, pagando R$ 52,50.<\/strong>\u00a0<\/p>\n<p>A partir do Sistema de Reserva de Vagas para a Educa\u00e7\u00e3o B\u00e1sica P\u00fablica (SRVEBP), a Unesp direciona 50% das vagas de cada curso para estudantes que tenham conclu\u00eddo todo o ensino m\u00e9dio em escola p\u00fablica. Dessas vagas, 35% s\u00e3o reservadas a candidatos que se autodeclaram pretos, pardos ou ind\u00edgenas.\u00a0<\/p>\n<p><strong>Confira as vagas dispon\u00edveis nos cursos da Unesp em cada cidade:<\/strong><\/p>\n<ul>\n<li>Ara\u00e7atuba &#8211; 112 vagas.<\/li>\n<li>Araraquara &#8211; 678 vagas.<\/li>\n<li>Assis &#8211; 309 vagas.<\/li>\n<li>Bauru &#8211; 899 vagas.<\/li>\n<li>Botucatu &#8211; 478 vagas.<\/li>\n<li>Dracena &#8211; 62 vagas.<\/li>\n<li>Franca &#8211; 328 vagas.<\/li>\n<li>Guaratinguet\u00e1 &#8211; 243 vagas.<\/li>\n<li>Ilha Solteira &#8211; 234 vagas.<\/li>\n<li>Itapeva &#8211; 58 vagas.<\/li>\n<li>Jaboticaba &#8211; 224 vagas.<\/li>\n<li>Mar\u00edlia &#8211; 351 vagas.<\/li>\n<li>Ourinhos &#8211; 46 vagas.<\/li>\n<li>Presidente Prudente &#8211; 461 vagas.<\/li>\n<li>Registro &#8211; 56 vagas.<\/li>\n<li>Rio Claro &#8211; 373 vagas.<\/li>\n<li>Rosana &#8211; 50 vagas.<\/li>\n<li>S\u00e3o Jo\u00e3o da Boa Vista &#8211; 62 vagas.<\/li>\n<li>S\u00e3o Jos\u00e9 do Rio Preto &#8211; 344 vagas.<\/li>\n<li>S\u00e3o Jos\u00e9 dos Campos &#8211; 96 vagas.<\/li>\n<li>S\u00e3o Paulo &#8211; 185 vagas.<\/li>\n<li>S\u00e3o Vicente &#8211; 64 vagas.<\/li>\n<li>Sorocaba &#8211; 64 vagas.<\/li>\n<li>Tup\u00e3 &#8211; 90 vagas.<\/li>\n<\/ul>\n<p>Todas as orienta\u00e7\u00f5es do exame podem ser encontradas no <a href=\"https:\/\/vestibular.unesp.br\/portal#!\/manual-do-candidato\/\" target=\"_blank\">Manual do Candidato<\/a> na p\u00e1gina da Unesp.\u00a0<\/p>\n<p><em>* Estagi\u00e1rio sob supervis\u00e3o de Eduardo Luiz Correia<\/em><\/p>\n","protected":false},"excerpt":{"rendered":"<p>As inscri\u00e7\u00f5es para o vestibular da Universidade Estadual Paulista (Unesp) est\u00e3o abertas a partir desta quinta-feira (4), e v\u00e3o at\u00e9 o dia 8 de outubro, com 5.867 vagas em 24 cidades do estado de S\u00e3o Paulo.\u00a0 O exame possibilita o ingresso em 136 cursos de gradua\u00e7\u00e3o. As provas do vestibular acontecem no dia 2 de [&hellip;]<\/p>\n","protected":false},"author":1,"featured_media":3324,"comment_status":"open","ping_status":"open","sticky":false,"template":"","format":"standard","meta":{"site-sidebar-layout":"default","site-content-layout":"","ast-site-content-layout":"default","site-content-style":"default","site-sidebar-style":"default","ast-global-header-display":"","ast-banner-title-visibility":"","ast-main-header-display":"","ast-hfb-above-header-display":"","ast-hfb-below-header-display":"","ast-hfb-mobile-header-display":"","site-post-title":"","ast-breadcrumbs-content":"","ast-featured-img":"","footer-sml-layout":"","ast-disable-related-posts":"","theme-transparent-header-meta":"","adv-header-id-meta":"","stick-header-meta":"","header-above-stick-meta":"","header-main-stick-meta":"","header-below-stick-meta":"","astra-migrate-meta-layouts":"default","ast-page-background-enabled":"default","ast-page-background-meta":{"desktop":{"background-color":"var(--ast-global-color-4)","background-image":"","background-repeat":"repeat","background-position":"center center","background-size":"auto","background-attachment":"scroll","background-type":"","background-media":"","overlay-type":"","overlay-color":"","overlay-opacity":"","overlay-gradient":""},"tablet":{"background-color":"","background-image":"","background-repeat":"repeat","background-position":"center center","background-size":"auto","background-attachment":"scroll","background-type":"","background-media":"","overlay-type":"","overlay-color":"","overlay-opacity":"","overlay-gradient":""},"mobile":{"background-color":"","background-image":"","background-repeat":"repeat","background-position":"center center","background-size":"auto","background-attachment":"scroll","background-type":"","background-media":"","overlay-type":"","overlay-color":"","overlay-opacity":"","overlay-gradient":""}},"ast-content-background-meta":{"desktop":{"background-color":"var(--ast-global-color-5)","background-image":"","background-repeat":"repeat","background-position":"center center","background-size":"auto","background-attachment":"scroll","background-type":"","background-media":"","overlay-type":"","overlay-color":"","overlay-opacity":"","overlay-gradient":""},"tablet":{"background-color":"var(--ast-global-color-5)","background-image":"","background-repeat":"repeat","background-position":"center center","background-size":"auto","background-attachment":"scroll","background-type":"","background-media":"","overlay-type":"","overlay-color":"","overlay-opacity":"","overlay-gradient":""},"mobile":{"background-color":"var(--ast-global-color-5)","background-image":"","background-repeat":"repeat","background-position":"center center","background-size":"auto","background-attachment":"scroll","background-type":"","background-media":"","overlay-type":"","overlay-color":"","overlay-opacity":"","overlay-gradient":""}},"footnotes":""},"categories":[132],"tags":[],"class_list":["post-3323","post","type-post","status-publish","format-standard","has-post-thumbnail","hentry","category-brasil"],"_links":{"self":[{"href":"https:\/\/vivanews.com.br\/index.php?rest_route=\/wp\/v2\/posts\/3323","targetHints":{"allow":["GET"]}}],"collection":[{"href":"https:\/\/vivanews.com.br\/index.php?rest_route=\/wp\/v2\/posts"}],"about":[{"href":"https:\/\/vivanews.com.br\/index.php?rest_route=\/wp\/v2\/types\/post"}],"author":[{"embeddable":true,"href":"https:\/\/vivanews.com.br\/index.php?rest_route=\/wp\/v2\/users\/1"}],"replies":[{"embeddable":true,"href":"https:\/\/vivanews.com.br\/index.php?rest_route=%2Fwp%2Fv2%2Fcomments&post=3323"}],"version-history":[{"count":0,"href":"https:\/\/vivanews.com.br\/index.php?rest_route=\/wp\/v2\/posts\/3323\/revisions"}],"wp:featuredmedia":[{"embeddable":true,"href":"https:\/\/vivanews.com.br\/index.php?rest_route=\/wp\/v2\/media\/3324"}],"wp:attachment":[{"href":"https:\/\/vivanews.com.br\/index.php?rest_route=%2Fwp%2Fv2%2Fmedia&parent=3323"}],"wp:term":[{"taxonomy":"category","embeddable":true,"href":"https:\/\/vivanews.com.br\/index.php?rest_route=%2Fwp%2Fv2%2Fcategories&post=3323"},{"taxonomy":"post_tag","embeddable":true,"href":"https:\/\/vivanews.com.br\/index.php?rest_route=%2Fwp%2Fv2%2Ftags&post=3323"}],"curies":[{"name":"wp","href":"https:\/\/api.w.org\/{rel}","templated":true}]}}