{"id":3426,"date":"2025-09-06T13:17:09","date_gmt":"2025-09-06T16:17:09","guid":{"rendered":"https:\/\/vivanews.com.br\/?p=3426"},"modified":"2025-09-06T13:17:09","modified_gmt":"2025-09-06T16:17:09","slug":"prefeitura-e-parceiros-inauguram-piscina-adaptada-para-alunos-pcds-em-lucas-do-rio-verde","status":"publish","type":"post","link":"https:\/\/vivanews.com.br\/?p=3426","title":{"rendered":"Prefeitura e parceiros inauguram piscina adaptada para alunos PcDs em Lucas do Rio Verde"},"content":{"rendered":"\n<p>A nova estrutura conta com dois n\u00edveis de profundidade, rampas, corrim\u00e3o, barras laterais e aquecimento el\u00e9trico<\/p>\n\n\n\n<figure class=\"wp-block-image size-full\"><img fetchpriority=\"high\" decoding=\"async\" width=\"800\" height=\"533\" src=\"https:\/\/vivanews.com.br\/wp-content\/uploads\/2025\/09\/pref_lrv-2025-09-06T120620.843-2.jpg\" alt=\"\" class=\"wp-image-3427\" srcset=\"https:\/\/vivanews.com.br\/wp-content\/uploads\/2025\/09\/pref_lrv-2025-09-06T120620.843-2.jpg 800w, https:\/\/vivanews.com.br\/wp-content\/uploads\/2025\/09\/pref_lrv-2025-09-06T120620.843-2-300x200.jpg 300w, https:\/\/vivanews.com.br\/wp-content\/uploads\/2025\/09\/pref_lrv-2025-09-06T120620.843-2-768x512.jpg 768w, https:\/\/vivanews.com.br\/wp-content\/uploads\/2025\/09\/pref_lrv-2025-09-06T120620.843-2-219x146.jpg 219w\" sizes=\"(max-width: 800px) 100vw, 800px\" \/><\/figure>\n\n\n\n<p>Na noite desta sexta-feira (5), a Secretaria de Educa\u00e7\u00e3o, por meio da Associa\u00e7\u00e3o Luverdense de Nata\u00e7\u00e3o, viveu um momento emocionante com a inaugura\u00e7\u00e3o da primeira piscina adaptada para pessoas com defici\u00eancia (PcD). O evento, realizado na Escola Municipal Vin\u00edcius de Moraes, refor\u00e7ou o compromisso da gest\u00e3o municipal com a inclus\u00e3o e com o bem-estar das crian\u00e7as e adolescentes com defici\u00eancia atendidas pelo Projeto N\u00f3s Podemos Nadar em Lucas do Rio Verde.&nbsp;<\/p>\n\n\n\n<p>A cerim\u00f4nia contou com a presen\u00e7a da secret\u00e1ria de Educa\u00e7\u00e3o, Elaine Lovatel, da gerente da ag\u00eancia Sicoob de Lucas do Rio Verde, Janice Gahoma, da presidente da Associa\u00e7\u00e3o Luverdense de Nata\u00e7\u00e3o, Edin\u00e9ia Tavares, al\u00e9m de secret\u00e1rios municipais, vereadores, presidentes do CMDCA e do CMDPD, bem como representantes das empresas apoiadoras.<\/p>\n\n\n\n<p>\u201c\u00c9 uma grande alegria realizar a entrega desta piscina, que vem somar \u00e0s aulas de nata\u00e7\u00e3o destinadas aos nossos alunos com defici\u00eancia (PcDs). Com as aulas j\u00e1 iniciadas, \u00e9 poss\u00edvel constatar avan\u00e7os significativos no desenvolvimento das nossas crian\u00e7as nesse curto per\u00edodo de tempo, pois essa nova estrutura tem proporcionado um atendimento mais adequado e um maior engajamento entre professores e alunos, refletindo diretamente no rendimento das crian\u00e7as\u201d, destacou a secret\u00e1ria de Educa\u00e7\u00e3o, Elaine Lovatel.<\/p>\n\n\n\n<p>A realiza\u00e7\u00e3o contou com o patroc\u00ednio da Prefeitura de Lucas do Rio Verde, que disponibilizou o espa\u00e7o, e da cooperativa Sicoob Credisul, que viabilizou a constru\u00e7\u00e3o. A iniciativa tamb\u00e9m contou com o apoio das empresas GDM e BDR Construart, al\u00e9m do Projeto N\u00f3s Podemos Nadar.<\/p>\n\n\n\n<p>\u201cPara n\u00f3s, enquanto cooperativa, \u00e9 um prazer poder apoiar e contribuir com uma iniciativa t\u00e3o relevante em Lucas do Rio Verde como o Projeto N\u00f3s Podemos Nadar. J\u00e1 somos parceiros dessa a\u00e7\u00e3o h\u00e1 algum tempo e, agora, estamos realizando a entrega da piscina adaptada, essencial para garantir a inclus\u00e3o das crian\u00e7as com necessidades especiais\u201d, declarou a gerente da Ag\u00eancia Sicoob Credisul de Lucas, Janice Gahoma.&nbsp;<\/p>\n\n\n\n<figure class=\"wp-block-image\"><img decoding=\"async\" src=\"https:\/\/www.lucasdorioverde.mt.gov.br\/arquivos\/noticias\/14112\/g\/11283749020250906093534.jpg\" alt=\"\"\/><\/figure>\n\n\n\n<p><small>(Foto: Ascom Prefeitura\/Anderson Lippi)<\/small><\/p>\n\n\n\n<p>\u201cEssa \u00e9 uma realiza\u00e7\u00e3o n\u00e3o apenas para o Projeto, mas para toda a sociedade luverdense. N\u00f3s somos apenas uma ferramenta que, por meio dos parceiros e patrocinadores, busca tornar realidade os sonhos das crian\u00e7as com necessidades especiais de terem mais oportunidades. Est\u00e1 sendo maravilhoso trabalhar nessa nova estrutura, pois ela facilita o aprendizado e o aprimoramento da t\u00e9cnica desses alunos\u201d, ressaltou o coordenador do Projeto N\u00f3s Podemos Nadar, Eltron Moreira.&nbsp;<\/p>\n\n\n\n<p>M\u00e1rcia da Silva \u00e9 m\u00e3e do aluno com Transtorno do Espectro Autista (TEA), Ka\u00edque Marlon, relata que agora sente o filho verdadeiramente integrado \u00e0 comunidade. \u201cEstou muito feliz, porque agora sinto que meu filho est\u00e1 totalmente inclu\u00eddo na sociedade. Ele j\u00e1 participa das aulas de nata\u00e7\u00e3o, onde os professores s\u00e3o maravilhosos e cuidam dele com muito carinho. Tenho total confian\u00e7a em deix\u00e1-lo aos cuidados deles\u201d.<\/p>\n\n\n\n<p><strong>A piscina adaptada<\/strong><br>&nbsp;<br>Essa \u00e9 a primeira piscina adaptada para o atendimento de alunos PCDs do Projeto N\u00f3s Podemos Nadar. Com 50 m\u00b2, a instala\u00e7\u00e3o conta com dois n\u00edveis de profundidade. O primeiro de 80 cent\u00edmetros e o segundo de 1,40 metro. Por isso, sua estrutura conta com duas rampas, uma de acesso e outra que possibilita a transi\u00e7\u00e3o para a \u00e1rea mais funda. Tamb\u00e9m foram instaladas barras laterais, corrim\u00e3o e um sistema de aquecimento el\u00e9trico, que mant\u00e9m a temperatura est\u00e1vel.&nbsp;<\/p>\n\n\n\n<p>A noite tamb\u00e9m foi marcada pela abertura da IV Etapa Estadual de Nata\u00e7\u00e3o, que ocorrer\u00e1 ao longo de todo o final de semana. Ao todo ser\u00e3o 500 atletas que disputar\u00e3o nas categorias A e B, representando os munic\u00edpios de Lucas do Rio Verde, Sinop, Sorriso, Nova Mutum, Sapezal, Rondon\u00f3polis e Cuiab\u00e1 .<\/p>\n","protected":false},"excerpt":{"rendered":"<p>A nova estrutura conta com dois n\u00edveis de profundidade, rampas, corrim\u00e3o, barras laterais e aquecimento el\u00e9trico Na noite desta sexta-feira (5), a Secretaria de Educa\u00e7\u00e3o, por meio da Associa\u00e7\u00e3o Luverdense de Nata\u00e7\u00e3o, viveu um momento emocionante com a inaugura\u00e7\u00e3o da primeira piscina adaptada para pessoas com defici\u00eancia (PcD). O evento, realizado na Escola Municipal Vin\u00edcius [&hellip;]<\/p>\n","protected":false},"author":91,"featured_media":3427,"comment_status":"open","ping_status":"closed","sticky":false,"template":"","format":"standard","meta":{"site-sidebar-layout":"default","site-content-layout":"","ast-site-content-layout":"default","site-content-style":"default","site-sidebar-style":"default","ast-global-header-display":"","ast-banner-title-visibility":"","ast-main-header-display":"","ast-hfb-above-header-display":"","ast-hfb-below-header-display":"","ast-hfb-mobile-header-display":"","site-post-title":"","ast-breadcrumbs-content":"","ast-featured-img":"","footer-sml-layout":"","ast-disable-related-posts":"","theme-transparent-header-meta":"","adv-header-id-meta":"","stick-header-meta":"","header-above-stick-meta":"","header-main-stick-meta":"","header-below-stick-meta":"","astra-migrate-meta-layouts":"set","ast-page-background-enabled":"default","ast-page-background-meta":{"desktop":{"background-color":"var(--ast-global-color-4)","background-image":"","background-repeat":"repeat","background-position":"center center","background-size":"auto","background-attachment":"scroll","background-type":"","background-media":"","overlay-type":"","overlay-color":"","overlay-opacity":"","overlay-gradient":""},"tablet":{"background-color":"","background-image":"","background-repeat":"repeat","background-position":"center center","background-size":"auto","background-attachment":"scroll","background-type":"","background-media":"","overlay-type":"","overlay-color":"","overlay-opacity":"","overlay-gradient":""},"mobile":{"background-color":"","background-image":"","background-repeat":"repeat","background-position":"center center","background-size":"auto","background-attachment":"scroll","background-type":"","background-media":"","overlay-type":"","overlay-color":"","overlay-opacity":"","overlay-gradient":""}},"ast-content-background-meta":{"desktop":{"background-color":"var(--ast-global-color-5)","background-image":"","background-repeat":"repeat","background-position":"center center","background-size":"auto","background-attachment":"scroll","background-type":"","background-media":"","overlay-type":"","overlay-color":"","overlay-opacity":"","overlay-gradient":""},"tablet":{"background-color":"var(--ast-global-color-5)","background-image":"","background-repeat":"repeat","background-position":"center center","background-size":"auto","background-attachment":"scroll","background-type":"","background-media":"","overlay-type":"","overlay-color":"","overlay-opacity":"","overlay-gradient":""},"mobile":{"background-color":"var(--ast-global-color-5)","background-image":"","background-repeat":"repeat","background-position":"center center","background-size":"auto","background-attachment":"scroll","background-type":"","background-media":"","overlay-type":"","overlay-color":"","overlay-opacity":"","overlay-gradient":""}},"footnotes":""},"categories":[1],"tags":[],"class_list":["post-3426","post","type-post","status-publish","format-standard","has-post-thumbnail","hentry","category-sem-categoria"],"_links":{"self":[{"href":"https:\/\/vivanews.com.br\/index.php?rest_route=\/wp\/v2\/posts\/3426","targetHints":{"allow":["GET"]}}],"collection":[{"href":"https:\/\/vivanews.com.br\/index.php?rest_route=\/wp\/v2\/posts"}],"about":[{"href":"https:\/\/vivanews.com.br\/index.php?rest_route=\/wp\/v2\/types\/post"}],"author":[{"embeddable":true,"href":"https:\/\/vivanews.com.br\/index.php?rest_route=\/wp\/v2\/users\/91"}],"replies":[{"embeddable":true,"href":"https:\/\/vivanews.com.br\/index.php?rest_route=%2Fwp%2Fv2%2Fcomments&post=3426"}],"version-history":[{"count":1,"href":"https:\/\/vivanews.com.br\/index.php?rest_route=\/wp\/v2\/posts\/3426\/revisions"}],"predecessor-version":[{"id":3428,"href":"https:\/\/vivanews.com.br\/index.php?rest_route=\/wp\/v2\/posts\/3426\/revisions\/3428"}],"wp:featuredmedia":[{"embeddable":true,"href":"https:\/\/vivanews.com.br\/index.php?rest_route=\/wp\/v2\/media\/3427"}],"wp:attachment":[{"href":"https:\/\/vivanews.com.br\/index.php?rest_route=%2Fwp%2Fv2%2Fmedia&parent=3426"}],"wp:term":[{"taxonomy":"category","embeddable":true,"href":"https:\/\/vivanews.com.br\/index.php?rest_route=%2Fwp%2Fv2%2Fcategories&post=3426"},{"taxonomy":"post_tag","embeddable":true,"href":"https:\/\/vivanews.com.br\/index.php?rest_route=%2Fwp%2Fv2%2Ftags&post=3426"}],"curies":[{"name":"wp","href":"https:\/\/api.w.org\/{rel}","templated":true}]}}