{"id":3429,"date":"2025-09-08T19:29:47","date_gmt":"2025-09-08T22:29:47","guid":{"rendered":"https:\/\/vivanews.com.br\/?p=3429"},"modified":"2025-09-08T19:29:47","modified_gmt":"2025-09-08T22:29:47","slug":"bmx-de-lucas-do-rio-verde-conquista-49-podios-na-semifinal-do-campeonato-mato-grossense","status":"publish","type":"post","link":"https:\/\/vivanews.com.br\/?p=3429","title":{"rendered":"BMX de Lucas do Rio Verde conquista 49 p\u00f3dios na semifinal do Campeonato Mato-grossense"},"content":{"rendered":"\n<p>Finais do estadual ser\u00e3o disputadas em Lucas do Rio Verde<\/p>\n\n\n\n<figure class=\"wp-block-image size-full\"><img fetchpriority=\"high\" decoding=\"async\" width=\"800\" height=\"533\" src=\"https:\/\/vivanews.com.br\/wp-content\/uploads\/2025\/09\/pref_lrv-2025-09-08T183045.400.jpg\" alt=\"\" class=\"wp-image-3430\" srcset=\"https:\/\/vivanews.com.br\/wp-content\/uploads\/2025\/09\/pref_lrv-2025-09-08T183045.400.jpg 800w, https:\/\/vivanews.com.br\/wp-content\/uploads\/2025\/09\/pref_lrv-2025-09-08T183045.400-300x200.jpg 300w, https:\/\/vivanews.com.br\/wp-content\/uploads\/2025\/09\/pref_lrv-2025-09-08T183045.400-768x512.jpg 768w, https:\/\/vivanews.com.br\/wp-content\/uploads\/2025\/09\/pref_lrv-2025-09-08T183045.400-219x146.jpg 219w\" sizes=\"(max-width: 800px) 100vw, 800px\" \/><\/figure>\n\n\n\n<p>O BMX de Lucas do Rio Verde brilhou mais uma vez nas pistas e garantiu 49 p\u00f3dios na semifinal do Campeonato Mato-grossense de BMX, realizada no \u00faltimo final de semana em Nova Mutum. A equipe \u00e9 fruto da parceria entre o Programa Viva Lucas, gerido pela Secretaria Municipal de Esporte e Lazer, e a Associa\u00e7\u00e3o Luverdense de BMX Lucas Riders.<\/p>\n\n\n\n<p>O evento reuniu 138 pilotos, representando seis munic\u00edpios de Mato Grosso, em uma disputa de alto n\u00edvel t\u00e9cnico.<\/p>\n\n\n\n<p>O destaque ficou, mais uma vez, para as categorias de base, com atletas entre 3 e 17 anos, que conquistaram o maior n\u00famero de p\u00f3dios para Lucas do Rio Verde. O resultado refor\u00e7a o trabalho de forma\u00e7\u00e3o de jovens talentos desenvolvido na cidade.<\/p>\n\n\n\n<p>Agora, a equipe j\u00e1 volta suas aten\u00e7\u00f5es para o pr\u00f3ximo desafio: a etapa final do campeonato, que ser\u00e1 realizada em casa, no dia 5 de outubro, prometendo reunir os melhores pilotos do estado e muita emo\u00e7\u00e3o para o p\u00fablico luverdense.<\/p>\n\n\n\n<p>Com esses resultados, Lucas do Rio Verde chega ainda mais forte para a grande final, confirmando sua tradi\u00e7\u00e3o como uma das principais pot\u00eancias do BMX em Mato Grosso, al\u00e9m da busca pelo ranking da temporada. Foram 09 medalhas de primeiro lugar, 12 de segundo lugar e sete de terceiro colocado.<\/p>\n\n\n\n<p><strong>Resultados \u2013 Sexta Etapa em Nova Mutum:<\/strong><\/p>\n\n\n\n<p><strong>Pr\u00e9 Bike Boys<\/strong><\/p>\n\n\n\n<p>5\u00ba &#8211; Rafael Antonio Pereira<\/p>\n\n\n\n<p>6\u00ba &#8211; Bernardo Stolarski<\/p>\n\n\n\n<p>8\u00ba &#8211; Vicente Rosinski<\/p>\n\n\n\n<p><strong>Boys 5 e 6 anos<\/strong><\/p>\n\n\n\n<p>1\u00ba &#8211; Jo\u00e3o Pedro De Oliveira<\/p>\n\n\n\n<p>2\u00ba &#8211; Luan Dos Santos<\/p>\n\n\n\n<p><strong>Boys 7 e 8 anos<\/strong><\/p>\n\n\n\n<p>2\u00ba &#8211; Miguel R\u00e2ndoli<\/p>\n\n\n\n<p>3\u00ba &#8211; Murilo Fernandes Medes<\/p>\n\n\n\n<p>6\u00ba &#8211; Pedro Henrique Moura<\/p>\n\n\n\n<p>8\u00ba &#8211; Murilo De Passos Dias<\/p>\n\n\n\n<p><strong>Boys 9 e 10 anos<\/strong><\/p>\n\n\n\n<p>1\u00ba &#8211; Ant\u00f4nio Gabriel<\/p>\n\n\n\n<p>3\u00ba &#8211; Nycolas Miguel S\u00e1<\/p>\n\n\n\n<p>4\u00ba &#8211; Jos\u00e9 Miguel Mendes<\/p>\n\n\n\n<p>6\u00ba &#8211; Rafael Francisco Endlich<\/p>\n\n\n\n<p>7\u00ba &#8211; Felipe De Souza<\/p>\n\n\n\n<p><strong>Boys 11 e 12 anos<\/strong><\/p>\n\n\n\n<p>1\u00ba &#8211; Leandro Silva<\/p>\n\n\n\n<p>2\u00ba &#8211; Heitor Roger Pereira<\/p>\n\n\n\n<p>3\u00ba &#8211; Luiz Felipe Lopo Da Silva<\/p>\n\n\n\n<p>8\u00ba &#8211; Miguel Dilschneider<\/p>\n\n\n\n<p><strong>Boys 13 e 14 anos<\/strong><\/p>\n\n\n\n<p>2\u00ba &#8211; Lucas Varela Gomes<\/p>\n\n\n\n<p>4\u00ba &#8211; Ricardo Leoncio Marucci<\/p>\n\n\n\n<p>6\u00ba &#8211; Luiz Ot\u00e1vio De Luca<\/p>\n\n\n\n<p>7\u00ba &#8211; Wanderson Santos<\/p>\n\n\n\n<p><strong>Boys 15 e 16 anos<\/strong><\/p>\n\n\n\n<p>2\u00ba &#8211; Eduardo Farias Dos Santos<\/p>\n\n\n\n<p>5\u00ba &#8211; Jo\u00e3o Vitor Rodrigues<\/p>\n\n\n\n<p>6\u00ba &#8211; Jos\u00e9 Henrique S\u00e1<\/p>\n\n\n\n<p>8\u00ba &#8211; Lucas Augusto Dos Passos<\/p>\n\n\n\n<p><strong>Boys 17 a 29 anos<\/strong><\/p>\n\n\n\n<p>2\u00ba &#8211; Igor De Souza<\/p>\n\n\n\n<p>3\u00ba &#8211; Nathan Jaymes<\/p>\n\n\n\n<p>5\u00ba &#8211; Pablo J\u00fanior Alves<\/p>\n\n\n\n<p><strong>Cruiser Boys at\u00e9 12 anos<\/strong><\/p>\n\n\n\n<p>1\u00ba &#8211; Luiz Felipe Lopo Da Silva<\/p>\n\n\n\n<p>2\u00ba &#8211; Leandro Silva<\/p>\n\n\n\n<p>4\u00ba &#8211; Heitor Roger Pereira<\/p>\n\n\n\n<p>5\u00ba &#8211; Ant\u00f4nio Gabriel<\/p>\n\n\n\n<p><strong>Cruiser Boys 13 a 29 anos<\/strong><\/p>\n\n\n\n<p>1\u00ba &#8211; Nathan Jaymes<\/p>\n\n\n\n<p>2\u00ba &#8211; Pablo J\u00fanior Alves<\/p>\n\n\n\n<p><strong>Cruiser Open Feminino<\/strong><\/p>\n\n\n\n<p>1\u00ba &#8211; Manuelly Gaboardi Rios<\/p>\n\n\n\n<p>2\u00ba &#8211; Karolina De Oliveira<\/p>\n\n\n\n<p>3\u00ba &#8211; Eloa Victoria Da Silva<\/p>\n\n\n\n<p>4\u00ba &#8211; Sofia Fernandes Medes<\/p>\n\n\n\n<p><strong>Girls 5 a 7 anos<\/strong><\/p>\n\n\n\n<p>2\u00ba &#8211; Heloisa Briquesi<\/p>\n\n\n\n<p><strong>Girls 8 a 10 anos<\/strong><\/p>\n\n\n\n<p>1\u00ba &#8211; Sofia Stolarski<\/p>\n\n\n\n<p>2\u00ba &#8211; Evelyn Schneider<\/p>\n\n\n\n<p>3\u00ba &#8211; Mariana Sophia Silva<\/p>\n\n\n\n<p>4\u00ba &#8211; Emanuelle Dourado<\/p>\n\n\n\n<p><strong>Girls 11 a 13 anos<\/strong><\/p>\n\n\n\n<p>1\u00ba &#8211; Manuelly Gaboardi Rios<\/p>\n\n\n\n<p>2\u00ba &#8211; Sofia Fernandes Medes<\/p>\n\n\n\n<p>3\u00ba &#8211; Eloa Victoria Da Silva<\/p>\n\n\n\n<p>4\u00ba &#8211; Valentina Cecatto<\/p>\n\n\n\n<p><strong>Girls 14 a 16 anos<\/strong><\/p>\n\n\n\n<p>1\u00ba &#8211; Karolina De Oliveira<\/p>\n\n\n\n<p><strong>Balan\u00e7o Final<\/strong><\/p>\n\n\n\n<p>49 p\u00f3dios conquistados<\/p>\n\n\n\n<p>09 campe\u00f5es<\/p>\n\n\n\n<p>12 vice-campe\u00f5es<\/p>\n\n\n\n<p>07 terceiros colocados<\/p>\n\n\n\n<p>06 quartos colocados<\/p>\n\n\n\n<p>04 quintos colocados<\/p>\n\n\n\n<p>05 sextos colocados<\/p>\n\n\n\n<p>02 s\u00e9timos colocados<\/p>\n\n\n\n<p>04 oitavos colocados.<\/p>\n","protected":false},"excerpt":{"rendered":"<p>Finais do estadual ser\u00e3o disputadas em Lucas do Rio Verde O BMX de Lucas do Rio Verde brilhou mais uma vez nas pistas e garantiu 49 p\u00f3dios na semifinal do Campeonato Mato-grossense de BMX, realizada no \u00faltimo final de semana em Nova Mutum. A equipe \u00e9 fruto da parceria entre o Programa Viva Lucas, gerido [&hellip;]<\/p>\n","protected":false},"author":91,"featured_media":3430,"comment_status":"open","ping_status":"closed","sticky":false,"template":"","format":"standard","meta":{"site-sidebar-layout":"default","site-content-layout":"","ast-site-content-layout":"default","site-content-style":"default","site-sidebar-style":"default","ast-global-header-display":"","ast-banner-title-visibility":"","ast-main-header-display":"","ast-hfb-above-header-display":"","ast-hfb-below-header-display":"","ast-hfb-mobile-header-display":"","site-post-title":"","ast-breadcrumbs-content":"","ast-featured-img":"","footer-sml-layout":"","ast-disable-related-posts":"","theme-transparent-header-meta":"","adv-header-id-meta":"","stick-header-meta":"","header-above-stick-meta":"","header-main-stick-meta":"","header-below-stick-meta":"","astra-migrate-meta-layouts":"set","ast-page-background-enabled":"default","ast-page-background-meta":{"desktop":{"background-color":"var(--ast-global-color-4)","background-image":"","background-repeat":"repeat","background-position":"center center","background-size":"auto","background-attachment":"scroll","background-type":"","background-media":"","overlay-type":"","overlay-color":"","overlay-opacity":"","overlay-gradient":""},"tablet":{"background-color":"","background-image":"","background-repeat":"repeat","background-position":"center center","background-size":"auto","background-attachment":"scroll","background-type":"","background-media":"","overlay-type":"","overlay-color":"","overlay-opacity":"","overlay-gradient":""},"mobile":{"background-color":"","background-image":"","background-repeat":"repeat","background-position":"center center","background-size":"auto","background-attachment":"scroll","background-type":"","background-media":"","overlay-type":"","overlay-color":"","overlay-opacity":"","overlay-gradient":""}},"ast-content-background-meta":{"desktop":{"background-color":"var(--ast-global-color-5)","background-image":"","background-repeat":"repeat","background-position":"center center","background-size":"auto","background-attachment":"scroll","background-type":"","background-media":"","overlay-type":"","overlay-color":"","overlay-opacity":"","overlay-gradient":""},"tablet":{"background-color":"var(--ast-global-color-5)","background-image":"","background-repeat":"repeat","background-position":"center center","background-size":"auto","background-attachment":"scroll","background-type":"","background-media":"","overlay-type":"","overlay-color":"","overlay-opacity":"","overlay-gradient":""},"mobile":{"background-color":"var(--ast-global-color-5)","background-image":"","background-repeat":"repeat","background-position":"center center","background-size":"auto","background-attachment":"scroll","background-type":"","background-media":"","overlay-type":"","overlay-color":"","overlay-opacity":"","overlay-gradient":""}},"footnotes":""},"categories":[1],"tags":[],"class_list":["post-3429","post","type-post","status-publish","format-standard","has-post-thumbnail","hentry","category-sem-categoria"],"_links":{"self":[{"href":"https:\/\/vivanews.com.br\/index.php?rest_route=\/wp\/v2\/posts\/3429","targetHints":{"allow":["GET"]}}],"collection":[{"href":"https:\/\/vivanews.com.br\/index.php?rest_route=\/wp\/v2\/posts"}],"about":[{"href":"https:\/\/vivanews.com.br\/index.php?rest_route=\/wp\/v2\/types\/post"}],"author":[{"embeddable":true,"href":"https:\/\/vivanews.com.br\/index.php?rest_route=\/wp\/v2\/users\/91"}],"replies":[{"embeddable":true,"href":"https:\/\/vivanews.com.br\/index.php?rest_route=%2Fwp%2Fv2%2Fcomments&post=3429"}],"version-history":[{"count":1,"href":"https:\/\/vivanews.com.br\/index.php?rest_route=\/wp\/v2\/posts\/3429\/revisions"}],"predecessor-version":[{"id":3431,"href":"https:\/\/vivanews.com.br\/index.php?rest_route=\/wp\/v2\/posts\/3429\/revisions\/3431"}],"wp:featuredmedia":[{"embeddable":true,"href":"https:\/\/vivanews.com.br\/index.php?rest_route=\/wp\/v2\/media\/3430"}],"wp:attachment":[{"href":"https:\/\/vivanews.com.br\/index.php?rest_route=%2Fwp%2Fv2%2Fmedia&parent=3429"}],"wp:term":[{"taxonomy":"category","embeddable":true,"href":"https:\/\/vivanews.com.br\/index.php?rest_route=%2Fwp%2Fv2%2Fcategories&post=3429"},{"taxonomy":"post_tag","embeddable":true,"href":"https:\/\/vivanews.com.br\/index.php?rest_route=%2Fwp%2Fv2%2Ftags&post=3429"}],"curies":[{"name":"wp","href":"https:\/\/api.w.org\/{rel}","templated":true}]}}