{"id":3764,"date":"2025-09-20T06:31:40","date_gmt":"2025-09-20T09:31:40","guid":{"rendered":"https:\/\/vivanews.com.br\/?p=3764"},"modified":"2025-09-20T06:31:40","modified_gmt":"2025-09-20T09:31:40","slug":"pf-diz-ao-stf-que-zambelli-nao-efetivou-acoes-de-coacao-contra-a-corte","status":"publish","type":"post","link":"https:\/\/vivanews.com.br\/?p=3764","title":{"rendered":"PF diz ao STF que Zambelli n\u00e3o efetivou a\u00e7\u00f5es de coa\u00e7\u00e3o contra a Corte"},"content":{"rendered":"<\/p>\n<p><a class=\"\" href=\"https:\/\/agenciabrasil.ebc.com.br\/justica\/noticia\/2025-09\/pf-diz-ao-stf-que-zambelli-nao-efetivou-acoes-de-coacao-contra-corte\"><br \/>\n                    <img decoding=\"async\" src=\"https:\/\/cdn.jsdelivr.net\/gh\/sergiosdlima\/assets-ebc@1.0.0\/abr\/assets\/images\/logo-agenciabrasil.svg\" alt=\"Logo Ag\u00eancia Brasil\"><br \/>\n\t\t\t\t<\/a><\/p>\n<p>A Pol\u00edcia Federal (PF) informou nesta sexta-feira (19) ao ministro Alexandre de Moraes, do Supremo Tribunal Federal (STF), que a deputada federal Carla Zambelli (PL-SP) n\u00e3o tomou a\u00e7\u00f5es efetivas para coagir a Corte.\u00a0<img decoding=\"async\" src=\"https:\/\/agenciabrasil.ebc.com.br\/ebc.png?id=1659554&#038;o=rss\"><img decoding=\"async\" src=\"https:\/\/agenciabrasil.ebc.com.br\/ebc.gif?id=1659554&#038;o=rss\"><\/p>\n<p><strong>A conclus\u00e3o est\u00e1 no relat\u00f3rio de investiga\u00e7\u00e3o enviado ao ministro, que \u00e9 relator do inqu\u00e9rito no qual Zambelli \u00e9 investigada pelos crimes de coa\u00e7\u00e3o no curso do processo e obstru\u00e7\u00e3o de investiga\u00e7\u00e3o.<\/strong><\/p>\n<\/p>\n<h3>Not\u00edcias relacionadas:<\/h3>\n<ul>\n<li><a href=\"https:\/\/agenciabrasil.ebc.com.br\/justica\/noticia\/2025-09\/stf-tem-3-votos-contra-aval-do-legislativo-para-buscas-no-congresso\">STF tem 3 votos contra aval do Legislativo para buscas no Congresso.<\/a><\/li>\n<li><a href=\"https:\/\/agenciabrasil.ebc.com.br\/justica\/noticia\/2025-09\/pec-da-blindagem-toffoli-da-10-dias-para-camara-se-manifestar\">PEC da Blindagem: Dias Toffoli d\u00e1 dez dias para C\u00e2mara se manifestar .<\/a><\/li>\n<li><a href=\"https:\/\/agenciabrasil.ebc.com.br\/justica\/noticia\/2025-09\/barroso-valida-regra-da-reforma-sobre-aposentadoria-por-invalidez\">Barroso valida regra da reforma sobre aposentadoria por invalidez.<\/a><\/li>\n<\/ul>\n<p>O inqu\u00e9rito foi aberto em junho ap\u00f3s a deputada fugir para a It\u00e1lia para escapar da <a href=\"https:\/\/agenciabrasil.ebc.com.br\/justica\/noticia\/2025-05\/por-unanimidade-stf-condena-carla-zambelli-10-anos-de-prisao\" target=\"_blank\">condena\u00e7\u00e3o pelo STF a 10 anos de pris\u00e3o pela invas\u00e3o ao sistema eletr\u00f4nico do Conselho Nacional de Justi\u00e7a (CNJ), ocorrido em 2023<\/a>.<\/p>\n<p>Ao determinar o in\u00edcio da investiga\u00e7\u00e3o, Moraes citou publica\u00e7\u00f5es de Zambelli nas redes sociais e disse que a deputada pretendia adotar o &#8220;mesmo modus operandi&#8221; utilizado pelo deputado federal Eduardo Bolsonaro\u00a0(PL-SP), que est\u00e1 nos Estados unidos, para a &#8220;pr\u00e1tica de condutas il\u00edcitas&#8221;.\u00a0<\/p>\n<p><a href=\"https:\/\/www.whatsapp.com\/channel\/0029VaoRTgrInlqYLSk59B2M\" target=\"_blank\">>> Siga o canal da <strong>Ag\u00eancia Brasil <\/strong>no WhatsApp<\/a><\/p>\n<p>Antes de ser presa na It\u00e1lia, Zambelli viajou para os Estados Unidos e passou a fazer postagens com cr\u00edticas a Moraes.\u00a0<\/p>\n<p>Na avalia\u00e7\u00e3o da delegada respons\u00e1vel pelo caso, apesar de Zambelli ter dito que pretendia ir para a It\u00e1lia promover atos de obstru\u00e7\u00e3o de Justi\u00e7a, as declara\u00e7\u00f5es n\u00e3o resultaram em a\u00e7\u00f5es efetivas.\u00a0<\/p>\n<blockquote>\n<p>\u201cEmbora a inten\u00e7\u00e3o de frustrar a aplica\u00e7\u00e3o da lei penal tenha sido verbalizada, o comportamento de Carla Zambelli, salvo melhor ju\u00edzo, n\u00e3o ultrapassou o campo da ret\u00f3rica, inexistindo prova de efetivo \u00eaxito na ado\u00e7\u00e3o de expedientes, contatos, articula\u00e7\u00f5es ou provid\u00eancias aptas a comprometer o regular andamento de a\u00e7\u00e3o penal\u201d, diz o relat\u00f3rio.<\/p>\n<\/blockquote>\n<p><strong>As conclus\u00f5es da PF ser\u00e3o analisadas pelo ministro. Moraes poder\u00e1 arquivar o inqu\u00e9rito, pedir novas dilig\u00eancias \u00e0 PF ou enviar o caso para a Procuradoria-Geral da Rep\u00fablica (PGR).\u00a0<\/strong><\/p>\n<h2>Fuga<\/h2>\n<p>Por ter dupla cidadania, Zambelli\u00a0deixou o Brasil, em maio deste ano, ap\u00f3s ser condenada pelo STF.\u00a0<\/p>\n<p>De acordo com o processo que resultou na condena\u00e7\u00e3o,\u00a0 Zambelli\u00a0foi a autora intelectual da invas\u00e3o do sistema do CNJ para emiss\u00e3o de um mandato falso de pris\u00e3o contra Alexandre de Moraes. Segundo as investiga\u00e7\u00f5es, o hackeamento foi executado por Walter Delgatti, que tamb\u00e9m foi condenado e confirmou ter realizado o trabalho a mando da parlamentar.<\/p>\n<p>Ap\u00f3s a fuga para a It\u00e1lia, o governo brasileiro solicitou a extradi\u00e7\u00e3o da deputada para o Brasil. O pedido de extradi\u00e7\u00e3o de Carla Zambelli\u00a0foi oficializado no dia 11 de junho pelo ministro. Em seguida, o pedido foi enviado pelo Itamaraty ao governo italiano.\u00a0<\/p>\n","protected":false},"excerpt":{"rendered":"<p>A Pol\u00edcia Federal (PF) informou nesta sexta-feira (19) ao ministro Alexandre de Moraes, do Supremo Tribunal Federal (STF), que a deputada federal Carla Zambelli (PL-SP) n\u00e3o tomou a\u00e7\u00f5es efetivas para coagir a Corte.\u00a0 A conclus\u00e3o est\u00e1 no relat\u00f3rio de investiga\u00e7\u00e3o enviado ao ministro, que \u00e9 relator do inqu\u00e9rito no qual Zambelli \u00e9 investigada pelos crimes [&hellip;]<\/p>\n","protected":false},"author":80,"featured_media":3765,"comment_status":"open","ping_status":"open","sticky":false,"template":"","format":"standard","meta":{"site-sidebar-layout":"default","site-content-layout":"","ast-site-content-layout":"","site-content-style":"default","site-sidebar-style":"default","ast-global-header-display":"","ast-banner-title-visibility":"","ast-main-header-display":"","ast-hfb-above-header-display":"","ast-hfb-below-header-display":"","ast-hfb-mobile-header-display":"","site-post-title":"","ast-breadcrumbs-content":"","ast-featured-img":"","footer-sml-layout":"","theme-transparent-header-meta":"","adv-header-id-meta":"","stick-header-meta":"","header-above-stick-meta":"","header-main-stick-meta":"","header-below-stick-meta":"","astra-migrate-meta-layouts":"default","ast-page-background-enabled":"default","ast-page-background-meta":{"desktop":{"background-color":"var(--ast-global-color-4)","background-image":"","background-repeat":"repeat","background-position":"center center","background-size":"auto","background-attachment":"scroll","background-type":"","background-media":"","overlay-type":"","overlay-color":"","overlay-opacity":"","overlay-gradient":""},"tablet":{"background-color":"","background-image":"","background-repeat":"repeat","background-position":"center center","background-size":"auto","background-attachment":"scroll","background-type":"","background-media":"","overlay-type":"","overlay-color":"","overlay-opacity":"","overlay-gradient":""},"mobile":{"background-color":"","background-image":"","background-repeat":"repeat","background-position":"center center","background-size":"auto","background-attachment":"scroll","background-type":"","background-media":"","overlay-type":"","overlay-color":"","overlay-opacity":"","overlay-gradient":""}},"ast-content-background-meta":{"desktop":{"background-color":"var(--ast-global-color-5)","background-image":"","background-repeat":"repeat","background-position":"center center","background-size":"auto","background-attachment":"scroll","background-type":"","background-media":"","overlay-type":"","overlay-color":"","overlay-opacity":"","overlay-gradient":""},"tablet":{"background-color":"var(--ast-global-color-5)","background-image":"","background-repeat":"repeat","background-position":"center center","background-size":"auto","background-attachment":"scroll","background-type":"","background-media":"","overlay-type":"","overlay-color":"","overlay-opacity":"","overlay-gradient":""},"mobile":{"background-color":"var(--ast-global-color-5)","background-image":"","background-repeat":"repeat","background-position":"center center","background-size":"auto","background-attachment":"scroll","background-type":"","background-media":"","overlay-type":"","overlay-color":"","overlay-opacity":"","overlay-gradient":""}},"footnotes":""},"categories":[126],"tags":[],"class_list":["post-3764","post","type-post","status-publish","format-standard","has-post-thumbnail","hentry","category-policial"],"_links":{"self":[{"href":"https:\/\/vivanews.com.br\/index.php?rest_route=\/wp\/v2\/posts\/3764","targetHints":{"allow":["GET"]}}],"collection":[{"href":"https:\/\/vivanews.com.br\/index.php?rest_route=\/wp\/v2\/posts"}],"about":[{"href":"https:\/\/vivanews.com.br\/index.php?rest_route=\/wp\/v2\/types\/post"}],"author":[{"embeddable":true,"href":"https:\/\/vivanews.com.br\/index.php?rest_route=\/wp\/v2\/users\/80"}],"replies":[{"embeddable":true,"href":"https:\/\/vivanews.com.br\/index.php?rest_route=%2Fwp%2Fv2%2Fcomments&post=3764"}],"version-history":[{"count":0,"href":"https:\/\/vivanews.com.br\/index.php?rest_route=\/wp\/v2\/posts\/3764\/revisions"}],"wp:featuredmedia":[{"embeddable":true,"href":"https:\/\/vivanews.com.br\/index.php?rest_route=\/wp\/v2\/media\/3765"}],"wp:attachment":[{"href":"https:\/\/vivanews.com.br\/index.php?rest_route=%2Fwp%2Fv2%2Fmedia&parent=3764"}],"wp:term":[{"taxonomy":"category","embeddable":true,"href":"https:\/\/vivanews.com.br\/index.php?rest_route=%2Fwp%2Fv2%2Fcategories&post=3764"},{"taxonomy":"post_tag","embeddable":true,"href":"https:\/\/vivanews.com.br\/index.php?rest_route=%2Fwp%2Fv2%2Ftags&post=3764"}],"curies":[{"name":"wp","href":"https:\/\/api.w.org\/{rel}","templated":true}]}}