{"id":4078,"date":"2025-09-22T08:52:18","date_gmt":"2025-09-22T11:52:18","guid":{"rendered":"https:\/\/vivanews.com.br\/?p=4078"},"modified":"2025-09-22T08:52:18","modified_gmt":"2025-09-22T11:52:18","slug":"antes-de-decisao-sao-paulo-tem-pior-sequencia-desde-retorno-de-crespo","status":"publish","type":"post","link":"https:\/\/vivanews.com.br\/?p=4078","title":{"rendered":"Antes de decis\u00e3o, S\u00e3o Paulo tem pior sequ\u00eancia desde retorno de Crespo"},"content":{"rendered":"<p>O S\u00e3o Paulo teve a pior sequ\u00eancia de resultados com o t\u00e9cnico Hern\u00e1n Crespo desde o retorno do argentino ao clube paulista.<\/p>\n<div class=\"custom__ad__element\"><\/div>\n<p>O momento negativo acontece \u00e0s v\u00e9speras do segundo jogo das quartas de final da <a href=\"https:\/\/www.cnnbrasil.com.br\/esportes\/futebol\/futebol-internacional\/brasileiros-sofrem-mais-que-o-esperado-em-libertadores-e-sul-americana\/\">Copa Libertadores,<\/a> contra a LDU, do Equador.<\/p>\n<p>O Tricolor teve tr\u00eas derrotas nos \u00faltimos quatro jogos, sendo duas seguidas: diante da LDU e <a href=\"https:\/\/www.cnnbrasil.com.br\/esportes\/brasileirao\/santos-vence-o-sao-paulo-e-abre-quatro-pontos-do-z4-do-brasileiro\/\">contra o Santos<\/a>. No \u00faltimo domingo (21), a equipe perdeu para o rival na Vila Belmiro, pela 24\u00aa rodada da S\u00e9rie A do Campeonato Brasileiro.<\/p>\n<p>At\u00e9 ent\u00e3o, a <a href=\"https:\/\/www.cnnbrasil.com.br\/esportes\/futebol\/sao-paulo\/crespo-crava-resultado-do-sao-paulo-contra-a-ldu-vamos-ganhar\/\">pior sequ\u00eancia de Crespo<\/a> era uma derrota para o Flamengo e um empate com o RB Bragantino \u2014 essas foram as duas primeiras partidas do t\u00e9cnico ao retornar.<\/p>\n<aside class=\"read-too read-too--with-img\">\n<h2 class=\"read-too__title\">Leia Mais<\/h2>\n<ul class=\"read-too__list\">\n<li class=\"read-too__list-item\">\n    <a class=\"read-too__link\" href=\"https:\/\/www.cnnbrasil.com.br\/esportes\/futebol\/sao-paulo\/crespo-crava-resultado-do-sao-paulo-contra-a-ldu-vamos-ganhar\/\" target=\"_self\">\n                    <picture class=\"read-too__picture\">\n                <img decoding=\"async\" class=\"read-too__img\" src=\"https:\/\/admin.cnnbrasil.com.br\/wp-content\/uploads\/sites\/12\/2025\/09\/crespo_sao_paulo-e1758531520127.jpg?w=200\" alt='Crespo crava resultado do S\u00e3o Paulo contra a LDU: \"Vamos ganhar\"' title=\"Crespo crava resultado do S\u00e3o Paulo contra a LDU: \"Vamos ganhar\"'\" loading=\"lazy\">\n            <\/picture>\n<h3 class=\"read-too__post-title\">Crespo crava resultado do S\u00e3o Paulo contra a LDU: &#8220;Vamos ganhar&#8221;<\/h3>\n<p>    <\/a>\n<\/li>\n<li class=\"read-too__list-item\">\n    <a class=\"read-too__link\" href=\"https:\/\/www.cnnbrasil.com.br\/esportes\/futebol\/sao-paulo\/sao-paulo-trabalha-para-contar-com-oscar-e-lucas-na-volta-contra-ldu\/\" target=\"_self\">\n                    <picture class=\"read-too__picture\">\n                <img decoding=\"async\" class=\"read-too__img\" src=\"https:\/\/admin.cnnbrasil.com.br\/wp-content\/uploads\/sites\/12\/2025\/09\/Os-jogadores-do-Sao-Paulo-Oscar-Lucas-Moura-e-Luiz-Gustavo.png?w=200\" alt=\"S\u00e3o Paulo trabalha para contar com Oscar e Lucas na volta contra LDU\" title=\"S\u00e3o Paulo trabalha para contar com Oscar e Lucas na volta contra LDU'\" loading=\"lazy\">\n            <\/picture>\n<h3 class=\"read-too__post-title\">S\u00e3o Paulo trabalha para contar com Oscar e Lucas na volta contra LDU<\/h3>\n<p>    <\/a>\n<\/li>\n<li class=\"read-too__list-item\">\n    <a class=\"read-too__link\" href=\"https:\/\/www.cnnbrasil.com.br\/esportes\/brasileirao\/santos-vence-o-sao-paulo-e-abre-quatro-pontos-do-z4-do-brasileiro\/\" target=\"_self\">\n                    <picture class=\"read-too__picture\">\n                <img decoding=\"async\" class=\"read-too__img\" src=\"https:\/\/admin.cnnbrasil.com.br\/wp-content\/uploads\/sites\/12\/2025\/09\/guilherme-santos.jpg?w=200\" alt=\"Santos vence o S\u00e3o Paulo e abre quatro pontos do Z4 do Brasileiro\" title=\"Santos vence o S\u00e3o Paulo e abre quatro pontos do Z4 do Brasileiro'\" loading=\"lazy\">\n            <\/picture>\n<h3 class=\"read-too__post-title\">Santos vence o S\u00e3o Paulo e abre quatro pontos do Z4 do Brasileiro<\/h3>\n<p>    <\/a>\n<\/li>\n<\/ul>\n<\/aside>\n<p>O <a href=\"https:\/\/www.cnnbrasil.com.br\/esportes\/futebol\/sao-paulo\/luciano-desabafa-apos-derrota-para-ldu-nao-posso-perder-gol-assim\/\">S\u00e3o Paulo<\/a> j\u00e1 se reapresentar\u00e1 nesta segunda-feira (22), no centro de treinamento do clube, para iniciar a prepara\u00e7\u00e3o para o duelo com a LDU. Focado neste confronto, o Tricolor entrou com time reserva contra o Santos.<\/p>\n<div class=\"custom__ad__element\"><\/div>\n<p>\u201cCerteza que todo mundo est\u00e1 chateado pelas duas derrotas, mas agora n\u00e3o tem tempo de ficar remoendo, cabisbaixo, porque temos uma final, \u00e9 o nosso ano que est\u00e1 valendo na quinta-feira. A gente come\u00e7a a virar a chave, amanh\u00e3 j\u00e1 apresentamos novamente para focar somente na quinta-feira. A gente vai fazer de tudo para classificar\u201d, disse Alisson, ap\u00f3s o cl\u00e1ssico.<\/p>\n<p>\u201cN\u00e3o posso convencer ningu\u00e9m. \u00c9 acreditar ou n\u00e3o. Podem acontecer duas coisas: a gente vai ser eliminado ou passa. Se passa, vai ser hist\u00f3rico, vai ser \u00e9pico. N\u00e3o quero perder a oportunidade de viver uma coisa hist\u00f3rica ou \u00e9pica. A gente vai ganhar, a gente vai ganhar (\u2026) quinta ser\u00e1 um jogo mental. Estaremos bem\u201d, afirmou <a href=\"https:\/\/www.cnnbrasil.com.br\/esportes\/futebol\/sao-paulo\/sao-paulo-crespo-revela-diarreia-no-elenco-e-mantem-esperanca-em-virada\/\">Crespo<\/a>.<\/p>\n<\/p>\n<div class=\"post__video\">\n<div class=\"cnn component-video has--live\">\n<div class=\"component-inner\">\n<div class=\"video-wrapper \">\n<div class=\"video-wrapper-inner\">\n<div class=\"overlay-wrapper\">\n\t\t\t\t\t\t<button class=\"video-button js-video-play active\" aria-label=\"Assista o v\u00eddeo S\u00e3o Paulo sofre com altitude, perde para LDU e se complica na Libertadores | LIVE CNN\" tabindex=\"0\"><br \/>\n\t\t\t\t\t\t\t<img decoding=\"async\" class=\"thumbnail-image\" src=\"https:\/\/img.youtube.com\/vi\/7CfPA0L5m2o\/sddefault.jpg\" srcset=\"https:\/\/img.youtube.com\/vi\/7CfPA0L5m2o\/default.jpg 120w,\n                    https:\/\/img.youtube.com\/vi\/7CfPA0L5m2o\/mqdefault.jpg 320w,\n                    https:\/\/img.youtube.com\/vi\/7CfPA0L5m2o\/hqdefault.jpg 480w,\n                    https:\/\/img.youtube.com\/vi\/7CfPA0L5m2o\/sddefault.jpg 640w,\n                    https:\/\/img.youtube.com\/vi\/7CfPA0L5m2o\/maxresdefault.jpg 1280w\" alt=\"S\u00e3o Paulo sofre com altitude, perde para LDU e se complica na Libertadores | LIVE CNN\"><\/p>\n<p>\t\t\t\t\t\t\t<span class=\"video-play-button\" aria-label=\"Bot\u00e3o play do v\u00eddeo S\u00e3o Paulo sofre com altitude, perde para LDU e se complica na Libertadores | LIVE CNN\"><\/span><\/p>\n<p>\t\t\t\t\t\t\t\t\t\t\t\t\t\t\t<span class=\"video-gradient\"><\/span><br \/>\n\t\t\t\t\t\t\t\t<span class=\"video-title\">S\u00e3o Paulo sofre com altitude, perde para LDU e se complica na Libertadores | LIVE CNN<\/span><br \/>\n\t\t\t\t\t\t\t\t\t\t\t\t\t<\/button>\n\t\t\t\t\t<\/div>\n<p>\t\t\t\t\t\t\t\t\t\t<span class=\"embedded-video video-player-wrapper\" data-youtube-plcmt=\"1\" data-youtube-vpmute=\"0\" data-youtube-width=\"640px\" data-youtube-height=\"480px\" data-youtube-ui=\"esportes\" data-youtube-play=\"0\" data-youtube-mute=\"0\" data-youtube-id=\"7CfPA0L5m2o\" data-youtube-vpa=\"click\" data-youtube-hl=\"pt\" data-youtube-position=\"\"><\/span>\n\t\t\t\t<\/div>\n<\/p><\/div>\n<\/p><\/div>\n<\/p><\/div>\n<\/div>\n<h2>S\u00e3o Paulo x LDU<\/h2>\n<p>O S\u00e3o Paulo decide vaga nas semifinais da Copa Libertadores nesta quinta-feira (25), no Morumbis, contra a LDU, \u00e0s 19h (de Bras\u00edlia). <a href=\"https:\/\/www.cnnbrasil.com.br\/esportes\/futebol\/futebol-internacional\/libertadores-da-america\/sao-paulo-sofre-com-altitude-perde-para-ldu-e-se-complica-na-libertadores\/\">No jogo de ida, os equatorianos venceram em casa por 2 a 0.<\/a><\/p>\n<section class=\"gallery gallery--content\">\n    <input checked type=\"radio\" class=\"gallery__layout gallery__layout--default\" name=\"gallery-layout_glc_13966919\"><br \/>\n<input type=\"radio\" class=\"gallery__layout gallery__layout--full\" name=\"gallery-layout_glc_13966919\"><br \/>\n<input type=\"radio\" class=\"gallery__layout gallery__layout--grid\" name=\"gallery-layout_glc_13966919\"><\/p>\n<div class=\"gallery__modal\"><\/div>\n<div class=\"gallery__larger\">\n<ul class=\"gallery__list\">\n        <input checked type=\"radio\" class=\"gallery__selector\" name=\"lg_glc_13966919\"><\/p>\n<li class=\"gallery__item item1\">\n<div class=\"gallery__main-wrapper\">\n<div class=\"gallery__img-blur\">\n            <img decoding=\"async\" class=\"gallery__img\" src=\"https:\/\/admin.cnnbrasil.com.br\/wp-content\/uploads\/sites\/12\/2025\/09\/gol-ldu-sao-paulo-libertadores-1-e1758239425520.jpg?w=880\" loading=\"lazy\" alt=\"\"><\/p>\n<div class=\"gallery__img-blur__bg\"><\/div>\n<p>            <label class=\"gallery__img__label gallery__img__label--default\" for=\"gallery__default_glc_13966919\"><\/label><br \/>\n            <label class=\"gallery__img__label gallery__img__label--full\" for=\"gallery__full_glc_13966919\"><\/label>\n        <\/div>\n<div class=\"gallery__navigation\">\n            <label class=\"gallery__button gallery__button--prev\" for=\"lg_glc_13966919_11\">Trocar imagem<\/label><label class=\"gallery__button gallery__button--next\" for=\"lg_glc_13966919_2\">Trocar imagem<\/label>        <\/div>\n<div class=\"gallery__counter\">\n            1 de 11        <\/div>\n<\/p><\/div>\n<div class=\"gallery__description-wrapper\">\n<div class=\"gallery__description\">\n<p>Estrada comemora o segundo gol da LDU sobre o S\u00e3o Paulo em Quito \u2022 <span class=\"gallery__credit\">Franklin Jacome\/Getty Images<\/span><\/p>\n<\/div><\/div>\n<\/li>\n<p><input type=\"radio\" class=\"gallery__selector\" name=\"lg_glc_13966919\"><\/p>\n<li class=\"gallery__item item2\">\n<div class=\"gallery__main-wrapper\">\n<div class=\"gallery__img-blur\">\n            <img decoding=\"async\" class=\"gallery__img\" src=\"https:\/\/admin.cnnbrasil.com.br\/wp-content\/uploads\/sites\/12\/2025\/09\/gol-ldu-sao-paulo-libertadores-e1758234531800.jpg?w=880\" loading=\"lazy\" alt=\"\"><\/p>\n<div class=\"gallery__img-blur__bg\"><\/div>\n<p>            <label class=\"gallery__img__label gallery__img__label--default\" for=\"gallery__default_glc_13966919\"><\/label><br \/>\n            <label class=\"gallery__img__label gallery__img__label--full\" for=\"gallery__full_glc_13966919\"><\/label>\n        <\/div>\n<div class=\"gallery__navigation\">\n            <label class=\"gallery__button gallery__button--prev\" for=\"lg_glc_13966919_1\">Trocar imagem<\/label><label class=\"gallery__button gallery__button--next\" for=\"lg_glc_13966919_3\">Trocar imagem<\/label>        <\/div>\n<div class=\"gallery__counter\">\n            2 de 11        <\/div>\n<\/p><\/div>\n<div class=\"gallery__description-wrapper\">\n<div class=\"gallery__description\">\n<p>Bryan Ram\u00edrez comemora gol da LDU sobre o S\u00e3o Paulo pela Libertadores \u2022 <span class=\"gallery__credit\">Franklin Jacome\/Getty Images<\/span><\/p>\n<\/div><\/div>\n<\/li>\n<p><input type=\"radio\" class=\"gallery__selector\" name=\"lg_glc_13966919\"><\/p>\n<li class=\"gallery__item item3\">\n<div class=\"gallery__main-wrapper\">\n<div class=\"gallery__img-blur\">\n            <img decoding=\"async\" class=\"gallery__img\" src=\"https:\/\/admin.cnnbrasil.com.br\/wp-content\/uploads\/sites\/12\/2025\/09\/bryan_ramirez_gol_ldu_sao_paulo_libertadores.jpg?w=396\" loading=\"lazy\" alt=\"\"><\/p>\n<div class=\"gallery__img-blur__bg\"><\/div>\n<p>            <label class=\"gallery__img__label gallery__img__label--default\" for=\"gallery__default_glc_13966919\"><\/label><br \/>\n            <label class=\"gallery__img__label gallery__img__label--full\" for=\"gallery__full_glc_13966919\"><\/label>\n        <\/div>\n<div class=\"gallery__navigation\">\n            <label class=\"gallery__button gallery__button--prev\" for=\"lg_glc_13966919_2\">Trocar imagem<\/label><label class=\"gallery__button gallery__button--next\" for=\"lg_glc_13966919_4\">Trocar imagem<\/label><label class=\"gallery__button gallery__button--next gallery__button--ad\" for=\"ad_lg_glc_13966919_3\">Trocar imagem<\/label>        <\/div>\n<div class=\"gallery__counter\">\n            3 de 11        <\/div>\n<\/p><\/div>\n<div class=\"gallery__description-wrapper\">\n<div class=\"gallery__description\">\n<p>Bryan Ram\u00edrez marcou pela LDU contra o S\u00e3o Paulo na Libertadores \u2022 <span class=\"gallery__credit\">Reprodu\u00e7\u00e3o\/X\/LDU<\/span><\/p>\n<\/div><\/div>\n<\/li>\n<p><input type=\"radio\" class=\"gallery__selector gallery__selector--ad\" name=\"lg_glc_13966919\"><\/p>\n<li class=\"i3' gallery__item gallery__item--ad\">\n<div class=\"gallery__main-wrapper\">\n<div class=\"gallery__ad gallery__ad--3 ad__area\"><\/div>\n<div class=\"gallery__navigation\">\n            <label class=\"gallery__button gallery__button--prev\" for=\"lg_glc_13966919_3\">Trocar imagem<\/label><label class=\"gallery__button gallery__button--next\" for=\"lg_glc_13966919_4\">Trocar imagem<\/label>        <\/div>\n<\/p><\/div>\n<\/li>\n<p><input type=\"radio\" class=\"gallery__selector\" name=\"lg_glc_13966919\"><\/p>\n<li class=\"gallery__item item4\">\n<div class=\"gallery__main-wrapper\">\n<div class=\"gallery__img-blur\">\n            <img decoding=\"async\" class=\"gallery__img\" src=\"https:\/\/admin.cnnbrasil.com.br\/wp-content\/uploads\/sites\/12\/2025\/09\/ldu_sao_paulo_libertadores.jpg?w=396\" loading=\"lazy\" alt=\"\"><\/p>\n<div class=\"gallery__img-blur__bg\"><\/div>\n<p>            <label class=\"gallery__img__label gallery__img__label--default\" for=\"gallery__default_glc_13966919\"><\/label><br \/>\n            <label class=\"gallery__img__label gallery__img__label--full\" for=\"gallery__full_glc_13966919\"><\/label>\n        <\/div>\n<div class=\"gallery__navigation\">\n            <label class=\"gallery__button gallery__button--prev\" for=\"lg_glc_13966919_3\">Trocar imagem<\/label><label class=\"gallery__button gallery__button--prev gallery__button--ad\" for=\"ad_lg_glc_13966919_3\">Trocar imagem<\/label><label class=\"gallery__button gallery__button--next\" for=\"lg_glc_13966919_5\">Trocar imagem<\/label>        <\/div>\n<div class=\"gallery__counter\">\n            4 de 11        <\/div>\n<\/p><\/div>\n<div class=\"gallery__description-wrapper\">\n<div class=\"gallery__description\">\n<p>Lance de LDU x S\u00e3o Paulo pelas quartas de final da Libertadores \u2022 <span class=\"gallery__credit\">Reprodu\u00e7\u00e3o\/X\/LDU<\/span><\/p>\n<\/div><\/div>\n<\/li>\n<p><input type=\"radio\" class=\"gallery__selector\" name=\"lg_glc_13966919\"><\/p>\n<li class=\"gallery__item item5\">\n<div class=\"gallery__main-wrapper\">\n<div class=\"gallery__img-blur\">\n            <img decoding=\"async\" class=\"gallery__img\" src=\"https:\/\/admin.cnnbrasil.com.br\/wp-content\/uploads\/sites\/12\/2025\/09\/LDU-sao-paulo-libertadores-2-e1758238069199.jpg?w=880\" loading=\"lazy\" alt=\"\"><\/p>\n<div class=\"gallery__img-blur__bg\"><\/div>\n<p>            <label class=\"gallery__img__label gallery__img__label--default\" for=\"gallery__default_glc_13966919\"><\/label><br \/>\n            <label class=\"gallery__img__label gallery__img__label--full\" for=\"gallery__full_glc_13966919\"><\/label>\n        <\/div>\n<div class=\"gallery__navigation\">\n            <label class=\"gallery__button gallery__button--prev\" for=\"lg_glc_13966919_4\">Trocar imagem<\/label><label class=\"gallery__button gallery__button--next\" for=\"lg_glc_13966919_6\">Trocar imagem<\/label>        <\/div>\n<div class=\"gallery__counter\">\n            5 de 11        <\/div>\n<\/p><\/div>\n<div class=\"gallery__description-wrapper\">\n<div class=\"gallery__description\">\n<p>Lance de Luciano em LDU x S\u00e3o Paulo pelas quartas de final da Libertadores \u2022 <span class=\"gallery__credit\">Reprodu\u00e7\u00e3o\/X\/Libertadores<\/span><\/p>\n<\/div><\/div>\n<\/li>\n<p><input type=\"radio\" class=\"gallery__selector\" name=\"lg_glc_13966919\"><\/p>\n<li class=\"gallery__item item6\">\n<div class=\"gallery__main-wrapper\">\n<div class=\"gallery__img-blur\">\n            <img decoding=\"async\" class=\"gallery__img\" src=\"https:\/\/admin.cnnbrasil.com.br\/wp-content\/uploads\/sites\/12\/2025\/09\/LDU-sao-paulo-libertadores.jpg?w=680\" loading=\"lazy\" alt=\"\"><\/p>\n<div class=\"gallery__img-blur__bg\"><\/div>\n<p>            <label class=\"gallery__img__label gallery__img__label--default\" for=\"gallery__default_glc_13966919\"><\/label><br \/>\n            <label class=\"gallery__img__label gallery__img__label--full\" for=\"gallery__full_glc_13966919\"><\/label>\n        <\/div>\n<div class=\"gallery__navigation\">\n            <label class=\"gallery__button gallery__button--prev\" for=\"lg_glc_13966919_5\">Trocar imagem<\/label><label class=\"gallery__button gallery__button--next\" for=\"lg_glc_13966919_7\">Trocar imagem<\/label><label class=\"gallery__button gallery__button--next gallery__button--ad\" for=\"ad_lg_glc_13966919_6\">Trocar imagem<\/label>        <\/div>\n<div class=\"gallery__counter\">\n            6 de 11        <\/div>\n<\/p><\/div>\n<div class=\"gallery__description-wrapper\">\n<div class=\"gallery__description\">\n<p>Lance de LDU x S\u00e3o Paulo pelas quartas de final da Libertadores \u2022 <span class=\"gallery__credit\">Reprodu\u00e7\u00e3o\/X\/Libertadores<\/span><\/p>\n<\/div><\/div>\n<\/li>\n<p><input type=\"radio\" class=\"gallery__selector gallery__selector--ad\" name=\"lg_glc_13966919\"><\/p>\n<li class=\"i6' gallery__item gallery__item--ad\">\n<div class=\"gallery__main-wrapper\">\n<div class=\"gallery__ad gallery__ad--6 ad__area\"><\/div>\n<div class=\"gallery__navigation\">\n            <label class=\"gallery__button gallery__button--prev\" for=\"lg_glc_13966919_6\">Trocar imagem<\/label><label class=\"gallery__button gallery__button--next\" for=\"lg_glc_13966919_7\">Trocar imagem<\/label>        <\/div>\n<\/p><\/div>\n<\/li>\n<p><input type=\"radio\" class=\"gallery__selector\" name=\"lg_glc_13966919\"><\/p>\n<li class=\"gallery__item item7\">\n<div class=\"gallery__main-wrapper\">\n<div class=\"gallery__img-blur\">\n            <img decoding=\"async\" class=\"gallery__img\" src=\"https:\/\/admin.cnnbrasil.com.br\/wp-content\/uploads\/sites\/12\/2025\/09\/estadio_rodrigo_delgado-e1758230651120.jpeg?w=878\" loading=\"lazy\" alt=\"\"><\/p>\n<div class=\"gallery__img-blur__bg\"><\/div>\n<p>            <label class=\"gallery__img__label gallery__img__label--default\" for=\"gallery__default_glc_13966919\"><\/label><br \/>\n            <label class=\"gallery__img__label gallery__img__label--full\" for=\"gallery__full_glc_13966919\"><\/label>\n        <\/div>\n<div class=\"gallery__navigation\">\n            <label class=\"gallery__button gallery__button--prev\" for=\"lg_glc_13966919_6\">Trocar imagem<\/label><label class=\"gallery__button gallery__button--prev gallery__button--ad\" for=\"ad_lg_glc_13966919_6\">Trocar imagem<\/label><label class=\"gallery__button gallery__button--next\" for=\"lg_glc_13966919_8\">Trocar imagem<\/label>        <\/div>\n<div class=\"gallery__counter\">\n            7 de 11        <\/div>\n<\/p><\/div>\n<div class=\"gallery__description-wrapper\">\n<div class=\"gallery__description\">\n<p>Est\u00e1dio Rodrigo Paz Delgado, casa da LDU, em Quito \u2022 <span class=\"gallery__credit\">Rubens Chiri\/S\u00e3o Paulo FC<\/span><\/p>\n<\/div><\/div>\n<\/li>\n<p><input type=\"radio\" class=\"gallery__selector\" name=\"lg_glc_13966919\"><\/p>\n<li class=\"gallery__item item8\">\n<div class=\"gallery__main-wrapper\">\n<div class=\"gallery__img-blur\">\n            <img decoding=\"async\" class=\"gallery__img\" src=\"https:\/\/admin.cnnbrasil.com.br\/wp-content\/uploads\/sites\/12\/2025\/09\/ldu_vestiario-e1758229094255.jpeg?w=880\" loading=\"lazy\" alt=\"\"><\/p>\n<div class=\"gallery__img-blur__bg\"><\/div>\n<p>            <label class=\"gallery__img__label gallery__img__label--default\" for=\"gallery__default_glc_13966919\"><\/label><br \/>\n            <label class=\"gallery__img__label gallery__img__label--full\" for=\"gallery__full_glc_13966919\"><\/label>\n        <\/div>\n<div class=\"gallery__navigation\">\n            <label class=\"gallery__button gallery__button--prev\" for=\"lg_glc_13966919_7\">Trocar imagem<\/label><label class=\"gallery__button gallery__button--next\" for=\"lg_glc_13966919_9\">Trocar imagem<\/label>        <\/div>\n<div class=\"gallery__counter\">\n            8 de 11        <\/div>\n<\/p><\/div>\n<div class=\"gallery__description-wrapper\">\n<div class=\"gallery__description\">\n<p>Vesti\u00e1rio da LDU para confronto contra o S\u00e3o Paulo, pelas quartas da Libertadores \u2022 <span class=\"gallery__credit\">Reprodu\u00e7\u00e3o\/X\/@LDU_Oficial<\/span><\/p>\n<\/div><\/div>\n<\/li>\n<p><input type=\"radio\" class=\"gallery__selector\" name=\"lg_glc_13966919\"><\/p>\n<li class=\"gallery__item item9\">\n<div class=\"gallery__main-wrapper\">\n<div class=\"gallery__img-blur\">\n            <img decoding=\"async\" class=\"gallery__img\" src=\"https:\/\/admin.cnnbrasil.com.br\/wp-content\/uploads\/sites\/12\/2025\/09\/rafael_toloi-e1758229063921.jpeg?w=880\" loading=\"lazy\" alt=\"\"><\/p>\n<div class=\"gallery__img-blur__bg\"><\/div>\n<p>            <label class=\"gallery__img__label gallery__img__label--default\" for=\"gallery__default_glc_13966919\"><\/label><br \/>\n            <label class=\"gallery__img__label gallery__img__label--full\" for=\"gallery__full_glc_13966919\"><\/label>\n        <\/div>\n<div class=\"gallery__navigation\">\n            <label class=\"gallery__button gallery__button--prev\" for=\"lg_glc_13966919_8\">Trocar imagem<\/label><label class=\"gallery__button gallery__button--next\" for=\"lg_glc_13966919_10\">Trocar imagem<\/label><label class=\"gallery__button gallery__button--next gallery__button--ad\" for=\"ad_lg_glc_13966919_9\">Trocar imagem<\/label>        <\/div>\n<div class=\"gallery__counter\">\n            9 de 11        <\/div>\n<\/p><\/div>\n<div class=\"gallery__description-wrapper\">\n<div class=\"gallery__description\">\n<p>Chegada do zagueiro Rafael Tol\u00f3i, do S\u00e3o Paulo \u2022 <span class=\"gallery__credit\">Rubens Chiri\/S\u00e3o Paulo FC<\/span><\/p>\n<\/div><\/div>\n<\/li>\n<p><input type=\"radio\" class=\"gallery__selector gallery__selector--ad\" name=\"lg_glc_13966919\"><\/p>\n<li class=\"i9' gallery__item gallery__item--ad\">\n<div class=\"gallery__main-wrapper\">\n<div class=\"gallery__ad gallery__ad--9 ad__area\"><\/div>\n<div class=\"gallery__navigation\">\n            <label class=\"gallery__button gallery__button--prev\" for=\"lg_glc_13966919_9\">Trocar imagem<\/label><label class=\"gallery__button gallery__button--next\" for=\"lg_glc_13966919_10\">Trocar imagem<\/label>        <\/div>\n<\/p><\/div>\n<\/li>\n<p><input type=\"radio\" class=\"gallery__selector\" name=\"lg_glc_13966919\"><\/p>\n<li class=\"gallery__item item10\">\n<div class=\"gallery__main-wrapper\">\n<div class=\"gallery__img-blur\">\n            <img decoding=\"async\" class=\"gallery__img\" src=\"https:\/\/admin.cnnbrasil.com.br\/wp-content\/uploads\/sites\/12\/2025\/09\/ldu_flamula-e1758229079867.jpeg?w=880\" loading=\"lazy\" alt=\"\"><\/p>\n<div class=\"gallery__img-blur__bg\"><\/div>\n<p>            <label class=\"gallery__img__label gallery__img__label--default\" for=\"gallery__default_glc_13966919\"><\/label><br \/>\n            <label class=\"gallery__img__label gallery__img__label--full\" for=\"gallery__full_glc_13966919\"><\/label>\n        <\/div>\n<div class=\"gallery__navigation\">\n            <label class=\"gallery__button gallery__button--prev\" for=\"lg_glc_13966919_9\">Trocar imagem<\/label><label class=\"gallery__button gallery__button--prev gallery__button--ad\" for=\"ad_lg_glc_13966919_9\">Trocar imagem<\/label><label class=\"gallery__button gallery__button--next\" for=\"lg_glc_13966919_11\">Trocar imagem<\/label>        <\/div>\n<div class=\"gallery__counter\">\n            10 de 11        <\/div>\n<\/p><\/div>\n<div class=\"gallery__description-wrapper\">\n<div class=\"gallery__description\">\n<p>Fl\u00e2mula da LDU para partida contra o S\u00e3o Paulo \u2022 <span class=\"gallery__credit\">Reprodu\u00e7\u00e3o\/X\/@LDU_Oficial<\/span><\/p>\n<\/div><\/div>\n<\/li>\n<p><input type=\"radio\" class=\"gallery__selector\" name=\"lg_glc_13966919\"><\/p>\n<li class=\"gallery__item item11\">\n<div class=\"gallery__main-wrapper\">\n<div class=\"gallery__img-blur\">\n            <img decoding=\"async\" class=\"gallery__img\" src=\"https:\/\/admin.cnnbrasil.com.br\/wp-content\/uploads\/sites\/12\/2025\/09\/jogadores_sao_paulo-e1758229050435.jpeg?w=880\" loading=\"lazy\" alt=\"\"><\/p>\n<div class=\"gallery__img-blur__bg\"><\/div>\n<p>            <label class=\"gallery__img__label gallery__img__label--default\" for=\"gallery__default_glc_13966919\"><\/label><br \/>\n            <label class=\"gallery__img__label gallery__img__label--full\" for=\"gallery__full_glc_13966919\"><\/label>\n        <\/div>\n<div class=\"gallery__navigation\">\n            <label class=\"gallery__button gallery__button--prev\" for=\"lg_glc_13966919_10\">Trocar imagem<\/label><label class=\"gallery__button gallery__button--next\" for=\"lg_glc_13966919_1\">Trocar imagem<\/label>        <\/div>\n<div class=\"gallery__counter\">\n            11 de 11        <\/div>\n<\/p><\/div>\n<div class=\"gallery__description-wrapper\">\n<div class=\"gallery__description\">\n<p>jogadores do S\u00e3o Paulo realizando o reconhecimento do gramado em Quito \u2022 <span class=\"gallery__credit\">Rubens Chiri\/S\u00e3o Paulo FC<\/span><\/p>\n<\/div><\/div>\n<\/li>\n<\/ul>\n<\/div>\n<div class=\"gallery__thumbnails\">\n<ul class=\"gallery__thumb-list\">\n<li class=\"gallery__thumb gallery__thumb--active\">\n    <label class=\"gallery__thumb-label\" for=\"lg_glc_13966919_1\"><\/p>\n<div class=\"gallery__main-wrapper\">\n<div class=\"gallery__img-blur\">\n                <img decoding=\"async\" class=\"gallery__img\" src=\"https:\/\/admin.cnnbrasil.com.br\/wp-content\/uploads\/sites\/12\/2025\/09\/gol-ldu-sao-paulo-libertadores-1-e1758239425520.jpg?w=194\" loading=\"lazy\" alt=\"\"><\/p>\n<div class=\"gallery__img-blur__bg\"><\/div>\n<\/p><\/div>\n<\/p><\/div>\n<p>    <\/label>\n<\/li>\n<li class=\"gallery__thumb \">\n    <label class=\"gallery__thumb-label\" for=\"lg_glc_13966919_2\"><\/p>\n<div class=\"gallery__main-wrapper\">\n<div class=\"gallery__img-blur\">\n                <img decoding=\"async\" class=\"gallery__img\" src=\"https:\/\/admin.cnnbrasil.com.br\/wp-content\/uploads\/sites\/12\/2025\/09\/gol-ldu-sao-paulo-libertadores-e1758234531800.jpg?w=194\" loading=\"lazy\" alt=\"\"><\/p>\n<div class=\"gallery__img-blur__bg\"><\/div>\n<\/p><\/div>\n<\/p><\/div>\n<p>    <\/label>\n<\/li>\n<li class=\"gallery__thumb \">\n    <label class=\"gallery__thumb-label\" for=\"lg_glc_13966919_3\"><\/p>\n<div class=\"gallery__main-wrapper\">\n<div class=\"gallery__img-blur\">\n                <img decoding=\"async\" class=\"gallery__img\" src=\"https:\/\/admin.cnnbrasil.com.br\/wp-content\/uploads\/sites\/12\/2025\/09\/bryan_ramirez_gol_ldu_sao_paulo_libertadores.jpg?w=87\" loading=\"lazy\" alt=\"\"><\/p>\n<div class=\"gallery__img-blur__bg\"><\/div>\n<\/p><\/div>\n<\/p><\/div>\n<p>    <\/label>\n<\/li>\n<li class=\"gallery__thumb \">\n    <label class=\"gallery__thumb-label\" for=\"lg_glc_13966919_4\"><\/p>\n<div class=\"gallery__main-wrapper\">\n<div class=\"gallery__img-blur\">\n                <img decoding=\"async\" class=\"gallery__img\" src=\"https:\/\/admin.cnnbrasil.com.br\/wp-content\/uploads\/sites\/12\/2025\/09\/ldu_sao_paulo_libertadores.jpg?w=87\" loading=\"lazy\" alt=\"\"><\/p>\n<div class=\"gallery__img-blur__bg\"><\/div>\n<\/p><\/div>\n<\/p><\/div>\n<p>    <\/label>\n<\/li>\n<li class=\"gallery__thumb \">\n    <label class=\"gallery__thumb-label\" for=\"lg_glc_13966919_5\"><\/p>\n<div class=\"gallery__main-wrapper\">\n<div class=\"gallery__img-blur\">\n                <img decoding=\"async\" class=\"gallery__img\" src=\"https:\/\/admin.cnnbrasil.com.br\/wp-content\/uploads\/sites\/12\/2025\/09\/LDU-sao-paulo-libertadores-2-e1758238069199.jpg?w=194\" loading=\"lazy\" alt=\"\"><\/p>\n<div class=\"gallery__img-blur__bg\"><\/div>\n<\/p><\/div>\n<\/p><\/div>\n<p>    <\/label>\n<\/li>\n<li class=\"gallery__thumb \">\n    <label class=\"gallery__thumb-label\" for=\"lg_glc_13966919_6\"><\/p>\n<div class=\"gallery__main-wrapper\">\n<div class=\"gallery__img-blur\">\n                <img decoding=\"async\" class=\"gallery__img\" src=\"https:\/\/admin.cnnbrasil.com.br\/wp-content\/uploads\/sites\/12\/2025\/09\/LDU-sao-paulo-libertadores.jpg?w=164\" loading=\"lazy\" alt=\"\"><\/p>\n<div class=\"gallery__img-blur__bg\"><\/div>\n<\/p><\/div>\n<\/p><\/div>\n<p>    <\/label>\n<\/li>\n<li class=\"gallery__thumb \">\n    <label class=\"gallery__thumb-label\" for=\"lg_glc_13966919_7\"><\/p>\n<div class=\"gallery__main-wrapper\">\n<div class=\"gallery__img-blur\">\n                <img decoding=\"async\" class=\"gallery__img\" src=\"https:\/\/admin.cnnbrasil.com.br\/wp-content\/uploads\/sites\/12\/2025\/09\/estadio_rodrigo_delgado-e1758230651120.jpeg?w=194\" loading=\"lazy\" alt=\"\"><\/p>\n<div class=\"gallery__img-blur__bg\"><\/div>\n<\/p><\/div>\n<\/p><\/div>\n<p>    <\/label>\n<\/li>\n<li class=\"gallery__thumb \">\n    <label class=\"gallery__thumb-label\" for=\"lg_glc_13966919_8\"><\/p>\n<div class=\"gallery__main-wrapper\">\n<div class=\"gallery__img-blur\">\n                <img decoding=\"async\" class=\"gallery__img\" src=\"https:\/\/admin.cnnbrasil.com.br\/wp-content\/uploads\/sites\/12\/2025\/09\/ldu_vestiario-e1758229094255.jpeg?w=194\" loading=\"lazy\" alt=\"\"><\/p>\n<div class=\"gallery__img-blur__bg\"><\/div>\n<\/p><\/div>\n<\/p><\/div>\n<p>    <\/label>\n<\/li>\n<li class=\"gallery__thumb \">\n    <label class=\"gallery__thumb-label\" for=\"lg_glc_13966919_9\"><\/p>\n<div class=\"gallery__main-wrapper\">\n<div class=\"gallery__img-blur\">\n                <img decoding=\"async\" class=\"gallery__img\" src=\"https:\/\/admin.cnnbrasil.com.br\/wp-content\/uploads\/sites\/12\/2025\/09\/rafael_toloi-e1758229063921.jpeg?w=194\" loading=\"lazy\" alt=\"\"><\/p>\n<div class=\"gallery__img-blur__bg\"><\/div>\n<\/p><\/div>\n<\/p><\/div>\n<p>    <\/label>\n<\/li>\n<li class=\"gallery__thumb \">\n    <label class=\"gallery__thumb-label\" for=\"lg_glc_13966919_10\"><\/p>\n<div class=\"gallery__main-wrapper\">\n<div class=\"gallery__img-blur\">\n                <img decoding=\"async\" class=\"gallery__img\" src=\"https:\/\/admin.cnnbrasil.com.br\/wp-content\/uploads\/sites\/12\/2025\/09\/ldu_flamula-e1758229079867.jpeg?w=194\" loading=\"lazy\" alt=\"\"><\/p>\n<div class=\"gallery__img-blur__bg\"><\/div>\n<\/p><\/div>\n<\/p><\/div>\n<p>    <\/label>\n<\/li>\n<li class=\"gallery__thumb \">\n    <label class=\"gallery__thumb-label\" for=\"lg_glc_13966919_11\"><\/p>\n<div class=\"gallery__main-wrapper\">\n<div class=\"gallery__img-blur\">\n                <img decoding=\"async\" class=\"gallery__img\" src=\"https:\/\/admin.cnnbrasil.com.br\/wp-content\/uploads\/sites\/12\/2025\/09\/jogadores_sao_paulo-e1758229050435.jpeg?w=194\" loading=\"lazy\" alt=\"\"><\/p>\n<div class=\"gallery__img-blur__bg\"><\/div>\n<\/p><\/div>\n<\/p><\/div>\n<p>    <\/label>\n<\/li>\n<\/ul>\n<\/div>\n<div class=\"gallery__switcher\">\n    <label class=\"gallery__button gallery__button--default\" for=\"gallery__default_glc_13966919\">visualiza\u00e7\u00e3o default<\/label><br \/>\n    <label class=\"gallery__button gallery__button--full\" for=\"gallery__full_glc_13966919\">visualiza\u00e7\u00e3o full<\/label><br \/>\n    <label class=\"gallery__button gallery__button--grid\" for=\"gallery__grid_glc_13966919\">visualiza\u00e7\u00e3o grid<\/label>\n<\/div>\n<\/section>\n","protected":false},"excerpt":{"rendered":"<p>O S\u00e3o Paulo teve a pior sequ\u00eancia de resultados com o t\u00e9cnico Hern\u00e1n Crespo desde o retorno do argentino ao clube paulista. O momento negativo acontece \u00e0s v\u00e9speras do segundo jogo das quartas de final da Copa Libertadores, contra a LDU, do Equador. O Tricolor teve tr\u00eas derrotas nos \u00faltimos quatro jogos, sendo duas seguidas: [&hellip;]<\/p>\n","protected":false},"author":184,"featured_media":4079,"comment_status":"open","ping_status":"open","sticky":false,"template":"","format":"standard","meta":{"site-sidebar-layout":"default","site-content-layout":"","ast-site-content-layout":"","site-content-style":"default","site-sidebar-style":"default","ast-global-header-display":"","ast-banner-title-visibility":"","ast-main-header-display":"","ast-hfb-above-header-display":"","ast-hfb-below-header-display":"","ast-hfb-mobile-header-display":"","site-post-title":"","ast-breadcrumbs-content":"","ast-featured-img":"","footer-sml-layout":"","theme-transparent-header-meta":"","adv-header-id-meta":"","stick-header-meta":"","header-above-stick-meta":"","header-main-stick-meta":"","header-below-stick-meta":"","astra-migrate-meta-layouts":"default","ast-page-background-enabled":"default","ast-page-background-meta":{"desktop":{"background-color":"var(--ast-global-color-4)","background-image":"","background-repeat":"repeat","background-position":"center center","background-size":"auto","background-attachment":"scroll","background-type":"","background-media":"","overlay-type":"","overlay-color":"","overlay-opacity":"","overlay-gradient":""},"tablet":{"background-color":"","background-image":"","background-repeat":"repeat","background-position":"center center","background-size":"auto","background-attachment":"scroll","background-type":"","background-media":"","overlay-type":"","overlay-color":"","overlay-opacity":"","overlay-gradient":""},"mobile":{"background-color":"","background-image":"","background-repeat":"repeat","background-position":"center center","background-size":"auto","background-attachment":"scroll","background-type":"","background-media":"","overlay-type":"","overlay-color":"","overlay-opacity":"","overlay-gradient":""}},"ast-content-background-meta":{"desktop":{"background-color":"var(--ast-global-color-5)","background-image":"","background-repeat":"repeat","background-position":"center center","background-size":"auto","background-attachment":"scroll","background-type":"","background-media":"","overlay-type":"","overlay-color":"","overlay-opacity":"","overlay-gradient":""},"tablet":{"background-color":"var(--ast-global-color-5)","background-image":"","background-repeat":"repeat","background-position":"center center","background-size":"auto","background-attachment":"scroll","background-type":"","background-media":"","overlay-type":"","overlay-color":"","overlay-opacity":"","overlay-gradient":""},"mobile":{"background-color":"var(--ast-global-color-5)","background-image":"","background-repeat":"repeat","background-position":"center center","background-size":"auto","background-attachment":"scroll","background-type":"","background-media":"","overlay-type":"","overlay-color":"","overlay-opacity":"","overlay-gradient":""}},"footnotes":""},"categories":[132],"tags":[],"class_list":["post-4078","post","type-post","status-publish","format-standard","has-post-thumbnail","hentry","category-brasil"],"_links":{"self":[{"href":"https:\/\/vivanews.com.br\/index.php?rest_route=\/wp\/v2\/posts\/4078","targetHints":{"allow":["GET"]}}],"collection":[{"href":"https:\/\/vivanews.com.br\/index.php?rest_route=\/wp\/v2\/posts"}],"about":[{"href":"https:\/\/vivanews.com.br\/index.php?rest_route=\/wp\/v2\/types\/post"}],"author":[{"embeddable":true,"href":"https:\/\/vivanews.com.br\/index.php?rest_route=\/wp\/v2\/users\/184"}],"replies":[{"embeddable":true,"href":"https:\/\/vivanews.com.br\/index.php?rest_route=%2Fwp%2Fv2%2Fcomments&post=4078"}],"version-history":[{"count":0,"href":"https:\/\/vivanews.com.br\/index.php?rest_route=\/wp\/v2\/posts\/4078\/revisions"}],"wp:featuredmedia":[{"embeddable":true,"href":"https:\/\/vivanews.com.br\/index.php?rest_route=\/wp\/v2\/media\/4079"}],"wp:attachment":[{"href":"https:\/\/vivanews.com.br\/index.php?rest_route=%2Fwp%2Fv2%2Fmedia&parent=4078"}],"wp:term":[{"taxonomy":"category","embeddable":true,"href":"https:\/\/vivanews.com.br\/index.php?rest_route=%2Fwp%2Fv2%2Fcategories&post=4078"},{"taxonomy":"post_tag","embeddable":true,"href":"https:\/\/vivanews.com.br\/index.php?rest_route=%2Fwp%2Fv2%2Ftags&post=4078"}],"curies":[{"name":"wp","href":"https:\/\/api.w.org\/{rel}","templated":true}]}}