{"id":4080,"date":"2025-09-22T08:52:17","date_gmt":"2025-09-22T11:52:17","guid":{"rendered":"https:\/\/vivanews.com.br\/?p=4080"},"modified":"2025-09-22T08:52:17","modified_gmt":"2025-09-22T11:52:17","slug":"supertufao-atinge-filipinas-e-gera-alertas-na-china-e-taiwan","status":"publish","type":"post","link":"https:\/\/vivanews.com.br\/?p=4080","title":{"rendered":"Supertuf\u00e3o atinge Filipinas e gera alertas na China e Taiwan"},"content":{"rendered":"<p>A tempestade mais forte do ano at\u00e9 agora atingiu o norte das Filipinas com ventos destrutivos e chuvas torrenciais, provocando a retirada de milhares de pessoas e os preparativos de preven\u00e7\u00e3o nas proximidades de Hong Kong, Taiwan e China continental.<\/p>\n<div class=\"custom__ad__element\"><\/div>\n<p>O supertuf\u00e3o Ragasa, conhecido nas Filipinas como Nando, atingiu a Ilha Panuitan, na prov\u00edncia de Cagayan, no norte do pa\u00eds, nesta segunda-feira (22), segundo a PAGASA (Ag\u00eancia meteorol\u00f3gica do pa\u00eds) \u2014 ap\u00f3s gerar ventos sustentados de mais de 267 km\/h, o equivalente a um furac\u00e3o de categoria 5.<\/p>\n<p>Dezenas de milhares de pessoas podem ser afetadas pela tempestade, que deve passar por partes do pa\u00eds insular asi\u00e1tico antes de se dirigir \u00e0s principais cidades de Hong Kong e Macau, e \u00e0 prov\u00edncia de Guangdong, na China continental.<\/p>\n<p>\u201cOs ventos locais podem ser ligeiramente mais fortes\/aumentados em \u00e1reas costeiras e de terras altas\/montanhas expostas aos ventos. Os ventos s\u00e3o menos fortes em \u00e1reas abrigadas da dire\u00e7\u00e3o predominante do vento\u201d, informou a PAGASA.<\/p>\n<aside class=\"read-too read-too--with-img\">\n<ul class=\"read-too__list\">\n<li class=\"read-too__list-item\">\n    <a class=\"read-too__link\" href=\"https:\/\/www.cnnbrasil.com.br\/internacional\/tufao-peipah-atinge-o-japao-e-destroi-casas-23-pessoas-ficaram-feridas\/\" target=\"_self\">\n                    <picture class=\"read-too__picture\">\n                <img decoding=\"async\" class=\"read-too__img\" src=\"https:\/\/admin.cnnbrasil.com.br\/wp-content\/uploads\/sites\/12\/2025\/09\/Tufao-Peipah-destroi-pelo-menos-220-edificios-e-fere-23-em-Shizuoka-no-Japao.jpg?w=200\" alt=\"Tuf\u00e3o Peipah atinge o Jap\u00e3o e destr\u00f3i casas; 23 pessoas ficaram feridas\" title=\"Tuf\u00e3o Peipah atinge o Jap\u00e3o e destr\u00f3i casas; 23 pessoas ficaram feridas'\" loading=\"lazy\">\n            <\/picture>\n<h3 class=\"read-too__post-title\">Tuf\u00e3o Peipah atinge o Jap\u00e3o e destr\u00f3i casas; 23 pessoas ficaram feridas<\/h3>\n<p>    <\/a>\n<\/li>\n<li class=\"read-too__list-item\">\n    <a class=\"read-too__link\" href=\"https:\/\/www.cnnbrasil.com.br\/internacional\/furacao-erin-se-intensifica-e-antecipa-femomenos-semelhantes\/\" target=\"_self\">\n                    <picture class=\"read-too__picture\">\n                <img decoding=\"async\" class=\"read-too__img\" src=\"https:\/\/admin.cnnbrasil.com.br\/wp-content\/uploads\/sites\/12\/2025\/08\/furacao-erin.jpg?w=200\" alt=\"Cientistas alertam que furac\u00f5es t\u00eam se intensificado mais r\u00e1pido\" title=\"Cientistas alertam que furac\u00f5es t\u00eam se intensificado mais r\u00e1pido'\" loading=\"lazy\">\n            <\/picture>\n<h3 class=\"read-too__post-title\">Cientistas alertam que furac\u00f5es t\u00eam se intensificado mais r\u00e1pido<\/h3>\n<p>    <\/a>\n<\/li>\n<li class=\"read-too__list-item\">\n    <a class=\"read-too__link\" href=\"https:\/\/www.cnnbrasil.com.br\/internacional\/avanco-do-furacao-erin-ameaca-costa-leste-dos-eua-e-bahamas\/\" target=\"_self\">\n                    <picture class=\"read-too__picture\">\n                <img decoding=\"async\" class=\"read-too__img\" src=\"https:\/\/admin.cnnbrasil.com.br\/wp-content\/uploads\/sites\/12\/2025\/08\/furacao-erin-eua.jpg?w=200\" alt=\"Avan\u00e7o do furac\u00e3o Erin amea\u00e7a costa leste dos EUA e Bahamas\" title=\"Avan\u00e7o do furac\u00e3o Erin amea\u00e7a costa leste dos EUA e Bahamas'\" loading=\"lazy\">\n            <\/picture>\n<h3 class=\"read-too__post-title\">Avan\u00e7o do furac\u00e3o Erin amea\u00e7a costa leste dos EUA e Bahamas<\/h3>\n<p>    <\/a>\n<\/li>\n<\/ul>\n<\/aside>\n<p>Na manh\u00e3 desta segunda-feira (22), a tempestade estava localizada a pouco mais de mil quil\u00f4metros a leste-sudeste de Hong Kong e se movia para oeste a aproximadamente 23 km\/h.<\/p>\n<div class=\"custom__ad__element\"><\/div>\n<p>Mesmo sem atingir diretamente as Filipinas, as faixas externas do Ragasa desencadear\u00e3o chuvas torrenciais e rajadas de vento destrutivas de mais de 315 km\/h.<\/p>\n<p>Inunda\u00e7\u00f5es e deslizamentos de terra s\u00e3o poss\u00edveis no norte de Luzon, onde os totais de chuva podem ultrapassar 400 mm em alguns pontos.<\/p>\n<p>Ondas enormes de tr\u00eas metros ou mais amea\u00e7am inundar \u00e1reas costeiras das Ilhas Batanes e Babuyan, nas Filipinas, no leste de Taiwan e, posteriormente, no sul da China e do Vietn\u00e3.<\/p>\n<h2><strong>Milhares de pessoas fogem com a chegada do tuf\u00e3o<\/strong><\/h2>\n<p>A ag\u00eancia meteorol\u00f3gica das Filipinas emitiu o sinal de vento de ciclone tropical mais alto, na manh\u00e3 desta segunda-feira, para o norte das Ilhas Babuyan, alertando para condi\u00e7\u00f5es \u201cpotencialmente muito destrutivas\u201d e \u201cum alto risco de tempestades fatais\u201d nessas \u00e1reas.<\/p>\n<p>Alertas de inunda\u00e7\u00e3o tamb\u00e9m foram emitidos para \u00e1reas baixas de Luzon, nas Filipinas, j\u00e1 que os ventos de Ragasa intensificam as chuvas torrenciais de mon\u00e7\u00f5es e a amea\u00e7a de inunda\u00e7\u00f5es devastadoras.<\/p>\n<p>O arquip\u00e9lago sofre com m\u00faltiplos tuf\u00f5es anualmente, mas a <a href=\"https:\/\/www.cnnbrasil.com.br\/blogs\/priscila-yazbek\/internacional\/furacoes-se-tornam-mais-lentos-e-destrutivos-devido-as-mudancas-climaticas-dizem-estudos\/\">crise clim\u00e1tica causada pelo homem tornou as tempestades mais imprevis\u00edveis e extremas<\/a>, deixando os mais pobres do pa\u00eds mais vulner\u00e1veis.<\/p>\n<p>Em 2024, as Filipinas foram atingidas por quatro tuf\u00f5es em menos de duas semanas, causando grandes danos com chuvas torrenciais, tempestades e deslizamentos de terra.<\/p>\n<h2><strong>Hong Kong, Taiwan e Guangdong em alerta\u00a0<\/strong><\/h2>\n<p>Em outras partes da regi\u00e3o, as autoridades anunciaram diversas medidas de prote\u00e7\u00e3o para os civis antes que a tempestade chegue ao continente \u2014 incluindo o fechamento de escolas, a interrup\u00e7\u00e3o de importantes linhas de transporte e ordens de retirada.<\/p>\n<p>Na China, as autoridades estavam se preparando para realocar 400 mil pessoas de \u00e1reas baixas e costeiras de Shenzhen \u2014 uma megacidade com cerca de 17,5 milh\u00f5es de habitantes.<\/p>\n<p>Mais ao norte, os trens ser\u00e3o gradualmente suspensos na ter\u00e7a-feira (23) em toda a prov\u00edncia de Guangdong, informaram as autoridades ferrovi\u00e1rias.<\/p>\n<p>Autoridades de Taiwan emitiram um alerta terrestre e mar\u00edtimo, anunciaram a suspens\u00e3o de alguns servi\u00e7os de balsa e o fechamento de trilhas naturais nos condados do sul e do leste \u2014 em antecipa\u00e7\u00e3o a fortes chuvas e inunda\u00e7\u00f5es. No leste do Condado de Hualien, cerca de 300 moradores foram colocados em estado de alerta para retirada.<\/p>\n<p>A companhia a\u00e9rea Cathay Pacific Airways, com sede em Hong Kong, interromper\u00e1 os voos de passageiros programados para partir e chegar \u00e0 cidade na noite de ter\u00e7a-feira (23), segundo a ag\u00eancia de not\u00edcias Associated Press. Mais de 500 voos devem ser cancelados.<\/p>\n<p><input type=\"checkbox\" class=\"fullscreen-checkbox\"><\/p>\n<figure aria-describedby=\"caption-attachment-13997200\" class=\"wp-caption aligncenter fullscreen-wrapper\">\n\t\t\t<label for=\"checkbox_attachment_13997200\" class=\"fullscreen-label\"><br \/>\n\t\t\t\t<span class=\"fullscreen-label__icon\"><\/span><br \/>\n\t\t\t<\/label><br \/>\n\t\t<img fetchpriority=\"high\" fetchpriority=\"high\" decoding=\"async\" class=\"aligncenter size-large wp-image-13997200 fullscreen-img\" src=\"https:\/\/admin.cnnbrasil.com.br\/wp-content\/uploads\/sites\/12\/2025\/09\/Mar-agitado-em-passagem-do-tufao-nas-Filipinas.jpg?w=960\" alt=\"\" width=\"960\" height=\"540\" srcset=\"https:\/\/admin.cnnbrasil.com.br\/wp-content\/uploads\/sites\/12\/2025\/09\/Mar-agitado-em-passagem-do-tufao-nas-Filipinas.jpg 960w, https:\/\/admin.cnnbrasil.com.br\/wp-content\/uploads\/sites\/12\/2025\/09\/Mar-agitado-em-passagem-do-tufao-nas-Filipinas.jpg?resize=300,168 300w, https:\/\/admin.cnnbrasil.com.br\/wp-content\/uploads\/sites\/12\/2025\/09\/Mar-agitado-em-passagem-do-tufao-nas-Filipinas.jpg?resize=768,432 768w, https:\/\/admin.cnnbrasil.com.br\/wp-content\/uploads\/sites\/12\/2025\/09\/Mar-agitado-em-passagem-do-tufao-nas-Filipinas.jpg?resize=732,412 732w, https:\/\/admin.cnnbrasil.com.br\/wp-content\/uploads\/sites\/12\/2025\/09\/Mar-agitado-em-passagem-do-tufao-nas-Filipinas.jpg?resize=431,241 431w, https:\/\/admin.cnnbrasil.com.br\/wp-content\/uploads\/sites\/12\/2025\/09\/Mar-agitado-em-passagem-do-tufao-nas-Filipinas.jpg?resize=380,214 380w, https:\/\/admin.cnnbrasil.com.br\/wp-content\/uploads\/sites\/12\/2025\/09\/Mar-agitado-em-passagem-do-tufao-nas-Filipinas.jpg?resize=280,157 280w, https:\/\/admin.cnnbrasil.com.br\/wp-content\/uploads\/sites\/12\/2025\/09\/Mar-agitado-em-passagem-do-tufao-nas-Filipinas.jpg?resize=132,74 132w, https:\/\/admin.cnnbrasil.com.br\/wp-content\/uploads\/sites\/12\/2025\/09\/Mar-agitado-em-passagem-do-tufao-nas-Filipinas.jpg?resize=390,219 390w, https:\/\/admin.cnnbrasil.com.br\/wp-content\/uploads\/sites\/12\/2025\/09\/Mar-agitado-em-passagem-do-tufao-nas-Filipinas.jpg?resize=65,37 65w, https:\/\/admin.cnnbrasil.com.br\/wp-content\/uploads\/sites\/12\/2025\/09\/Mar-agitado-em-passagem-do-tufao-nas-Filipinas.jpg?resize=531,298 531w, https:\/\/admin.cnnbrasil.com.br\/wp-content\/uploads\/sites\/12\/2025\/09\/Mar-agitado-em-passagem-do-tufao-nas-Filipinas.jpg?resize=880,495 880w, https:\/\/admin.cnnbrasil.com.br\/wp-content\/uploads\/sites\/12\/2025\/09\/Mar-agitado-em-passagem-do-tufao-nas-Filipinas.jpg?resize=194,109 194w, https:\/\/admin.cnnbrasil.com.br\/wp-content\/uploads\/sites\/12\/2025\/09\/Mar-agitado-em-passagem-do-tufao-nas-Filipinas.jpg?resize=57,32 57w, https:\/\/admin.cnnbrasil.com.br\/wp-content\/uploads\/sites\/12\/2025\/09\/Mar-agitado-em-passagem-do-tufao-nas-Filipinas.jpg?resize=450,253 450w, https:\/\/admin.cnnbrasil.com.br\/wp-content\/uploads\/sites\/12\/2025\/09\/Mar-agitado-em-passagem-do-tufao-nas-Filipinas.jpg?resize=382,215 382w, https:\/\/admin.cnnbrasil.com.br\/wp-content\/uploads\/sites\/12\/2025\/09\/Mar-agitado-em-passagem-do-tufao-nas-Filipinas.jpg?resize=98,55 98w, https:\/\/admin.cnnbrasil.com.br\/wp-content\/uploads\/sites\/12\/2025\/09\/Mar-agitado-em-passagem-do-tufao-nas-Filipinas.jpg?resize=250,141 250w, https:\/\/admin.cnnbrasil.com.br\/wp-content\/uploads\/sites\/12\/2025\/09\/Mar-agitado-em-passagem-do-tufao-nas-Filipinas.jpg?resize=53,30 53w\" sizes=\"(max-width: 960px) 100vw, 960px\"><figcaption class=\"wp-caption-text\">Mar agitado em passagem do tuf\u00e3o nas Filipinas \u2022 Reprodu\u00e7\u00e3o\/Reuters<\/figcaption><\/figure>\n<p>Todas as escolas em Hong Kong estar\u00e3o suspensas de ter\u00e7a a quarta-feira (24), informou o governo nesta segunda-feira (22). Os escrit\u00f3rios distritais locais fornecer\u00e3o abrigos tempor\u00e1rios, enquanto a pol\u00edcia de emerg\u00eancia, os bombeiros e as equipes m\u00e9dicas est\u00e3o de prontid\u00e3o total.<\/p>\n<p>As condi\u00e7\u00f5es do mar podem ser semelhantes \u00e0s de tempestades mortais e destrutivas anteriores, incluindo o Tuf\u00e3o Hato, que trouxe ventos fortes e inunda\u00e7\u00f5es \u00e0s cidades de Macau e Hong Kong em 2017, e o Tuf\u00e3o Mangkhut, que atingiu Hong Kong e o sul da China ap\u00f3s matar dezenas nas Filipinas em 2018, alertou o governo.<\/p>\n<p>No m\u00eas passado, Hong Kong registrou o maior n\u00famero de chuvas di\u00e1rias durante o m\u00eas de agosto desde o in\u00edcio dos registros em 1884.<\/p>\n<p>\u201cEventos extremos de precipita\u00e7\u00e3o tornaram-se mais frequentes. O recorde hor\u00e1rio de precipita\u00e7\u00e3o na Sede do Observat\u00f3rio de Hong Kong costumava ser quebrado uma vez a cada poucas d\u00e9cadas no passado. No entanto, o recorde foi quebrado v\u00e1rias vezes nas \u00faltimas d\u00e9cadas\u201d, informou o Observat\u00f3rio de Hong Kong.<\/p>\n<h2><strong>Crise clim\u00e1tica impulsiona tuf\u00f5es<\/strong><\/h2>\n<p>O Pac\u00edfico Ocidental \u00e9 a bacia tropical mais ativa da Terra, e setembro costuma ser seu trecho mais movimentado. O tuf\u00e3o \u00e9 um lembrete de qu\u00e3o rapidamente as tempestades nesta regi\u00e3o podem se intensificar e qu\u00e3o destrutivas elas podem ser \u00e0 medida que se aproximam de litorais densamente povoados.<\/p>\n<p>As <a href=\"https:\/\/www.cnnbrasil.com.br\/internacional\/entenda-o-padrao-climatico-perigoso-que-causa-forte-onda-de-calor-na-europa\/\">temperaturas globais dos oceanos atingiram n\u00edveis recordes <\/a>nos \u00faltimos oito anos. Oceanos mais quentes, turbinados pelo aquecimento global causado pelo homem, fornecem energia suficiente para o fortalecimento das tempestades.<\/p>\n<p>A r\u00e1pida intensifica\u00e7\u00e3o do Supertuf\u00e3o Ragasa ocorreu por meio de um ciclo de substitui\u00e7\u00e3o da parede do olho, em que um anel secund\u00e1rio de tempestades se forma fora do n\u00facleo da tempestade e gradualmente substitui a parede do olho interna original.<\/p>\n<p>Uma vez conclu\u00eddo, a tempestade emerge maior, com um campo de ventos mais amplo e um olho mais poderoso. Essas explos\u00f5es de fortalecimento est\u00e3o se tornando mais comuns \u00e0 medida que o mundo aquece.<\/p>\n","protected":false},"excerpt":{"rendered":"<p>A tempestade mais forte do ano at\u00e9 agora atingiu o norte das Filipinas com ventos destrutivos e chuvas torrenciais, provocando a retirada de milhares de pessoas e os preparativos de preven\u00e7\u00e3o nas proximidades de Hong Kong, Taiwan e China continental. O supertuf\u00e3o Ragasa, conhecido nas Filipinas como Nando, atingiu a Ilha Panuitan, na prov\u00edncia de [&hellip;]<\/p>\n","protected":false},"author":185,"featured_media":4081,"comment_status":"open","ping_status":"open","sticky":false,"template":"","format":"standard","meta":{"site-sidebar-layout":"default","site-content-layout":"","ast-site-content-layout":"","site-content-style":"default","site-sidebar-style":"default","ast-global-header-display":"","ast-banner-title-visibility":"","ast-main-header-display":"","ast-hfb-above-header-display":"","ast-hfb-below-header-display":"","ast-hfb-mobile-header-display":"","site-post-title":"","ast-breadcrumbs-content":"","ast-featured-img":"","footer-sml-layout":"","theme-transparent-header-meta":"","adv-header-id-meta":"","stick-header-meta":"","header-above-stick-meta":"","header-main-stick-meta":"","header-below-stick-meta":"","astra-migrate-meta-layouts":"default","ast-page-background-enabled":"default","ast-page-background-meta":{"desktop":{"background-color":"var(--ast-global-color-4)","background-image":"","background-repeat":"repeat","background-position":"center center","background-size":"auto","background-attachment":"scroll","background-type":"","background-media":"","overlay-type":"","overlay-color":"","overlay-opacity":"","overlay-gradient":""},"tablet":{"background-color":"","background-image":"","background-repeat":"repeat","background-position":"center center","background-size":"auto","background-attachment":"scroll","background-type":"","background-media":"","overlay-type":"","overlay-color":"","overlay-opacity":"","overlay-gradient":""},"mobile":{"background-color":"","background-image":"","background-repeat":"repeat","background-position":"center center","background-size":"auto","background-attachment":"scroll","background-type":"","background-media":"","overlay-type":"","overlay-color":"","overlay-opacity":"","overlay-gradient":""}},"ast-content-background-meta":{"desktop":{"background-color":"var(--ast-global-color-5)","background-image":"","background-repeat":"repeat","background-position":"center center","background-size":"auto","background-attachment":"scroll","background-type":"","background-media":"","overlay-type":"","overlay-color":"","overlay-opacity":"","overlay-gradient":""},"tablet":{"background-color":"var(--ast-global-color-5)","background-image":"","background-repeat":"repeat","background-position":"center center","background-size":"auto","background-attachment":"scroll","background-type":"","background-media":"","overlay-type":"","overlay-color":"","overlay-opacity":"","overlay-gradient":""},"mobile":{"background-color":"var(--ast-global-color-5)","background-image":"","background-repeat":"repeat","background-position":"center center","background-size":"auto","background-attachment":"scroll","background-type":"","background-media":"","overlay-type":"","overlay-color":"","overlay-opacity":"","overlay-gradient":""}},"footnotes":""},"categories":[132],"tags":[],"class_list":["post-4080","post","type-post","status-publish","format-standard","has-post-thumbnail","hentry","category-brasil"],"_links":{"self":[{"href":"https:\/\/vivanews.com.br\/index.php?rest_route=\/wp\/v2\/posts\/4080","targetHints":{"allow":["GET"]}}],"collection":[{"href":"https:\/\/vivanews.com.br\/index.php?rest_route=\/wp\/v2\/posts"}],"about":[{"href":"https:\/\/vivanews.com.br\/index.php?rest_route=\/wp\/v2\/types\/post"}],"author":[{"embeddable":true,"href":"https:\/\/vivanews.com.br\/index.php?rest_route=\/wp\/v2\/users\/185"}],"replies":[{"embeddable":true,"href":"https:\/\/vivanews.com.br\/index.php?rest_route=%2Fwp%2Fv2%2Fcomments&post=4080"}],"version-history":[{"count":0,"href":"https:\/\/vivanews.com.br\/index.php?rest_route=\/wp\/v2\/posts\/4080\/revisions"}],"wp:featuredmedia":[{"embeddable":true,"href":"https:\/\/vivanews.com.br\/index.php?rest_route=\/wp\/v2\/media\/4081"}],"wp:attachment":[{"href":"https:\/\/vivanews.com.br\/index.php?rest_route=%2Fwp%2Fv2%2Fmedia&parent=4080"}],"wp:term":[{"taxonomy":"category","embeddable":true,"href":"https:\/\/vivanews.com.br\/index.php?rest_route=%2Fwp%2Fv2%2Fcategories&post=4080"},{"taxonomy":"post_tag","embeddable":true,"href":"https:\/\/vivanews.com.br\/index.php?rest_route=%2Fwp%2Fv2%2Ftags&post=4080"}],"curies":[{"name":"wp","href":"https:\/\/api.w.org\/{rel}","templated":true}]}}