{"id":4082,"date":"2025-09-22T08:52:16","date_gmt":"2025-09-22T11:52:16","guid":{"rendered":"https:\/\/vivanews.com.br\/?p=4082"},"modified":"2025-09-22T08:52:16","modified_gmt":"2025-09-22T11:52:16","slug":"bolsas-da-europa-operam-em-baixa-pressionadas-por-setor-automotivo","status":"publish","type":"post","link":"https:\/\/vivanews.com.br\/?p=4082","title":{"rendered":"Bolsas da Europa operam em baixa, pressionadas por setor automotivo"},"content":{"rendered":"<p>As<strong> bolsas europeias<\/strong> operam em baixa na manh\u00e3 desta segunda-feira (22), pressionadas por a\u00e7\u00f5es de montadoras, enquanto investidores aguardam coment\u00e1rios de dirigentes do Fed (Federal Reserve, o BC dos EUA), assim como do BCE (Banco Central Europeu) e do BoE (Banco da Inglaterra).<\/p>\n<div class=\"custom__ad__element\"><\/div>\n<p>Por volta das 6h40 (de Bras\u00edlia), o \u00edndice pan-europeu Stoxx 600 ca\u00eda 0,30%, a 552,45 pontos. Apenas o sub\u00edndice do setor automotivo e de autope\u00e7as sofria queda de 7,69%, ap\u00f3s a alem\u00e3 Porsche (-8,22%) reduzir sua proje\u00e7\u00e3o de lucratividade para este ano.<\/p>\n<p>Entre outras montadoras, a Volkswagen, controladora da marcha Porsche, tombava 7,71% em Frankfurt, enquanto a Stellantis recuava 3,10% em Mil\u00e3o e a Renault perdia 1,2% em Paris.<\/p>\n<aside class=\"read-too read-too--with-img\">\n<h2 class=\"read-too__title\">Leia Mais<\/h2>\n<ul class=\"read-too__list\">\n<li class=\"read-too__list-item\">\n    <a class=\"read-too__link\" href=\"https:\/\/www.cnnbrasil.com.br\/economia\/macroeconomia\/acordo-com-efta-da-acesso-a-parceiros-ricos-mas-pouco-alivio-ao-tarifaco-de-trump\/\" target=\"_self\">\n                    <picture class=\"read-too__picture\">\n                <img decoding=\"async\" class=\"read-too__img\" src=\"https:\/\/admin.cnnbrasil.com.br\/wp-content\/uploads\/sites\/12\/2021\/06\/4358_63557FF596F38153-3.jpg?w=200\" alt=\"Acordo com Efta abre mercado rico, mas n\u00e3o alivia tarifa\u00e7o de Trump\" title=\"Acordo com Efta abre mercado rico, mas n\u00e3o alivia tarifa\u00e7o de Trump'\" loading=\"lazy\">\n            <\/picture>\n<h3 class=\"read-too__post-title\">Acordo com Efta abre mercado rico, mas n\u00e3o alivia tarifa\u00e7o de Trump<\/h3>\n<p>    <\/a>\n<\/li>\n<li class=\"read-too__list-item\">\n    <a class=\"read-too__link\" href=\"https:\/\/www.cnnbrasil.com.br\/economia\/macroeconomia\/setor-madeireiro-registra-4-mil-demissoes-apos-tarifaco-alerta-abimci\/\" target=\"_self\">\n                    <picture class=\"read-too__picture\">\n                <img decoding=\"async\" class=\"read-too__img\" src=\"https:\/\/admin.cnnbrasil.com.br\/wp-content\/uploads\/sites\/12\/2025\/09\/ChatGPT-Image-18-de-set.-de-2025-13_29_24-e1758213002373.png?w=200\" alt=\"Tarifa\u00e7o afeta mais de 10 mil empregos no setor madeireiro, alerta setor\" title=\"Tarifa\u00e7o afeta mais de 10 mil empregos no setor madeireiro, alerta setor'\" loading=\"lazy\">\n            <\/picture>\n<h3 class=\"read-too__post-title\">Tarifa\u00e7o afeta mais de 10 mil empregos no setor madeireiro, alerta setor<\/h3>\n<p>    <\/a>\n<\/li>\n<li class=\"read-too__list-item\">\n    <a class=\"read-too__link\" href=\"https:\/\/www.cnnbrasil.com.br\/economia\/macroeconomia\/abvtex-taxa-das-blusinhas-nao-tirou-varejo-brasileiro-da-mira-chinesa\/\" target=\"_self\">\n                    <picture class=\"read-too__picture\">\n                <img decoding=\"async\" class=\"read-too__img\" src=\"https:\/\/admin.cnnbrasil.com.br\/wp-content\/uploads\/sites\/12\/2025\/09\/ChatGPT-Image-15-de-set.-de-2025-18_00_46.png?w=200\" alt='Abvtex: \"Taxa das blusinhas\" n\u00e3o tirou varejo brasileiro da mira chinesa' title=\"Abvtex: \"Taxa das blusinhas\" n\u00e3o tirou varejo brasileiro da mira chinesa'\" loading=\"lazy\">\n            <\/picture>\n<h3 class=\"read-too__post-title\">Abvtex: &#8220;Taxa das blusinhas&#8221; n\u00e3o tirou varejo brasileiro da mira chinesa<\/h3>\n<p>    <\/a>\n<\/li>\n<\/ul>\n<\/aside>\n<p>V\u00e1rios dirigentes do Fed discursam ou participam de eventos hoje, ap\u00f3s o <a href=\"https:\/\/www.cnnbrasil.com.br\/economia\/macroeconomia\/fed-corta-juros-nos-eua-em-025-ponto\/\">corte de juros de 25 pontos-base do BC americano na semana passada<\/a>, o primeiro este ano. Tamb\u00e9m est\u00e3o previstos coment\u00e1rios do presidente do Bo\u00e9, Andrew Bailey, e de autoridades do BCE.<\/p>\n<p>Ao contr\u00e1rio do Fed, o <a href=\"https:\/\/www.cnnbrasil.com.br\/economia\/macroeconomia\/boe-mantem-taxa-de-juros-em-4-em-meio-a-inflacao-alta-e-crescimento-fraco\/\">BoE manteve seu juro b\u00e1sico na \u00faltima semana.<\/a><\/p>\n<div class=\"custom__ad__element\"><\/div>\n<p>A agenda desta segunda tamb\u00e9m traz leitura preliminar do \u00edndice de confian\u00e7a do consumidor da zona do euro referente a setembro.<\/p>\n<p>\u00c0s 6h55 (de Bras\u00edlia), a Bolsa de Londres ca\u00eda 0,09%, a de Paris recuava 0,48% e a de Frankfurt cedia 0,83%. As de Mil\u00e3o e Madri, por sua vez, tinham respectivas perdas de 0,34% e 1,33%. Na contram\u00e3o, a de Lisboa subia 0,28%.<\/p>\n<blockquote class=\"wp-embedded-content\" data-secret=\"1Vrr2vDtWA\">\n<p><a href=\"https:\/\/stories.cnnbrasil.com.br\/economia\/entenda-por-que-trump-acusa-diretora-do-fed-de-fraude-hipotecaria\/\">Entenda por que Trump acusa diretora do Fed de \u201cfraude hipotec\u00e1ria\u201d<\/a><\/p>\n<\/blockquote>\n<p><iframe class=\"wp-embedded-content\" sandbox=\"allow-scripts allow-same-origin\" security=\"restricted\" title=\"\u201cEntenda por que Trump acusa diretora do Fed de \u201cfraude hipotec\u00e1ria\u201d\u201d \u2014 Web Stories CNN Brasil\" data-src=\"https:\/\/stories.cnnbrasil.com.br\/economia\/entenda-por-que-trump-acusa-diretora-do-fed-de-fraude-hipotecaria\/embed\/#?secret=0UBxkcCc81#?secret=1Vrr2vDtWA\" data-secret=\"1Vrr2vDtWA\" width=\"360\" height=\"600\" frameborder=\"0\" marginwidth=\"0\" marginheight=\"0\" scrolling=\"no\"><\/iframe><\/p>\n<p><em>*Com informa\u00e7\u00f5es da Dow Jones Newswires<\/em><\/p>\n","protected":false},"excerpt":{"rendered":"<p>As bolsas europeias operam em baixa na manh\u00e3 desta segunda-feira (22), pressionadas por a\u00e7\u00f5es de montadoras, enquanto investidores aguardam coment\u00e1rios de dirigentes do Fed (Federal Reserve, o BC dos EUA), assim como do BCE (Banco Central Europeu) e do BoE (Banco da Inglaterra). Por volta das 6h40 (de Bras\u00edlia), o \u00edndice pan-europeu Stoxx 600 ca\u00eda [&hellip;]<\/p>\n","protected":false},"author":35,"featured_media":4083,"comment_status":"open","ping_status":"open","sticky":false,"template":"","format":"standard","meta":{"site-sidebar-layout":"default","site-content-layout":"","ast-site-content-layout":"","site-content-style":"default","site-sidebar-style":"default","ast-global-header-display":"","ast-banner-title-visibility":"","ast-main-header-display":"","ast-hfb-above-header-display":"","ast-hfb-below-header-display":"","ast-hfb-mobile-header-display":"","site-post-title":"","ast-breadcrumbs-content":"","ast-featured-img":"","footer-sml-layout":"","theme-transparent-header-meta":"","adv-header-id-meta":"","stick-header-meta":"","header-above-stick-meta":"","header-main-stick-meta":"","header-below-stick-meta":"","astra-migrate-meta-layouts":"default","ast-page-background-enabled":"default","ast-page-background-meta":{"desktop":{"background-color":"var(--ast-global-color-4)","background-image":"","background-repeat":"repeat","background-position":"center center","background-size":"auto","background-attachment":"scroll","background-type":"","background-media":"","overlay-type":"","overlay-color":"","overlay-opacity":"","overlay-gradient":""},"tablet":{"background-color":"","background-image":"","background-repeat":"repeat","background-position":"center center","background-size":"auto","background-attachment":"scroll","background-type":"","background-media":"","overlay-type":"","overlay-color":"","overlay-opacity":"","overlay-gradient":""},"mobile":{"background-color":"","background-image":"","background-repeat":"repeat","background-position":"center center","background-size":"auto","background-attachment":"scroll","background-type":"","background-media":"","overlay-type":"","overlay-color":"","overlay-opacity":"","overlay-gradient":""}},"ast-content-background-meta":{"desktop":{"background-color":"var(--ast-global-color-5)","background-image":"","background-repeat":"repeat","background-position":"center center","background-size":"auto","background-attachment":"scroll","background-type":"","background-media":"","overlay-type":"","overlay-color":"","overlay-opacity":"","overlay-gradient":""},"tablet":{"background-color":"var(--ast-global-color-5)","background-image":"","background-repeat":"repeat","background-position":"center center","background-size":"auto","background-attachment":"scroll","background-type":"","background-media":"","overlay-type":"","overlay-color":"","overlay-opacity":"","overlay-gradient":""},"mobile":{"background-color":"var(--ast-global-color-5)","background-image":"","background-repeat":"repeat","background-position":"center center","background-size":"auto","background-attachment":"scroll","background-type":"","background-media":"","overlay-type":"","overlay-color":"","overlay-opacity":"","overlay-gradient":""}},"footnotes":""},"categories":[132],"tags":[],"class_list":["post-4082","post","type-post","status-publish","format-standard","has-post-thumbnail","hentry","category-brasil"],"_links":{"self":[{"href":"https:\/\/vivanews.com.br\/index.php?rest_route=\/wp\/v2\/posts\/4082","targetHints":{"allow":["GET"]}}],"collection":[{"href":"https:\/\/vivanews.com.br\/index.php?rest_route=\/wp\/v2\/posts"}],"about":[{"href":"https:\/\/vivanews.com.br\/index.php?rest_route=\/wp\/v2\/types\/post"}],"author":[{"embeddable":true,"href":"https:\/\/vivanews.com.br\/index.php?rest_route=\/wp\/v2\/users\/35"}],"replies":[{"embeddable":true,"href":"https:\/\/vivanews.com.br\/index.php?rest_route=%2Fwp%2Fv2%2Fcomments&post=4082"}],"version-history":[{"count":0,"href":"https:\/\/vivanews.com.br\/index.php?rest_route=\/wp\/v2\/posts\/4082\/revisions"}],"wp:featuredmedia":[{"embeddable":true,"href":"https:\/\/vivanews.com.br\/index.php?rest_route=\/wp\/v2\/media\/4083"}],"wp:attachment":[{"href":"https:\/\/vivanews.com.br\/index.php?rest_route=%2Fwp%2Fv2%2Fmedia&parent=4082"}],"wp:term":[{"taxonomy":"category","embeddable":true,"href":"https:\/\/vivanews.com.br\/index.php?rest_route=%2Fwp%2Fv2%2Fcategories&post=4082"},{"taxonomy":"post_tag","embeddable":true,"href":"https:\/\/vivanews.com.br\/index.php?rest_route=%2Fwp%2Fv2%2Ftags&post=4082"}],"curies":[{"name":"wp","href":"https:\/\/api.w.org\/{rel}","templated":true}]}}