{"id":4084,"date":"2025-09-22T08:52:15","date_gmt":"2025-09-22T11:52:15","guid":{"rendered":"https:\/\/vivanews.com.br\/?p=4084"},"modified":"2025-09-22T08:52:15","modified_gmt":"2025-09-22T11:52:15","slug":"fome-de-titulo-presidente-da-portuguesa-rj-come-pizza-em-prelecao","status":"publish","type":"post","link":"https:\/\/vivanews.com.br\/?p=4084","title":{"rendered":"Fome de t\u00edtulo: Presidente da Portuguesa-RJ come pizza em prele\u00e7\u00e3o"},"content":{"rendered":"<p>O presidente da Portuguesa-RJ, Marcelo Barros, incentivou o seu elenco antes da decis\u00e3o da Copa Rio contra o America-RJ. Com uma pizza na m\u00e3o, ele prometeu \u201camassar\u201d o advers\u00e1rio.<\/p>\n<div class=\"custom__ad__element\"><\/div>\n<p>O est\u00edmulo alimentar funcionou e aumentou o apetite por um t\u00edtulo. O time da zona norte do Rio venceu confronto no \u00faltimo s\u00e1bado (20) por 2 a 0 e garantiu vaga da <a href=\"https:\/\/www.cnnbrasil.com.br\/esportes\/futebol\/final-da-serie-d-tera-clube-tradicional-e-cacula-de-projeto-moderno\/\">S\u00e9rie D em 2026<\/a>.<\/p>\n<aside class=\"read-too read-too--with-img\">\n<h2 class=\"read-too__title\">Leia mais<\/h2>\n<ul class=\"read-too__list\">\n<li class=\"read-too__list-item\">\n    <a class=\"read-too__link\" href=\"https:\/\/www.cnnbrasil.com.br\/esportes\/futebol\/internacional-futebol\/presidente-do-inter-explica-motivo-da-demora-para-demitir-roger-machado\/\" target=\"_self\">\n                    <picture class=\"read-too__picture\">\n                <img decoding=\"async\" class=\"read-too__img\" src=\"https:\/\/admin.cnnbrasil.com.br\/wp-content\/uploads\/sites\/12\/2025\/05\/Roger-Machado-tecnico-do-Internacional-e1758537565727.png?w=200\" alt=\"Presidente do Inter explica motivo da demora para demitir Roger Machado\" title=\"Presidente do Inter explica motivo da demora para demitir Roger Machado'\" loading=\"lazy\">\n            <\/picture>\n<h3 class=\"read-too__post-title\">Presidente do Inter explica motivo da demora para demitir Roger Machado<\/h3>\n<p>    <\/a>\n<\/li>\n<li class=\"read-too__list-item\">\n    <a class=\"read-too__link\" href=\"https:\/\/www.cnnbrasil.com.br\/esportes\/futebol\/futebol-internacional\/futebol-ingles\/video-torcedor-do-united-que-fez-promessa-de-nao-cortar-o-cabelo-e-atacado\/\" target=\"_self\">\n                    <picture class=\"read-too__picture\">\n                <img decoding=\"async\" class=\"read-too__img\" src=\"https:\/\/admin.cnnbrasil.com.br\/wp-content\/uploads\/sites\/12\/2025\/09\/Torcedor-do-United-em-jogo-contra-o-Chelsea.png?w=200\" alt=\"V\u00eddeo: Torcedor do United que fez promessa de n\u00e3o cortar o cabelo \u00e9 atacado\" title=\"V\u00eddeo: Torcedor do United que fez promessa de n\u00e3o cortar o cabelo \u00e9 atacado'\" loading=\"lazy\">\n            <\/picture>\n<h3 class=\"read-too__post-title\">V\u00eddeo: Torcedor do United que fez promessa de n\u00e3o cortar o cabelo \u00e9 atacado<\/h3>\n<p>    <\/a>\n<\/li>\n<li class=\"read-too__list-item\">\n    <a class=\"read-too__link\" href=\"https:\/\/www.cnnbrasil.com.br\/esportes\/futebol\/gremio\/arbitro-revela-xingamentos-de-felipao-no-grenal-safado-voce-me-roubou\/\" target=\"_self\">\n                    <picture class=\"read-too__picture\">\n                <img decoding=\"async\" class=\"read-too__img\" src=\"https:\/\/admin.cnnbrasil.com.br\/wp-content\/uploads\/sites\/12\/2025\/09\/felipao_coordenador_gremio-e1758533653596.jpg?w=200\" alt='\u00c1rbitro revela xingamentos de Felip\u00e3o no GreNal: \"Safado, voc\u00ea me roubou\"' title=\"\u00c1rbitro revela xingamentos de Felip\u00e3o no GreNal: \"Safado, voc\u00ea me roubou\"'\" loading=\"lazy\">\n            <\/picture>\n<h3 class=\"read-too__post-title\">\u00c1rbitro revela xingamentos de Felip\u00e3o no GreNal: &#8220;Safado, voc\u00ea me roubou&#8221;<\/h3>\n<p>    <\/a>\n<\/li>\n<\/ul>\n<\/aside>\n<p>\u00a0<\/p>\n<p>\u00a0<\/p>\n<p>\u201cTodo mundo do lado de l\u00e1 achando que j\u00e1 ganhou. Que t\u00e1 um a zero. Aqui dentro eles sabem que a gente \u00e9 forte. Todo mundo tirando \u2018selfizinha\u2019 com pizza. Comendo pizza na sexta-feira, todo mundo comendo pizza. Chamando voc\u00eas de \u2018pizza\u2019. Querendo comer voc\u00eas..engolir. Entra naquela po*&#038;% com uma vontade do ca*&#038;%! Com um te*&#038;% do ca*&#038;%! Ou, ent\u00e3o, eles v\u00e3o fazer isso com voc\u00eas. Tem que fazer isso aqui com eles! Amassar eles!\u201d, exaltou o presidente durante a prele\u00e7\u00e3o sobre supostas publica\u00e7\u00f5es de atletas e torcedores advers\u00e1rios ao comemorar a vit\u00f3ria da partida de ida da competi\u00e7\u00e3o por 1 a 0.<\/p>\n<div class=\"custom__ad__element\"><\/div>\n<blockquote class=\"instagram-media\" data-instgrm-captioned=\"\" data-instgrm-permalink=\"https:\/\/www.instagram.com\/reel\/DO4BCM7jZVv\/?utm_source=ig_embed&#038;utm_campaign=loading\" data-instgrm-version=\"14\">\n<div>\n<div>\n<div><\/div>\n<div>\n<div><\/div>\n<div><\/div>\n<\/div>\n<\/div>\n<div><\/div>\n<div><\/div>\n<div>\n<div>Ver essa foto no Instagram<\/div>\n<\/div>\n<div><\/div>\n<div>\n<div>\n<div><\/div>\n<div><\/div>\n<div><\/div>\n<\/div>\n<div>\n<div><\/div>\n<div><\/div>\n<\/div>\n<div>\n<div><\/div>\n<div><\/div>\n<div><\/div>\n<\/div>\n<\/div>\n<div>\n<div><\/div>\n<div><\/div>\n<\/div>\n<p><a href=\"https:\/\/www.instagram.com\/reel\/DO4BCM7jZVv\/?utm_source=ig_embed&#038;utm_campaign=loading\" target=\"_blank\" rel=\"noopener\">Uma publica\u00e7\u00e3o compartilhada por Portuguesa-RJ (@portuguesarioofc)<\/a><\/p>\n<\/div>\n<\/blockquote>\n<p><script async src=\"\/\/www.instagram.com\/embed.js\"><\/script><\/p>\n<p>\u00a0<\/p>\n<h2>Pizza portuguesa<\/h2>\n<p>\u201cMostrar para eles que tem pizza \u00e9 o ca*&#038;%! Aqui \u00e9 <a href=\"https:\/\/www.cnnbrasil.com.br\/esportes\/futebol\/vasco-da-gama\/vasco-vence-a-portuguesa-rj-pelo-carioca-e-entra-no-g4\/\">Portuguesa<\/a>, cem anos de tradi\u00e7\u00e3o!\u201d, completou. Hugo e Elicley marcaram os gols da partida.<\/p>\n<p>Entre palavr\u00f5es e mordidas, a prele\u00e7\u00e3o deu resultados e garantiu uma divis\u00e3o para o clube da Ilha do Governador. No est\u00e1dio Luso-brasileiro, os torcedores do Am\u00e9rica aproveitaram para provocar ao afirmar que \u201cPortuguesa \u00e9 pizza\u201d. Por\u00e9m, a torcida do tricolor ao comemorar levou caixas de pizza para o est\u00e1dio.<\/p>\n<p>Os seguidores, saciados pela vit\u00f3ria, apelidaram o presidente do clube vencedor \u201cEurico Merenda\u201d, \u201cLanchellote\u201d e \u201cCarlos Ancelanche\u201d.<\/p>\n<blockquote class=\"instagram-media\" data-instgrm-captioned=\"\" data-instgrm-permalink=\"https:\/\/www.instagram.com\/p\/DO3bOUNjb8f\/?utm_source=ig_embed&#038;utm_campaign=loading\" data-instgrm-version=\"14\">\n<div>\n<div>\n<div><\/div>\n<div>\n<div><\/div>\n<div><\/div>\n<\/div>\n<\/div>\n<div><\/div>\n<div><\/div>\n<div>\n<div>Ver essa foto no Instagram<\/div>\n<\/div>\n<div><\/div>\n<div>\n<div>\n<div><\/div>\n<div><\/div>\n<div><\/div>\n<\/div>\n<div>\n<div><\/div>\n<div><\/div>\n<\/div>\n<div>\n<div><\/div>\n<div><\/div>\n<div><\/div>\n<\/div>\n<\/div>\n<div>\n<div><\/div>\n<div><\/div>\n<\/div>\n<p><a href=\"https:\/\/www.instagram.com\/p\/DO3bOUNjb8f\/?utm_source=ig_embed&#038;utm_campaign=loading\" target=\"_blank\" rel=\"noopener\">Uma publica\u00e7\u00e3o compartilhada por Portuguesa-RJ (@portuguesarioofc)<\/a><\/p>\n<\/div>\n<\/blockquote>\n<p><script async src=\"\/\/www.instagram.com\/embed.js\"><\/script><\/p>\n<\/p>\n<div class=\"post__video\">\n<div class=\"cnn component-video has--live\">\n<div class=\"component-inner\">\n<div class=\"video-wrapper \">\n<div class=\"video-wrapper-inner\">\n<div class=\"overlay-wrapper\">\n\t\t\t\t\t\t<button class=\"video-button js-video-play active\" aria-label=\"Assista o v\u00eddeo 24\u00aa rodada do Brasileir\u00e3o contou com cl\u00e1ssicos e fim de jejum; veja resultados | CNN NOVO DIA\" tabindex=\"0\"><br \/>\n\t\t\t\t\t\t\t<img decoding=\"async\" class=\"thumbnail-image\" src=\"https:\/\/img.youtube.com\/vi\/WB-DfDwAeXo\/sddefault.jpg\" srcset=\"https:\/\/img.youtube.com\/vi\/WB-DfDwAeXo\/default.jpg 120w,\n                    https:\/\/img.youtube.com\/vi\/WB-DfDwAeXo\/mqdefault.jpg 320w,\n                    https:\/\/img.youtube.com\/vi\/WB-DfDwAeXo\/hqdefault.jpg 480w,\n                    https:\/\/img.youtube.com\/vi\/WB-DfDwAeXo\/sddefault.jpg 640w,\n                    https:\/\/img.youtube.com\/vi\/WB-DfDwAeXo\/maxresdefault.jpg 1280w\" alt=\"24\u00aa rodada do Brasileir\u00e3o contou com cl\u00e1ssicos e fim de jejum; veja resultados | CNN NOVO DIA\"><\/p>\n<p>\t\t\t\t\t\t\t<span class=\"video-play-button\" aria-label=\"Bot\u00e3o play do v\u00eddeo 24\u00aa rodada do Brasileir\u00e3o contou com cl\u00e1ssicos e fim de jejum; veja resultados | CNN NOVO DIA\"><\/span><\/p>\n<p>\t\t\t\t\t\t\t\t\t\t\t\t\t\t\t<span class=\"video-gradient\"><\/span><br \/>\n\t\t\t\t\t\t\t\t<span class=\"video-title\">24\u00aa rodada do Brasileir\u00e3o contou com cl\u00e1ssicos e fim de jejum; veja resultados | CNN NOVO DIA<\/span><br \/>\n\t\t\t\t\t\t\t\t\t\t\t\t\t<\/button>\n\t\t\t\t\t<\/div>\n<p>\t\t\t\t\t\t\t\t\t\t<span class=\"embedded-video video-player-wrapper\" data-youtube-plcmt=\"1\" data-youtube-vpmute=\"0\" data-youtube-width=\"640px\" data-youtube-height=\"480px\" data-youtube-ui=\"esportes\" data-youtube-play=\"0\" data-youtube-mute=\"0\" data-youtube-id=\"WB-DfDwAeXo\" data-youtube-vpa=\"click\" data-youtube-hl=\"pt\" data-youtube-position=\"\"><\/span>\n\t\t\t\t<\/div>\n<\/p><\/div>\n<\/p><\/div>\n<\/p><\/div>\n<\/div>\n","protected":false},"excerpt":{"rendered":"<p>O presidente da Portuguesa-RJ, Marcelo Barros, incentivou o seu elenco antes da decis\u00e3o da Copa Rio contra o America-RJ. Com uma pizza na m\u00e3o, ele prometeu \u201camassar\u201d o advers\u00e1rio. O est\u00edmulo alimentar funcionou e aumentou o apetite por um t\u00edtulo. O time da zona norte do Rio venceu confronto no \u00faltimo s\u00e1bado (20) por 2 [&hellip;]<\/p>\n","protected":false},"author":42,"featured_media":4085,"comment_status":"open","ping_status":"open","sticky":false,"template":"","format":"standard","meta":{"site-sidebar-layout":"default","site-content-layout":"","ast-site-content-layout":"","site-content-style":"default","site-sidebar-style":"default","ast-global-header-display":"","ast-banner-title-visibility":"","ast-main-header-display":"","ast-hfb-above-header-display":"","ast-hfb-below-header-display":"","ast-hfb-mobile-header-display":"","site-post-title":"","ast-breadcrumbs-content":"","ast-featured-img":"","footer-sml-layout":"","theme-transparent-header-meta":"","adv-header-id-meta":"","stick-header-meta":"","header-above-stick-meta":"","header-main-stick-meta":"","header-below-stick-meta":"","astra-migrate-meta-layouts":"default","ast-page-background-enabled":"default","ast-page-background-meta":{"desktop":{"background-color":"var(--ast-global-color-4)","background-image":"","background-repeat":"repeat","background-position":"center center","background-size":"auto","background-attachment":"scroll","background-type":"","background-media":"","overlay-type":"","overlay-color":"","overlay-opacity":"","overlay-gradient":""},"tablet":{"background-color":"","background-image":"","background-repeat":"repeat","background-position":"center center","background-size":"auto","background-attachment":"scroll","background-type":"","background-media":"","overlay-type":"","overlay-color":"","overlay-opacity":"","overlay-gradient":""},"mobile":{"background-color":"","background-image":"","background-repeat":"repeat","background-position":"center center","background-size":"auto","background-attachment":"scroll","background-type":"","background-media":"","overlay-type":"","overlay-color":"","overlay-opacity":"","overlay-gradient":""}},"ast-content-background-meta":{"desktop":{"background-color":"var(--ast-global-color-5)","background-image":"","background-repeat":"repeat","background-position":"center center","background-size":"auto","background-attachment":"scroll","background-type":"","background-media":"","overlay-type":"","overlay-color":"","overlay-opacity":"","overlay-gradient":""},"tablet":{"background-color":"var(--ast-global-color-5)","background-image":"","background-repeat":"repeat","background-position":"center center","background-size":"auto","background-attachment":"scroll","background-type":"","background-media":"","overlay-type":"","overlay-color":"","overlay-opacity":"","overlay-gradient":""},"mobile":{"background-color":"var(--ast-global-color-5)","background-image":"","background-repeat":"repeat","background-position":"center center","background-size":"auto","background-attachment":"scroll","background-type":"","background-media":"","overlay-type":"","overlay-color":"","overlay-opacity":"","overlay-gradient":""}},"footnotes":""},"categories":[132],"tags":[],"class_list":["post-4084","post","type-post","status-publish","format-standard","has-post-thumbnail","hentry","category-brasil"],"_links":{"self":[{"href":"https:\/\/vivanews.com.br\/index.php?rest_route=\/wp\/v2\/posts\/4084","targetHints":{"allow":["GET"]}}],"collection":[{"href":"https:\/\/vivanews.com.br\/index.php?rest_route=\/wp\/v2\/posts"}],"about":[{"href":"https:\/\/vivanews.com.br\/index.php?rest_route=\/wp\/v2\/types\/post"}],"author":[{"embeddable":true,"href":"https:\/\/vivanews.com.br\/index.php?rest_route=\/wp\/v2\/users\/42"}],"replies":[{"embeddable":true,"href":"https:\/\/vivanews.com.br\/index.php?rest_route=%2Fwp%2Fv2%2Fcomments&post=4084"}],"version-history":[{"count":0,"href":"https:\/\/vivanews.com.br\/index.php?rest_route=\/wp\/v2\/posts\/4084\/revisions"}],"wp:featuredmedia":[{"embeddable":true,"href":"https:\/\/vivanews.com.br\/index.php?rest_route=\/wp\/v2\/media\/4085"}],"wp:attachment":[{"href":"https:\/\/vivanews.com.br\/index.php?rest_route=%2Fwp%2Fv2%2Fmedia&parent=4084"}],"wp:term":[{"taxonomy":"category","embeddable":true,"href":"https:\/\/vivanews.com.br\/index.php?rest_route=%2Fwp%2Fv2%2Fcategories&post=4084"},{"taxonomy":"post_tag","embeddable":true,"href":"https:\/\/vivanews.com.br\/index.php?rest_route=%2Fwp%2Fv2%2Ftags&post=4084"}],"curies":[{"name":"wp","href":"https:\/\/api.w.org\/{rel}","templated":true}]}}