{"id":4086,"date":"2025-09-22T08:52:14","date_gmt":"2025-09-22T11:52:14","guid":{"rendered":"https:\/\/vivanews.com.br\/?p=4086"},"modified":"2025-09-22T08:52:14","modified_gmt":"2025-09-22T11:52:14","slug":"tiroteio-deixa-tres-mortos-no-complexo-do-chapadao-no-rio","status":"publish","type":"post","link":"https:\/\/vivanews.com.br\/?p=4086","title":{"rendered":"Tiroteio deixa tr\u00eas mortos no Complexo do Chapad\u00e3o, no Rio"},"content":{"rendered":"<p>A Pol\u00edcia Civil investiga a <strong>morte de tr\u00eas homens no Complexo do Chapad\u00e3o<\/strong>, em Costa Barros, na Zona Norte do Rio de Janeiro, durante um tiroteio neste domingo (21). As v\u00edtimas foram identificadas como Mario Lucio de Mendon\u00e7a Luna, Rafael Silva da Rosa e Luciano Teixeira da Silva.<\/p>\n<div class=\"custom__ad__element\"><\/div>\n<p>Segundo informa\u00e7\u00f5es de testemunhas, Mario Lucio era militar do Ex\u00e9rcito e morador da comunidade. Ele foi atingido por disparos e socorrido ao Hospital Estadual Carlos Chagas, em Marechal Hermes, mas n\u00e3o resistiu. Rafael e Luciano foram levados por familiares \u00e0 Unidade de Pronto Atendimento de Marechal Hermes, mas tamb\u00e9m n\u00e3o resistiram aos ferimentos.<\/p>\n<aside class=\"read-too read-too--with-img\">\n<h2 class=\"read-too__title\">Leia Mais<\/h2>\n<ul class=\"read-too__list\">\n<li class=\"read-too__list-item\">\n    <a class=\"read-too__link\" href=\"https:\/\/www.cnnbrasil.com.br\/nacional\/sudeste\/rj\/suspeito-de-arquitetar-invasao-a-hospital-e-encontrado-morto-no-rj\/\" target=\"_self\">\n                    <picture class=\"read-too__picture\">\n                <img decoding=\"async\" class=\"read-too__img\" src=\"https:\/\/admin.cnnbrasil.com.br\/wp-content\/uploads\/sites\/12\/2025\/09\/Design-sem-nome-30.jpg?w=200\" alt=\"Suspeito de arquitetar invas\u00e3o a hospital \u00e9 encontrado morto no RJ\" title=\"Suspeito de arquitetar invas\u00e3o a hospital \u00e9 encontrado morto no RJ'\" loading=\"lazy\">\n            <\/picture>\n<h3 class=\"read-too__post-title\">Suspeito de arquitetar invas\u00e3o a hospital \u00e9 encontrado morto no RJ<\/h3>\n<p>    <\/a>\n<\/li>\n<li class=\"read-too__list-item\">\n    <a class=\"read-too__link\" href=\"https:\/\/www.cnnbrasil.com.br\/nacional\/sudeste\/rj\/sargento-da-pm-e-morto-em-tentativa-de-assalto-no-rio-de-janeiro\/\" target=\"_self\">\n                    <picture class=\"read-too__picture\">\n                <img decoding=\"async\" class=\"read-too__img\" src=\"https:\/\/admin.cnnbrasil.com.br\/wp-content\/uploads\/sites\/12\/2025\/09\/Design-sem-nome-31.jpg?w=200\" alt=\"Sargento da PM \u00e9 morto em tentativa de assalto no Rio de Janeiro\" title=\"Sargento da PM \u00e9 morto em tentativa de assalto no Rio de Janeiro'\" loading=\"lazy\">\n            <\/picture>\n<h3 class=\"read-too__post-title\">Sargento da PM \u00e9 morto em tentativa de assalto no Rio de Janeiro<\/h3>\n<p>    <\/a>\n<\/li>\n<li class=\"read-too__list-item\">\n    <a class=\"read-too__link\" href=\"https:\/\/www.cnnbrasil.com.br\/nacional\/sudeste\/rj\/oito-suspeitos-de-matar-torcedor-sao-presos-em-operacao-no-rio\/\" target=\"_self\">\n                    <picture class=\"read-too__picture\">\n                <img decoding=\"async\" class=\"read-too__img\" src=\"https:\/\/admin.cnnbrasil.com.br\/wp-content\/uploads\/sites\/12\/2025\/09\/Captura-de-Tela-2025-09-20-as-10.12.00.png?w=200\" alt=\"Presidente de torcida do Flamengo e mais sete s\u00e3o presos em opera\u00e7\u00e3o no RJ\" title=\"Presidente de torcida do Flamengo e mais sete s\u00e3o presos em opera\u00e7\u00e3o no RJ'\" loading=\"lazy\">\n            <\/picture>\n<h3 class=\"read-too__post-title\">Presidente de torcida do Flamengo e mais sete s\u00e3o presos em opera\u00e7\u00e3o no RJ<\/h3>\n<p>    <\/a>\n<\/li>\n<\/ul>\n<\/aside>\n<p>De acordo com a Pol\u00edcia Militar, agentes do 41\u00ba BPM (Iraj\u00e1) realizavam uma <strong>opera\u00e7\u00e3o para coibir um evento de m\u00fasica n\u00e3o autorizado<\/strong> na regi\u00e3o. A corpora\u00e7\u00e3o informou que criminosos armados atiraram contra os policiais, que se abrigaram em um ve\u00edculo blindado e n\u00e3o reagiram. O policiamento segue intensificado no local.<\/p>\n<p>A Delegacia de Homic\u00eddios da Capital (DHC) instaurou inqu\u00e9rito para apurar as mortes.<\/p>\n<p>Por conta do tiroteio nas proximidades da esta\u00e7\u00e3o Costa Barros, a Supervia <strong>interrompeu a circula\u00e7\u00e3o de trens<\/strong> entre as esta\u00e7\u00f5es Rocha Miranda e Costa Barros por cerca de tr\u00eas horas no domingo.<\/p>\n<div class=\"custom__ad__element\"><\/div>\n<p>Durante o per\u00edodo, os trens circularam apenas entre as esta\u00e7\u00f5es Central do Brasil e Mercad\u00e3o de Madureira, e entre Pavuna e Belford Roxo.<\/p>\n","protected":false},"excerpt":{"rendered":"<p>A Pol\u00edcia Civil investiga a morte de tr\u00eas homens no Complexo do Chapad\u00e3o, em Costa Barros, na Zona Norte do Rio de Janeiro, durante um tiroteio neste domingo (21). As v\u00edtimas foram identificadas como Mario Lucio de Mendon\u00e7a Luna, Rafael Silva da Rosa e Luciano Teixeira da Silva. Segundo informa\u00e7\u00f5es de testemunhas, Mario Lucio era [&hellip;]<\/p>\n","protected":false},"author":169,"featured_media":4087,"comment_status":"open","ping_status":"open","sticky":false,"template":"","format":"standard","meta":{"site-sidebar-layout":"default","site-content-layout":"","ast-site-content-layout":"","site-content-style":"default","site-sidebar-style":"default","ast-global-header-display":"","ast-banner-title-visibility":"","ast-main-header-display":"","ast-hfb-above-header-display":"","ast-hfb-below-header-display":"","ast-hfb-mobile-header-display":"","site-post-title":"","ast-breadcrumbs-content":"","ast-featured-img":"","footer-sml-layout":"","theme-transparent-header-meta":"","adv-header-id-meta":"","stick-header-meta":"","header-above-stick-meta":"","header-main-stick-meta":"","header-below-stick-meta":"","astra-migrate-meta-layouts":"default","ast-page-background-enabled":"default","ast-page-background-meta":{"desktop":{"background-color":"var(--ast-global-color-4)","background-image":"","background-repeat":"repeat","background-position":"center center","background-size":"auto","background-attachment":"scroll","background-type":"","background-media":"","overlay-type":"","overlay-color":"","overlay-opacity":"","overlay-gradient":""},"tablet":{"background-color":"","background-image":"","background-repeat":"repeat","background-position":"center center","background-size":"auto","background-attachment":"scroll","background-type":"","background-media":"","overlay-type":"","overlay-color":"","overlay-opacity":"","overlay-gradient":""},"mobile":{"background-color":"","background-image":"","background-repeat":"repeat","background-position":"center center","background-size":"auto","background-attachment":"scroll","background-type":"","background-media":"","overlay-type":"","overlay-color":"","overlay-opacity":"","overlay-gradient":""}},"ast-content-background-meta":{"desktop":{"background-color":"var(--ast-global-color-5)","background-image":"","background-repeat":"repeat","background-position":"center center","background-size":"auto","background-attachment":"scroll","background-type":"","background-media":"","overlay-type":"","overlay-color":"","overlay-opacity":"","overlay-gradient":""},"tablet":{"background-color":"var(--ast-global-color-5)","background-image":"","background-repeat":"repeat","background-position":"center center","background-size":"auto","background-attachment":"scroll","background-type":"","background-media":"","overlay-type":"","overlay-color":"","overlay-opacity":"","overlay-gradient":""},"mobile":{"background-color":"var(--ast-global-color-5)","background-image":"","background-repeat":"repeat","background-position":"center center","background-size":"auto","background-attachment":"scroll","background-type":"","background-media":"","overlay-type":"","overlay-color":"","overlay-opacity":"","overlay-gradient":""}},"footnotes":""},"categories":[132],"tags":[],"class_list":["post-4086","post","type-post","status-publish","format-standard","has-post-thumbnail","hentry","category-brasil"],"_links":{"self":[{"href":"https:\/\/vivanews.com.br\/index.php?rest_route=\/wp\/v2\/posts\/4086","targetHints":{"allow":["GET"]}}],"collection":[{"href":"https:\/\/vivanews.com.br\/index.php?rest_route=\/wp\/v2\/posts"}],"about":[{"href":"https:\/\/vivanews.com.br\/index.php?rest_route=\/wp\/v2\/types\/post"}],"author":[{"embeddable":true,"href":"https:\/\/vivanews.com.br\/index.php?rest_route=\/wp\/v2\/users\/169"}],"replies":[{"embeddable":true,"href":"https:\/\/vivanews.com.br\/index.php?rest_route=%2Fwp%2Fv2%2Fcomments&post=4086"}],"version-history":[{"count":0,"href":"https:\/\/vivanews.com.br\/index.php?rest_route=\/wp\/v2\/posts\/4086\/revisions"}],"wp:featuredmedia":[{"embeddable":true,"href":"https:\/\/vivanews.com.br\/index.php?rest_route=\/wp\/v2\/media\/4087"}],"wp:attachment":[{"href":"https:\/\/vivanews.com.br\/index.php?rest_route=%2Fwp%2Fv2%2Fmedia&parent=4086"}],"wp:term":[{"taxonomy":"category","embeddable":true,"href":"https:\/\/vivanews.com.br\/index.php?rest_route=%2Fwp%2Fv2%2Fcategories&post=4086"},{"taxonomy":"post_tag","embeddable":true,"href":"https:\/\/vivanews.com.br\/index.php?rest_route=%2Fwp%2Fv2%2Ftags&post=4086"}],"curies":[{"name":"wp","href":"https:\/\/api.w.org\/{rel}","templated":true}]}}