{"id":4091,"date":"2025-09-22T17:56:44","date_gmt":"2025-09-22T20:56:44","guid":{"rendered":"https:\/\/vivanews.com.br\/?p=4091"},"modified":"2025-09-22T17:56:45","modified_gmt":"2025-09-22T20:56:45","slug":"oficinas-culturais-apresentam-sarau-brasil-sertanejo-nesta-quinta-feira-25","status":"publish","type":"post","link":"https:\/\/vivanews.com.br\/?p=4091","title":{"rendered":"Oficinas culturais apresentam Sarau Brasil Sertanejo nesta quinta-feira (25)"},"content":{"rendered":"\n<p>Evento gratuito re\u00fane alunos e professores das oficinas culturais em noite de m\u00fasica e emo\u00e7\u00e3o<\/p>\n\n\n\n<figure class=\"wp-block-image size-full\"><img fetchpriority=\"high\" decoding=\"async\" width=\"800\" height=\"571\" src=\"https:\/\/vivanews.com.br\/wp-content\/uploads\/2025\/09\/pref_lrv-2025-09-22T165838.198.jpg\" alt=\"\" class=\"wp-image-4092\" srcset=\"https:\/\/vivanews.com.br\/wp-content\/uploads\/2025\/09\/pref_lrv-2025-09-22T165838.198.jpg 800w, https:\/\/vivanews.com.br\/wp-content\/uploads\/2025\/09\/pref_lrv-2025-09-22T165838.198-300x214.jpg 300w, https:\/\/vivanews.com.br\/wp-content\/uploads\/2025\/09\/pref_lrv-2025-09-22T165838.198-768x548.jpg 768w, https:\/\/vivanews.com.br\/wp-content\/uploads\/2025\/09\/pref_lrv-2025-09-22T165838.198-205x146.jpg 205w\" sizes=\"(max-width: 800px) 100vw, 800px\" \/><\/figure>\n\n\n\n<p>O audit\u00f3rio do Pa\u00e7o Municipal ser\u00e1 palco de uma noite especial nesta quinta-feira (25), a partir das 19h, com o Sarau Brasil Sertanejo. O evento vai reunir alunos e professores das oficinas culturais de canto, viol\u00e3o, teclado e piano em um momento de muita m\u00fasica e valoriza\u00e7\u00e3o da cultura local.<\/p>\n\n\n\n<p>Promovida pela Prefeitura de Lucas do Rio Verde, por meio da Secretaria de Cultura e Turismo, a iniciativa destaca o talento de artistas que, ao longo dos \u00faltimos meses, se dedicaram intensamente ao aprendizado musical e agora ter\u00e3o a oportunidade de mostrar ao p\u00fablico todo o conhecimento e a paix\u00e3o pela arte.<\/p>\n\n\n\n<p>A programa\u00e7\u00e3o \u00e9 gratuita e aberta a toda a comunidade. Fam\u00edlias, amigos e admiradores da m\u00fasica sertaneja est\u00e3o convidados a prestigiar o sarau e apoiar os talentos locais em uma noite que promete ser memor\u00e1vel.<\/p>\n","protected":false},"excerpt":{"rendered":"<p>Evento gratuito re\u00fane alunos e professores das oficinas culturais em noite de m\u00fasica e emo\u00e7\u00e3o O audit\u00f3rio do Pa\u00e7o Municipal ser\u00e1 palco de uma noite especial nesta quinta-feira (25), a partir das 19h, com o Sarau Brasil Sertanejo. O evento vai reunir alunos e professores das oficinas culturais de canto, viol\u00e3o, teclado e piano em [&hellip;]<\/p>\n","protected":false},"author":91,"featured_media":4092,"comment_status":"open","ping_status":"closed","sticky":false,"template":"","format":"standard","meta":{"site-sidebar-layout":"default","site-content-layout":"","ast-site-content-layout":"default","site-content-style":"default","site-sidebar-style":"default","ast-global-header-display":"","ast-banner-title-visibility":"","ast-main-header-display":"","ast-hfb-above-header-display":"","ast-hfb-below-header-display":"","ast-hfb-mobile-header-display":"","site-post-title":"","ast-breadcrumbs-content":"","ast-featured-img":"","footer-sml-layout":"","theme-transparent-header-meta":"","adv-header-id-meta":"","stick-header-meta":"","header-above-stick-meta":"","header-main-stick-meta":"","header-below-stick-meta":"","astra-migrate-meta-layouts":"set","ast-page-background-enabled":"default","ast-page-background-meta":{"desktop":{"background-color":"var(--ast-global-color-4)","background-image":"","background-repeat":"repeat","background-position":"center center","background-size":"auto","background-attachment":"scroll","background-type":"","background-media":"","overlay-type":"","overlay-color":"","overlay-opacity":"","overlay-gradient":""},"tablet":{"background-color":"","background-image":"","background-repeat":"repeat","background-position":"center center","background-size":"auto","background-attachment":"scroll","background-type":"","background-media":"","overlay-type":"","overlay-color":"","overlay-opacity":"","overlay-gradient":""},"mobile":{"background-color":"","background-image":"","background-repeat":"repeat","background-position":"center center","background-size":"auto","background-attachment":"scroll","background-type":"","background-media":"","overlay-type":"","overlay-color":"","overlay-opacity":"","overlay-gradient":""}},"ast-content-background-meta":{"desktop":{"background-color":"var(--ast-global-color-5)","background-image":"","background-repeat":"repeat","background-position":"center center","background-size":"auto","background-attachment":"scroll","background-type":"","background-media":"","overlay-type":"","overlay-color":"","overlay-opacity":"","overlay-gradient":""},"tablet":{"background-color":"var(--ast-global-color-5)","background-image":"","background-repeat":"repeat","background-position":"center center","background-size":"auto","background-attachment":"scroll","background-type":"","background-media":"","overlay-type":"","overlay-color":"","overlay-opacity":"","overlay-gradient":""},"mobile":{"background-color":"var(--ast-global-color-5)","background-image":"","background-repeat":"repeat","background-position":"center center","background-size":"auto","background-attachment":"scroll","background-type":"","background-media":"","overlay-type":"","overlay-color":"","overlay-opacity":"","overlay-gradient":""}},"footnotes":""},"categories":[1],"tags":[],"class_list":["post-4091","post","type-post","status-publish","format-standard","has-post-thumbnail","hentry","category-sem-categoria"],"_links":{"self":[{"href":"https:\/\/vivanews.com.br\/index.php?rest_route=\/wp\/v2\/posts\/4091","targetHints":{"allow":["GET"]}}],"collection":[{"href":"https:\/\/vivanews.com.br\/index.php?rest_route=\/wp\/v2\/posts"}],"about":[{"href":"https:\/\/vivanews.com.br\/index.php?rest_route=\/wp\/v2\/types\/post"}],"author":[{"embeddable":true,"href":"https:\/\/vivanews.com.br\/index.php?rest_route=\/wp\/v2\/users\/91"}],"replies":[{"embeddable":true,"href":"https:\/\/vivanews.com.br\/index.php?rest_route=%2Fwp%2Fv2%2Fcomments&post=4091"}],"version-history":[{"count":1,"href":"https:\/\/vivanews.com.br\/index.php?rest_route=\/wp\/v2\/posts\/4091\/revisions"}],"predecessor-version":[{"id":4093,"href":"https:\/\/vivanews.com.br\/index.php?rest_route=\/wp\/v2\/posts\/4091\/revisions\/4093"}],"wp:featuredmedia":[{"embeddable":true,"href":"https:\/\/vivanews.com.br\/index.php?rest_route=\/wp\/v2\/media\/4092"}],"wp:attachment":[{"href":"https:\/\/vivanews.com.br\/index.php?rest_route=%2Fwp%2Fv2%2Fmedia&parent=4091"}],"wp:term":[{"taxonomy":"category","embeddable":true,"href":"https:\/\/vivanews.com.br\/index.php?rest_route=%2Fwp%2Fv2%2Fcategories&post=4091"},{"taxonomy":"post_tag","embeddable":true,"href":"https:\/\/vivanews.com.br\/index.php?rest_route=%2Fwp%2Fv2%2Ftags&post=4091"}],"curies":[{"name":"wp","href":"https:\/\/api.w.org\/{rel}","templated":true}]}}