{"id":4112,"date":"2025-09-29T20:45:27","date_gmt":"2025-09-29T23:45:27","guid":{"rendered":"https:\/\/vivanews.com.br\/?p=4112"},"modified":"2025-09-29T20:45:27","modified_gmt":"2025-09-29T23:45:27","slug":"cerimonia-oficializa-promocao-de-carreira-de-guardas-civis-municipais-em-lucas-do-rio-verde","status":"publish","type":"post","link":"https:\/\/vivanews.com.br\/?p=4112","title":{"rendered":"Cerim\u00f4nia oficializa promo\u00e7\u00e3o de carreira de guardas civis municipais em Lucas do Rio Verde"},"content":{"rendered":"\n<p>Ao todo, 14 agentes conquistaram progress\u00e3o de carreira, conforme previsto na Lei Complementar n\u00ba 222\/2022<\/p>\n\n\n\n<figure class=\"wp-block-image size-full\"><img fetchpriority=\"high\" decoding=\"async\" width=\"800\" height=\"533\" src=\"https:\/\/vivanews.com.br\/wp-content\/uploads\/2025\/09\/pref_lrv-2025-09-29T194647.256.jpg\" alt=\"\" class=\"wp-image-4113\" srcset=\"https:\/\/vivanews.com.br\/wp-content\/uploads\/2025\/09\/pref_lrv-2025-09-29T194647.256.jpg 800w, https:\/\/vivanews.com.br\/wp-content\/uploads\/2025\/09\/pref_lrv-2025-09-29T194647.256-300x200.jpg 300w, https:\/\/vivanews.com.br\/wp-content\/uploads\/2025\/09\/pref_lrv-2025-09-29T194647.256-768x512.jpg 768w, https:\/\/vivanews.com.br\/wp-content\/uploads\/2025\/09\/pref_lrv-2025-09-29T194647.256-219x146.jpg 219w\" sizes=\"(max-width: 800px) 100vw, 800px\" \/><\/figure>\n\n\n\n<p>Nesta segunda-feira (29), a Prefeitura de Lucas do Rio Verde, por meio da Secretaria de Seguran\u00e7a P\u00fablica, formalizou a promo\u00e7\u00e3o de 14 agentes da Guarda Civil Municipal (GCM), em cerim\u00f4nia realizada no Audit\u00f3rio dos Pioneiros. Na ocasi\u00e3o, foram entregues as divisas que definem cada classe.&nbsp;<\/p>\n\n\n\n<p>Participaram da solenidade o prefeito Miguel Vaz, a primeira-dama e secret\u00e1ria de Assist\u00eancia Social e Habita\u00e7\u00e3o, Janice Ribeiro, o secret\u00e1rio de Seguran\u00e7a P\u00fablica, coronel Marcos Cunha, o comandante da Guarda Civil Municipal, tenente J. Lima, al\u00e9m de representantes do legislativo, Pol\u00edcia Militar e Corpo de Bombeiros.&nbsp;<\/p>\n\n\n\n<p>\u201cEsse \u00e9 um projeto que teve in\u00edcio em 2021, com a transforma\u00e7\u00e3o da Guarda Civil e a reformula\u00e7\u00e3o do estatuto, que instituiu um plano de carreira para a corpora\u00e7\u00e3o. Hoje, 14 guardas civis foram elevados de classe, o que representa n\u00e3o apenas o reconhecimento aos profissionais, mas tamb\u00e9m refor\u00e7a, para a sociedade, a certeza de que a GCM est\u00e1 cada vez mais preparada para oferecer ao cidad\u00e3o a seguran\u00e7a t\u00e3o importante em nosso munic\u00edpio\u201d, destacou o prefeito, Miguel Vaz.<\/p>\n\n\n\n<p>\u201cPrimeiramente, quero parabenizar todos os guardas civis promovidos e agradecer ao nosso prefeito, Miguel Vaz, por acreditar na seguran\u00e7a p\u00fablica e na Guarda Civil Municipal. A cerim\u00f4nia de promo\u00e7\u00e3o de carreira vem coroar um trabalho desenvolvido ao longo dos \u00faltimos quatro anos, desde a cria\u00e7\u00e3o da Guarda Armada e do estatuto, al\u00e9m de representar o reconhecimento da sociedade ao trabalho realizado pela GCM\u201d, ressaltou &nbsp;o secret\u00e1rio de Seguran\u00e7a P\u00fablica, Coronel Marcos Cunha.<\/p>\n\n\n\n<figure class=\"wp-block-image\"><img decoding=\"async\" src=\"https:\/\/www.lucasdorioverde.mt.gov.br\/arquivos\/noticias\/14182\/g\/57321800120250929100944.jpg\" alt=\"\"\/><\/figure>\n\n\n\n<p><small>(Foto: Ascom Prefeitura\/Victor Pauletti)<\/small><\/p>\n\n\n\n<p>Conforme a<a href=\"https:\/\/leismunicipais.com.br\/a1\/mt\/l\/lucas-do-rio-verde\/lei-complementar\/2022\/23\/222\/lei-complementar-n-222-2022-cria-a-guarda-civil-municipal-dispoe-sobre-a-organizacao-estatuto-e-plano-de-carreira-e-regulamenta-sua-atuacao-no-municipio-de-lucas-do-rio-verde-e-da-outras-providencias?q=222%2F2022\">&nbsp;Lei Complementar n\u00ba 222\/2022<\/a>, dez agentes da Classe Inicial avan\u00e7aram para a 3\u00aa Classe, ap\u00f3s cinco anos de servi\u00e7o na GCM. Outros tr\u00eas guardas foram promovidos da 2\u00aa para a 1\u00aa Classe ao completarem 15 anos de atua\u00e7\u00e3o. J\u00e1 um agente da 1\u00aa Classe alcan\u00e7ou a Classe Distinta, ap\u00f3s 18 anos de dedica\u00e7\u00e3o \u00e0 corpora\u00e7\u00e3o.&nbsp;<\/p>\n\n\n\n<p>\u201cA eleva\u00e7\u00e3o de classe \u00e9 uma das conquistas mais significativas da carreira na Guarda Civil Municipal, almejada por todos os guardas. \u00c9 uma enorme satisfa\u00e7\u00e3o promover nossos profissionais, reconhecendo a dedica\u00e7\u00e3o e o profissionalismo que v\u00eam demonstrando \u00e0 sociedade\u201d, declarou o comandante da GCM, Tenente J. Lima.<\/p>\n\n\n\n<p>\u201c\u00c9 com muita honra e profunda gratid\u00e3o que hoje recebo a eleva\u00e7\u00e3o para a terceira classe da Guarda Civil Municipal de Lucas do Rio Verde. Este momento representa muito mais do que um avan\u00e7o profissional: simboliza o reconhecimento da dedica\u00e7\u00e3o, do compromisso e da responsabilidade que cada um de n\u00f3s, guardas civis, assume ao vestir a farda. Este ato me enche de orgulho e, ao mesmo tempo, renova em mim o compromisso de servir com ainda mais empenho, \u00e9tica e lealdade, em prol da seguran\u00e7a, da ordem e do bem-estar de nossa cidade luverdense\u201d, afirmou o corregedor da GCM, Munil Marques.&nbsp;<\/p>\n\n\n\n<p>Por meio da cerim\u00f4nia, a gest\u00e3o municipal buscou valorizar e fortalecer os profissionais que trabalham diariamente para tornar o munic\u00edpio de Lucas do Rio Verde seguro para todos, al\u00e9m de refor\u00e7ar o compromisso com a excel\u00eancia dos servi\u00e7os prestados pela Guarda Civil Municipal.<\/p>\n","protected":false},"excerpt":{"rendered":"<p>Ao todo, 14 agentes conquistaram progress\u00e3o de carreira, conforme previsto na Lei Complementar n\u00ba 222\/2022 Nesta segunda-feira (29), a Prefeitura de Lucas do Rio Verde, por meio da Secretaria de Seguran\u00e7a P\u00fablica, formalizou a promo\u00e7\u00e3o de 14 agentes da Guarda Civil Municipal (GCM), em cerim\u00f4nia realizada no Audit\u00f3rio dos Pioneiros. Na ocasi\u00e3o, foram entregues as [&hellip;]<\/p>\n","protected":false},"author":91,"featured_media":4113,"comment_status":"open","ping_status":"closed","sticky":false,"template":"","format":"standard","meta":{"site-sidebar-layout":"default","site-content-layout":"","ast-site-content-layout":"default","site-content-style":"default","site-sidebar-style":"default","ast-global-header-display":"","ast-banner-title-visibility":"","ast-main-header-display":"","ast-hfb-above-header-display":"","ast-hfb-below-header-display":"","ast-hfb-mobile-header-display":"","site-post-title":"","ast-breadcrumbs-content":"","ast-featured-img":"","footer-sml-layout":"","ast-disable-related-posts":"","theme-transparent-header-meta":"","adv-header-id-meta":"","stick-header-meta":"","header-above-stick-meta":"","header-main-stick-meta":"","header-below-stick-meta":"","astra-migrate-meta-layouts":"set","ast-page-background-enabled":"default","ast-page-background-meta":{"desktop":{"background-color":"var(--ast-global-color-4)","background-image":"","background-repeat":"repeat","background-position":"center center","background-size":"auto","background-attachment":"scroll","background-type":"","background-media":"","overlay-type":"","overlay-color":"","overlay-opacity":"","overlay-gradient":""},"tablet":{"background-color":"","background-image":"","background-repeat":"repeat","background-position":"center center","background-size":"auto","background-attachment":"scroll","background-type":"","background-media":"","overlay-type":"","overlay-color":"","overlay-opacity":"","overlay-gradient":""},"mobile":{"background-color":"","background-image":"","background-repeat":"repeat","background-position":"center center","background-size":"auto","background-attachment":"scroll","background-type":"","background-media":"","overlay-type":"","overlay-color":"","overlay-opacity":"","overlay-gradient":""}},"ast-content-background-meta":{"desktop":{"background-color":"var(--ast-global-color-5)","background-image":"","background-repeat":"repeat","background-position":"center center","background-size":"auto","background-attachment":"scroll","background-type":"","background-media":"","overlay-type":"","overlay-color":"","overlay-opacity":"","overlay-gradient":""},"tablet":{"background-color":"var(--ast-global-color-5)","background-image":"","background-repeat":"repeat","background-position":"center center","background-size":"auto","background-attachment":"scroll","background-type":"","background-media":"","overlay-type":"","overlay-color":"","overlay-opacity":"","overlay-gradient":""},"mobile":{"background-color":"var(--ast-global-color-5)","background-image":"","background-repeat":"repeat","background-position":"center center","background-size":"auto","background-attachment":"scroll","background-type":"","background-media":"","overlay-type":"","overlay-color":"","overlay-opacity":"","overlay-gradient":""}},"footnotes":""},"categories":[1],"tags":[],"class_list":["post-4112","post","type-post","status-publish","format-standard","has-post-thumbnail","hentry","category-sem-categoria"],"_links":{"self":[{"href":"https:\/\/vivanews.com.br\/index.php?rest_route=\/wp\/v2\/posts\/4112","targetHints":{"allow":["GET"]}}],"collection":[{"href":"https:\/\/vivanews.com.br\/index.php?rest_route=\/wp\/v2\/posts"}],"about":[{"href":"https:\/\/vivanews.com.br\/index.php?rest_route=\/wp\/v2\/types\/post"}],"author":[{"embeddable":true,"href":"https:\/\/vivanews.com.br\/index.php?rest_route=\/wp\/v2\/users\/91"}],"replies":[{"embeddable":true,"href":"https:\/\/vivanews.com.br\/index.php?rest_route=%2Fwp%2Fv2%2Fcomments&post=4112"}],"version-history":[{"count":1,"href":"https:\/\/vivanews.com.br\/index.php?rest_route=\/wp\/v2\/posts\/4112\/revisions"}],"predecessor-version":[{"id":4114,"href":"https:\/\/vivanews.com.br\/index.php?rest_route=\/wp\/v2\/posts\/4112\/revisions\/4114"}],"wp:featuredmedia":[{"embeddable":true,"href":"https:\/\/vivanews.com.br\/index.php?rest_route=\/wp\/v2\/media\/4113"}],"wp:attachment":[{"href":"https:\/\/vivanews.com.br\/index.php?rest_route=%2Fwp%2Fv2%2Fmedia&parent=4112"}],"wp:term":[{"taxonomy":"category","embeddable":true,"href":"https:\/\/vivanews.com.br\/index.php?rest_route=%2Fwp%2Fv2%2Fcategories&post=4112"},{"taxonomy":"post_tag","embeddable":true,"href":"https:\/\/vivanews.com.br\/index.php?rest_route=%2Fwp%2Fv2%2Ftags&post=4112"}],"curies":[{"name":"wp","href":"https:\/\/api.w.org\/{rel}","templated":true}]}}