{"id":4118,"date":"2025-09-29T20:55:48","date_gmt":"2025-09-29T23:55:48","guid":{"rendered":"https:\/\/vivanews.com.br\/?p=4118"},"modified":"2025-09-29T20:55:48","modified_gmt":"2025-09-29T23:55:48","slug":"secretaria-de-cultura-e-turismo-lanca-edital-da-5a-edicao-do-natal-da-esperanca","status":"publish","type":"post","link":"https:\/\/vivanews.com.br\/?p=4118","title":{"rendered":"Secretaria de Cultura e Turismo lan\u00e7a edital da 5\u00aa Edi\u00e7\u00e3o do Natal da Esperan\u00e7a"},"content":{"rendered":"\n<p>Secretaria de Cultura e Turismo lan\u00e7a edital da 5\u00aa Edi\u00e7\u00e3o do Natal da Esperan\u00e7a<\/p>\n\n\n\n<figure class=\"wp-block-image size-full\"><img fetchpriority=\"high\" decoding=\"async\" width=\"800\" height=\"571\" src=\"https:\/\/vivanews.com.br\/wp-content\/uploads\/2025\/09\/pref_lrv-2025-09-29T195707.144.jpg\" alt=\"\" class=\"wp-image-4119\" srcset=\"https:\/\/vivanews.com.br\/wp-content\/uploads\/2025\/09\/pref_lrv-2025-09-29T195707.144.jpg 800w, https:\/\/vivanews.com.br\/wp-content\/uploads\/2025\/09\/pref_lrv-2025-09-29T195707.144-300x214.jpg 300w, https:\/\/vivanews.com.br\/wp-content\/uploads\/2025\/09\/pref_lrv-2025-09-29T195707.144-768x548.jpg 768w, https:\/\/vivanews.com.br\/wp-content\/uploads\/2025\/09\/pref_lrv-2025-09-29T195707.144-205x146.jpg 205w\" sizes=\"(max-width: 800px) 100vw, 800px\" \/><\/figure>\n\n\n\n<p>A Prefeitura de Lucas do Rio Verde, por meio da Secretaria Municipal de Cultura e Turismo, lan\u00e7a oficialmente o&nbsp;<strong><a href=\"https:\/\/www.lucasdorioverde.mt.gov.br\/arquivos\/edital\/438\/edital_n6_-_natal_da_esperanca_5_edicao.pdf\">Edital N\u00ba 06\/2025&nbsp;<\/a><\/strong>do Natal da Esperan\u00e7a (5\u00aa edi\u00e7\u00e3o). A iniciativa amplia seu alcance e contempla, neste ano, pessoas f\u00edsicas e jur\u00eddicas de direito privado, fortalecendo a diversidade cultural e art\u00edstica do munic\u00edpio.<\/p>\n\n\n\n<p>Acesse o edital:&nbsp;<strong><a href=\"https:\/\/www.lucasdorioverde.mt.gov.br\/arquivos\/edital\/438\/edital_n6_-_natal_da_esperanca_5_edicao.pdf\">https:\/\/www.lucasdorioverde.mt.gov.br\/arquivos\/edital\/438\/edital_n6_-_natal_da_esperanca_5_edicao.pdf<\/a><\/strong><\/p>\n\n\n\n<p>As inscri\u00e7\u00f5es ser\u00e3o realizadas entre os dias 30 de setembro a 13 de outubro, exclusivamente pelo sistema 1Doc no site da Prefeitura, garantindo transpar\u00eancia e agilidade em todo o processo. O projeto ser\u00e1 executado entre os dias 6 de dezembro a 6 de janeiro.<\/p>\n\n\n\n<p>Em 2025, a Vila do Natal da Esperan\u00e7a ganhar\u00e1 um formato totalmente inovador: ser\u00e1 realizada no Parque de Exposi\u00e7\u00e3o Roberto Munaretto e ter\u00e1 como ess\u00eancia ser uma vila viva e interativa. Cada apresenta\u00e7\u00e3o e artista dever\u00e1 dialogar com o p\u00fablico, criando experi\u00eancias de encantamento, participa\u00e7\u00e3o e pertencimento.<\/p>\n\n\n\n<p>Categorias contempladas:<\/p>\n\n\n\n<p>&nbsp; &nbsp; \u2022 Espet\u00e1culos de teatro e dan\u00e7a<\/p>\n\n\n\n<p>&nbsp; &nbsp; \u2022 Conta\u00e7\u00e3o de hist\u00f3rias<\/p>\n\n\n\n<p>&nbsp; &nbsp; \u2022 Interven\u00e7\u00f5es art\u00edsticas e esquetes natalinas<\/p>\n\n\n\n<p>&nbsp; &nbsp; \u2022 Corais natalinos<\/p>\n\n\n\n<p>&nbsp; &nbsp; \u2022 Grupos musicais (solo, dupla, instrumentais)<\/p>\n\n\n\n<p>&nbsp; &nbsp; \u2022 Oficinas (doces e artesanato natalino)<\/p>\n\n\n\n<p>&nbsp; &nbsp; \u2022 Personagens art\u00edsticos e curadoria da Vila<\/p>\n\n\n\n<p>Cronograma:<\/p>\n\n\n\n<p>&nbsp; &nbsp; \u2022 Publica\u00e7\u00e3o do edital em Di\u00e1rio Oficial: 26\/09<\/p>\n\n\n\n<p>&nbsp; &nbsp; \u2022 Per\u00edodo de inscri\u00e7\u00f5es: 30\/09 a 13\/10<\/p>\n\n\n\n<p>&nbsp; &nbsp; \u2022 Execu\u00e7\u00e3o dos projetos: 06\/12 a 06\/01\/2026<\/p>\n\n\n\n<p>O investimento ser\u00e1 de R$ 250 mil, provenientes do Fundo Municipal da Cultura, criado pela Lei n\u00ba 3390\/22, Fundo Especial de Incentivo a Projetos Culturais e o Programa Municipal de Incentivo \u00e0 Cultura. O edital foi validado pelo Conselho Municipal de Cultura e Turismo, com elabora\u00e7\u00e3o pautada em escutas p\u00fablicas junto \u00e0 comunidade e ao setor cultural, metodologia que vem fortalecendo a cultura local desde 2021.<\/p>\n\n\n\n<p>Segundo Christine Rigo, Supervisora de Cultura e Economia Criativa,\u201c\u00e9 uma forma de construir juntos a identidade cultural de Lucas do Rio Verde, valorizando a hist\u00f3ria desses fazedores de cultura que todos os dias constroem a identidade criativa da nossa cidade. Tenho certeza que este ano n\u00f3s surpreenderemos a popula\u00e7\u00e3o e mostrar toda a pot\u00eancia da nossa arte\u201d.<\/p>\n\n\n\n<p>Se voc\u00ea \u00e9 artista, grupo, coletivo ou produtor cultural, aceite este desafio: fa\u00e7a parte da Vila do Natal da Esperan\u00e7a um espa\u00e7o vivo, interativo e cheio de magia.<\/p>\n\n\n\n<p>Atendimento e d\u00favidas:<\/p>\n\n\n\n<p>&nbsp; &nbsp; \u2022 Segunda a sexta-feira: 7h30 \u00e0s 11h e 13h30 \u00e0s 17h<\/p>\n\n\n\n<p>&nbsp; &nbsp; \u2022 Av. S\u00e3o Paulo, 363 \u2013 Bairro Cidade Nova<\/p>\n\n\n\n<p>&nbsp; &nbsp; \u2022 Telefones: (65) 3549-2513 \/ (65) 3549-2549<\/p>\n\n\n\n<p>&nbsp; &nbsp; \u2022 E-mail: editais.cultura@lucasdorioverde.mt.gov.br<\/p>\n","protected":false},"excerpt":{"rendered":"<p>Secretaria de Cultura e Turismo lan\u00e7a edital da 5\u00aa Edi\u00e7\u00e3o do Natal da Esperan\u00e7a A Prefeitura de Lucas do Rio Verde, por meio da Secretaria Municipal de Cultura e Turismo, lan\u00e7a oficialmente o&nbsp;Edital N\u00ba 06\/2025&nbsp;do Natal da Esperan\u00e7a (5\u00aa edi\u00e7\u00e3o). A iniciativa amplia seu alcance e contempla, neste ano, pessoas f\u00edsicas e jur\u00eddicas de direito [&hellip;]<\/p>\n","protected":false},"author":91,"featured_media":4119,"comment_status":"open","ping_status":"closed","sticky":false,"template":"","format":"standard","meta":{"site-sidebar-layout":"default","site-content-layout":"","ast-site-content-layout":"default","site-content-style":"default","site-sidebar-style":"default","ast-global-header-display":"","ast-banner-title-visibility":"","ast-main-header-display":"","ast-hfb-above-header-display":"","ast-hfb-below-header-display":"","ast-hfb-mobile-header-display":"","site-post-title":"","ast-breadcrumbs-content":"","ast-featured-img":"","footer-sml-layout":"","ast-disable-related-posts":"","theme-transparent-header-meta":"","adv-header-id-meta":"","stick-header-meta":"","header-above-stick-meta":"","header-main-stick-meta":"","header-below-stick-meta":"","astra-migrate-meta-layouts":"set","ast-page-background-enabled":"default","ast-page-background-meta":{"desktop":{"background-color":"var(--ast-global-color-4)","background-image":"","background-repeat":"repeat","background-position":"center center","background-size":"auto","background-attachment":"scroll","background-type":"","background-media":"","overlay-type":"","overlay-color":"","overlay-opacity":"","overlay-gradient":""},"tablet":{"background-color":"","background-image":"","background-repeat":"repeat","background-position":"center center","background-size":"auto","background-attachment":"scroll","background-type":"","background-media":"","overlay-type":"","overlay-color":"","overlay-opacity":"","overlay-gradient":""},"mobile":{"background-color":"","background-image":"","background-repeat":"repeat","background-position":"center center","background-size":"auto","background-attachment":"scroll","background-type":"","background-media":"","overlay-type":"","overlay-color":"","overlay-opacity":"","overlay-gradient":""}},"ast-content-background-meta":{"desktop":{"background-color":"var(--ast-global-color-5)","background-image":"","background-repeat":"repeat","background-position":"center center","background-size":"auto","background-attachment":"scroll","background-type":"","background-media":"","overlay-type":"","overlay-color":"","overlay-opacity":"","overlay-gradient":""},"tablet":{"background-color":"var(--ast-global-color-5)","background-image":"","background-repeat":"repeat","background-position":"center center","background-size":"auto","background-attachment":"scroll","background-type":"","background-media":"","overlay-type":"","overlay-color":"","overlay-opacity":"","overlay-gradient":""},"mobile":{"background-color":"var(--ast-global-color-5)","background-image":"","background-repeat":"repeat","background-position":"center center","background-size":"auto","background-attachment":"scroll","background-type":"","background-media":"","overlay-type":"","overlay-color":"","overlay-opacity":"","overlay-gradient":""}},"footnotes":""},"categories":[1],"tags":[],"class_list":["post-4118","post","type-post","status-publish","format-standard","has-post-thumbnail","hentry","category-sem-categoria"],"_links":{"self":[{"href":"https:\/\/vivanews.com.br\/index.php?rest_route=\/wp\/v2\/posts\/4118","targetHints":{"allow":["GET"]}}],"collection":[{"href":"https:\/\/vivanews.com.br\/index.php?rest_route=\/wp\/v2\/posts"}],"about":[{"href":"https:\/\/vivanews.com.br\/index.php?rest_route=\/wp\/v2\/types\/post"}],"author":[{"embeddable":true,"href":"https:\/\/vivanews.com.br\/index.php?rest_route=\/wp\/v2\/users\/91"}],"replies":[{"embeddable":true,"href":"https:\/\/vivanews.com.br\/index.php?rest_route=%2Fwp%2Fv2%2Fcomments&post=4118"}],"version-history":[{"count":1,"href":"https:\/\/vivanews.com.br\/index.php?rest_route=\/wp\/v2\/posts\/4118\/revisions"}],"predecessor-version":[{"id":4120,"href":"https:\/\/vivanews.com.br\/index.php?rest_route=\/wp\/v2\/posts\/4118\/revisions\/4120"}],"wp:featuredmedia":[{"embeddable":true,"href":"https:\/\/vivanews.com.br\/index.php?rest_route=\/wp\/v2\/media\/4119"}],"wp:attachment":[{"href":"https:\/\/vivanews.com.br\/index.php?rest_route=%2Fwp%2Fv2%2Fmedia&parent=4118"}],"wp:term":[{"taxonomy":"category","embeddable":true,"href":"https:\/\/vivanews.com.br\/index.php?rest_route=%2Fwp%2Fv2%2Fcategories&post=4118"},{"taxonomy":"post_tag","embeddable":true,"href":"https:\/\/vivanews.com.br\/index.php?rest_route=%2Fwp%2Fv2%2Ftags&post=4118"}],"curies":[{"name":"wp","href":"https:\/\/api.w.org\/{rel}","templated":true}]}}