{"id":4121,"date":"2025-09-29T21:41:40","date_gmt":"2025-09-30T00:41:40","guid":{"rendered":"https:\/\/vivanews.com.br\/?p=4121"},"modified":"2025-09-29T21:41:40","modified_gmt":"2025-09-30T00:41:40","slug":"radio-camara-e-inaugurada-com-meta-de-aproximar-legislativo-da-populacao","status":"publish","type":"post","link":"https:\/\/vivanews.com.br\/?p=4121","title":{"rendered":"R\u00e1dio C\u00e2mara \u00e9 inaugurada com meta de aproximar Legislativo da popula\u00e7\u00e3o"},"content":{"rendered":"\n<p>Al\u00e9m das sess\u00f5es, programa\u00e7\u00e3o inclui m\u00fasicas, entrevistas com vereadores e debates com a sociedade civil.<\/p>\n\n\n\n<figure class=\"wp-block-image size-large\"><img fetchpriority=\"high\" decoding=\"async\" width=\"1024\" height=\"682\" src=\"https:\/\/vivanews.com.br\/wp-content\/uploads\/2025\/09\/2397-1024x682.jpg\" alt=\"\" class=\"wp-image-4122\" srcset=\"https:\/\/vivanews.com.br\/wp-content\/uploads\/2025\/09\/2397-1024x682.jpg 1024w, https:\/\/vivanews.com.br\/wp-content\/uploads\/2025\/09\/2397-300x200.jpg 300w, https:\/\/vivanews.com.br\/wp-content\/uploads\/2025\/09\/2397-768x512.jpg 768w, https:\/\/vivanews.com.br\/wp-content\/uploads\/2025\/09\/2397-1536x1023.jpg 1536w, https:\/\/vivanews.com.br\/wp-content\/uploads\/2025\/09\/2397-219x146.jpg 219w, https:\/\/vivanews.com.br\/wp-content\/uploads\/2025\/09\/2397.jpg 1600w\" sizes=\"(max-width: 1024px) 100vw, 1024px\" \/><\/figure>\n\n\n\n<p>A C\u00e2mara Municipal de Lucas do Rio Verde inaugurou, nesta segunda-feira, a R\u00e1dio C\u00e2mara. O novo ve\u00edculo de comunica\u00e7\u00e3o tem como objetivo principal transmitir ao vivo os trabalhos do Legislativo e produzir conte\u00fado sobre a atua\u00e7\u00e3o dos vereadores.<\/p>\n\n\n\n<p>O presidente da Casa, Airton Callai, afirmou que&nbsp;a ferramenta vai aproximar a popula\u00e7\u00e3o das decis\u00f5es tomadas no plen\u00e1rio. &#8220;A R\u00e1dio C\u00e2mara vem para trazer a informa\u00e7\u00e3o da fonte, de onde tem, da maneira que saiu, quem discutiu, quem deu a ideia, quem falou o qu\u00ea e qual o projeto que est\u00e1 rodando&#8221;, declarou.<\/p>\n\n\n\n<p>Callai tamb\u00e9m anunciou que, na pr\u00f3xima semana, o conte\u00fado estar\u00e1 dispon\u00edvel por meio de um aplicativo para iOS e Android, colocando a programa\u00e7\u00e3o &#8220;na palma da m\u00e3o de todos os brasileiros&#8221;. Segundo ele, a iniciativa permitir\u00e1 que os cidad\u00e3os acompanhem &#8220;como \u00e9 que as comiss\u00f5es est\u00e3o trabalhando e qual o voto de cada vereador dentro das comiss\u00f5es&#8221;, al\u00e9m de entender como &#8220;o vereador pensa, atrav\u00e9s dos podcasts&#8221;.<\/p>\n\n\n\n<p>O presidente enfatizou que a r\u00e1dio \u00e9 mais um passo para &#8220;estreitar esse la\u00e7o do legislativo com a popula\u00e7\u00e3o que \u00e0s vezes parece que fica muito longe&#8221;. Ele ainda adiantou planos futuros, incluindo a transmiss\u00e3o via r\u00e1dios de carro e a explora\u00e7\u00e3o de um projeto para televis\u00e3o, em parceria com a TV Senado, TV C\u00e2mara e TV Assembleia Legislativa.<\/p>\n\n\n\n<p><strong>Programa\u00e7\u00e3o<\/strong><br>A programa\u00e7\u00e3o da R\u00e1dio C\u00e2mara inclui diversos programas&nbsp;para divulgar as a\u00e7\u00f5es dos parlamentares e debater temas da comunidade. Logo ap\u00f3s as sess\u00f5es, toda segunda-feira, haver\u00e1 o &#8220;Palavra Aberta&#8221;, em que os vereadores conceder\u00e3o entrevistas sobre os projetos discutidos.<\/p>\n\n\n\n<p>Nas ter\u00e7as e quintas-feiras, \u00e0s 8h, com reprises nas quartas-feiras \u00e0s 16h, ser\u00e1 veiculado o &#8220;Fala, Vereador&#8221;, com entrevistas individuais com os parlamentares. \u00c0s quartas e sextas-feiras, tamb\u00e9m \u00e0s 8h, com reprises \u00e0s ter\u00e7as e quintas \u00e0s 16h, ir\u00e1 ao ar o &#8220;Lucas em Debate&#8221;, que contar\u00e1 com representantes da sociedade civil para discutir temas de interesse da comunidade.<\/p>\n\n\n\n<p>Todos os podcasts ser\u00e3o produzidos pela assessoria de imprensa da C\u00e2mara e transmitidos na Web R\u00e1dio e no canal oficial da Casa no YouTube.2q<\/p>\n","protected":false},"excerpt":{"rendered":"<p>Al\u00e9m das sess\u00f5es, programa\u00e7\u00e3o inclui m\u00fasicas, entrevistas com vereadores e debates com a sociedade civil. A C\u00e2mara Municipal de Lucas do Rio Verde inaugurou, nesta segunda-feira, a R\u00e1dio C\u00e2mara. O novo ve\u00edculo de comunica\u00e7\u00e3o tem como objetivo principal transmitir ao vivo os trabalhos do Legislativo e produzir conte\u00fado sobre a atua\u00e7\u00e3o dos vereadores. O presidente [&hellip;]<\/p>\n","protected":false},"author":91,"featured_media":4122,"comment_status":"open","ping_status":"closed","sticky":false,"template":"","format":"standard","meta":{"site-sidebar-layout":"default","site-content-layout":"","ast-site-content-layout":"default","site-content-style":"default","site-sidebar-style":"default","ast-global-header-display":"","ast-banner-title-visibility":"","ast-main-header-display":"","ast-hfb-above-header-display":"","ast-hfb-below-header-display":"","ast-hfb-mobile-header-display":"","site-post-title":"","ast-breadcrumbs-content":"","ast-featured-img":"","footer-sml-layout":"","ast-disable-related-posts":"","theme-transparent-header-meta":"","adv-header-id-meta":"","stick-header-meta":"","header-above-stick-meta":"","header-main-stick-meta":"","header-below-stick-meta":"","astra-migrate-meta-layouts":"set","ast-page-background-enabled":"default","ast-page-background-meta":{"desktop":{"background-color":"var(--ast-global-color-4)","background-image":"","background-repeat":"repeat","background-position":"center center","background-size":"auto","background-attachment":"scroll","background-type":"","background-media":"","overlay-type":"","overlay-color":"","overlay-opacity":"","overlay-gradient":""},"tablet":{"background-color":"","background-image":"","background-repeat":"repeat","background-position":"center center","background-size":"auto","background-attachment":"scroll","background-type":"","background-media":"","overlay-type":"","overlay-color":"","overlay-opacity":"","overlay-gradient":""},"mobile":{"background-color":"","background-image":"","background-repeat":"repeat","background-position":"center center","background-size":"auto","background-attachment":"scroll","background-type":"","background-media":"","overlay-type":"","overlay-color":"","overlay-opacity":"","overlay-gradient":""}},"ast-content-background-meta":{"desktop":{"background-color":"var(--ast-global-color-5)","background-image":"","background-repeat":"repeat","background-position":"center center","background-size":"auto","background-attachment":"scroll","background-type":"","background-media":"","overlay-type":"","overlay-color":"","overlay-opacity":"","overlay-gradient":""},"tablet":{"background-color":"var(--ast-global-color-5)","background-image":"","background-repeat":"repeat","background-position":"center center","background-size":"auto","background-attachment":"scroll","background-type":"","background-media":"","overlay-type":"","overlay-color":"","overlay-opacity":"","overlay-gradient":""},"mobile":{"background-color":"var(--ast-global-color-5)","background-image":"","background-repeat":"repeat","background-position":"center center","background-size":"auto","background-attachment":"scroll","background-type":"","background-media":"","overlay-type":"","overlay-color":"","overlay-opacity":"","overlay-gradient":""}},"footnotes":""},"categories":[1],"tags":[],"class_list":["post-4121","post","type-post","status-publish","format-standard","has-post-thumbnail","hentry","category-sem-categoria"],"_links":{"self":[{"href":"https:\/\/vivanews.com.br\/index.php?rest_route=\/wp\/v2\/posts\/4121","targetHints":{"allow":["GET"]}}],"collection":[{"href":"https:\/\/vivanews.com.br\/index.php?rest_route=\/wp\/v2\/posts"}],"about":[{"href":"https:\/\/vivanews.com.br\/index.php?rest_route=\/wp\/v2\/types\/post"}],"author":[{"embeddable":true,"href":"https:\/\/vivanews.com.br\/index.php?rest_route=\/wp\/v2\/users\/91"}],"replies":[{"embeddable":true,"href":"https:\/\/vivanews.com.br\/index.php?rest_route=%2Fwp%2Fv2%2Fcomments&post=4121"}],"version-history":[{"count":1,"href":"https:\/\/vivanews.com.br\/index.php?rest_route=\/wp\/v2\/posts\/4121\/revisions"}],"predecessor-version":[{"id":4123,"href":"https:\/\/vivanews.com.br\/index.php?rest_route=\/wp\/v2\/posts\/4121\/revisions\/4123"}],"wp:featuredmedia":[{"embeddable":true,"href":"https:\/\/vivanews.com.br\/index.php?rest_route=\/wp\/v2\/media\/4122"}],"wp:attachment":[{"href":"https:\/\/vivanews.com.br\/index.php?rest_route=%2Fwp%2Fv2%2Fmedia&parent=4121"}],"wp:term":[{"taxonomy":"category","embeddable":true,"href":"https:\/\/vivanews.com.br\/index.php?rest_route=%2Fwp%2Fv2%2Fcategories&post=4121"},{"taxonomy":"post_tag","embeddable":true,"href":"https:\/\/vivanews.com.br\/index.php?rest_route=%2Fwp%2Fv2%2Ftags&post=4121"}],"curies":[{"name":"wp","href":"https:\/\/api.w.org\/{rel}","templated":true}]}}