{"id":4124,"date":"2025-09-29T21:53:15","date_gmt":"2025-09-30T00:53:15","guid":{"rendered":"https:\/\/vivanews.com.br\/?p=4124"},"modified":"2025-09-29T21:53:15","modified_gmt":"2025-09-30T00:53:15","slug":"camara-aprova-permuta-de-areas-para-ampliar-barreiras-verdes-entre-zonas-residenciais-e-industriais-em-lucas-do-rio-verde","status":"publish","type":"post","link":"https:\/\/vivanews.com.br\/?p=4124","title":{"rendered":"C\u00e2mara aprova permuta de \u00e1reas para ampliar barreiras verdes entre zonas residenciais e industriais em Lucas do Rio Verde"},"content":{"rendered":"\n<p>Sess\u00e3o define destino de \u00e1reas p\u00fablicas, composi\u00e7\u00e3o de conselho, c\u00e2meras para pra\u00e7as e prazo para implanta\u00e7\u00e3o da UFMT<\/p>\n\n\n\n<figure class=\"wp-block-image size-large\"><img fetchpriority=\"high\" decoding=\"async\" width=\"1024\" height=\"682\" src=\"https:\/\/vivanews.com.br\/wp-content\/uploads\/2025\/09\/2395-1024x682.jpg\" alt=\"\" class=\"wp-image-4125\" srcset=\"https:\/\/vivanews.com.br\/wp-content\/uploads\/2025\/09\/2395-1024x682.jpg 1024w, https:\/\/vivanews.com.br\/wp-content\/uploads\/2025\/09\/2395-300x200.jpg 300w, https:\/\/vivanews.com.br\/wp-content\/uploads\/2025\/09\/2395-768x512.jpg 768w, https:\/\/vivanews.com.br\/wp-content\/uploads\/2025\/09\/2395-1536x1023.jpg 1536w, https:\/\/vivanews.com.br\/wp-content\/uploads\/2025\/09\/2395-219x146.jpg 219w, https:\/\/vivanews.com.br\/wp-content\/uploads\/2025\/09\/2395.jpg 1600w\" sizes=\"(max-width: 1024px) 100vw, 1024px\" \/><\/figure>\n\n\n\n<p>Em sua 30\u00aa Sess\u00e3o Ordin\u00e1ria, realizada nesta segunda-feira, a C\u00e2mara Municipal aprovou, por unanimidade, o Projeto de Lei N. 84\/2025, do Poder Executivo, que autoriza a permuta de im\u00f3veis com uma empresa para realoca\u00e7\u00e3o de \u00e1reas verdes. O objetivo \u00e9&nbsp;a &#8220;cria\u00e7\u00e3o de barreiras vegetais adicionais&#8221; entre os loteamentos Bandeirantes VI e VII e os armaz\u00e9ns de gr\u00e3os vizinhos.<\/p>\n\n\n\n<p>A justificativa do projeto, encaminhado pelo Poder Executivo, afirma que a a\u00e7\u00e3o se faz necess\u00e1ria para &#8220;minimizar os impactos adversos das atividades industriais sobre as \u00e1reas residenciais&#8221;, por meio da implanta\u00e7\u00e3o de cortinas vegetais mais espessas nas regi\u00f5es desprovidas de vegeta\u00e7\u00e3o, melhorando a qualidade de vida dos residentes.<\/p>\n\n\n\n<p>Tamb\u00e9m foi aprovado em primeira vota\u00e7\u00e3o o Projeto de Lei N. 44\/2025, de autoria do vereador Wlad Mesquita, que disp\u00f5e sobre a instala\u00e7\u00e3o de c\u00e2meras de seguran\u00e7a e placas informativas em pra\u00e7as p\u00fablicas. O vereador defendeu que a medida tem &#8220;car\u00e1ter preventivo e educativo&#8221;, pois &#8220;inibe condutas il\u00edcitas, facilita a apura\u00e7\u00e3o de crimes e aumenta a sensa\u00e7\u00e3o de seguran\u00e7a da popula\u00e7\u00e3o&#8221;. A proposta tamb\u00e9m estabelece multas administrativas para danos ao patrim\u00f4nio p\u00fablico.<\/p>\n\n\n\n<p>Os parlamentares ainda aprovaram, em primeira e \u00fanica vota\u00e7\u00e3o, o Projeto de Lei N. 89\/2025, do Poder Executivo. A lei altera a composi\u00e7\u00e3o do Conselho Municipal de Habita\u00e7\u00e3o, transferindo sua presid\u00eancia para a Secret\u00e1ria Municipal de Assist\u00eancia Social e Habita\u00e7\u00e3o. O objetivo \u00e9 &#8220;garantir maior alinhamento&#8221; entre as pol\u00edticas p\u00fablicas habitacionais e a gest\u00e3o municipal, conferindo &#8220;maior efici\u00eancia, celeridade e integra\u00e7\u00e3o&#8221; \u00e0s delibera\u00e7\u00f5es do conselho.<\/p>\n\n\n\n<p>Outra proposta do Executivo aprovada foi o Projeto de Lei N. 91\/2025, que promove ajustes na lei que trata da doa\u00e7\u00e3o de um im\u00f3vel para a implanta\u00e7\u00e3o do Campus da UFMT. As altera\u00e7\u00f5es buscam &#8220;assegurar precis\u00e3o jur\u00eddica&#8221; ao corrigir o instrumento de autoriza\u00e7\u00e3o da universidade e redefinir os prazos para o in\u00edcio da obra, conferindo &#8220;maior clareza e seguran\u00e7a jur\u00eddica&#8221; ao processo.<\/p>\n\n\n\n<p>Al\u00e9m dos projetos de lei, foram aprovadas indica\u00e7\u00f5es destinadas a solicitar melhorias em diversos bairros do munic\u00edpio, as quais foram encaminhadas ao Poder Executivo para as devidas provid\u00eancias. A \u00edntegra da 30\u00aa Sess\u00e3o Ordin\u00e1ria est\u00e1 dispon\u00edvel para consulta no canal oficial da C\u00e2mara Municipal de Lucas do Rio Verde no YouTube.Mais Not\u00edcias<\/p>\n","protected":false},"excerpt":{"rendered":"<p>Sess\u00e3o define destino de \u00e1reas p\u00fablicas, composi\u00e7\u00e3o de conselho, c\u00e2meras para pra\u00e7as e prazo para implanta\u00e7\u00e3o da UFMT Em sua 30\u00aa Sess\u00e3o Ordin\u00e1ria, realizada nesta segunda-feira, a C\u00e2mara Municipal aprovou, por unanimidade, o Projeto de Lei N. 84\/2025, do Poder Executivo, que autoriza a permuta de im\u00f3veis com uma empresa para realoca\u00e7\u00e3o de \u00e1reas verdes. [&hellip;]<\/p>\n","protected":false},"author":91,"featured_media":4125,"comment_status":"open","ping_status":"closed","sticky":false,"template":"","format":"standard","meta":{"site-sidebar-layout":"default","site-content-layout":"","ast-site-content-layout":"default","site-content-style":"default","site-sidebar-style":"default","ast-global-header-display":"","ast-banner-title-visibility":"","ast-main-header-display":"","ast-hfb-above-header-display":"","ast-hfb-below-header-display":"","ast-hfb-mobile-header-display":"","site-post-title":"","ast-breadcrumbs-content":"","ast-featured-img":"","footer-sml-layout":"","ast-disable-related-posts":"","theme-transparent-header-meta":"","adv-header-id-meta":"","stick-header-meta":"","header-above-stick-meta":"","header-main-stick-meta":"","header-below-stick-meta":"","astra-migrate-meta-layouts":"set","ast-page-background-enabled":"default","ast-page-background-meta":{"desktop":{"background-color":"var(--ast-global-color-4)","background-image":"","background-repeat":"repeat","background-position":"center center","background-size":"auto","background-attachment":"scroll","background-type":"","background-media":"","overlay-type":"","overlay-color":"","overlay-opacity":"","overlay-gradient":""},"tablet":{"background-color":"","background-image":"","background-repeat":"repeat","background-position":"center center","background-size":"auto","background-attachment":"scroll","background-type":"","background-media":"","overlay-type":"","overlay-color":"","overlay-opacity":"","overlay-gradient":""},"mobile":{"background-color":"","background-image":"","background-repeat":"repeat","background-position":"center center","background-size":"auto","background-attachment":"scroll","background-type":"","background-media":"","overlay-type":"","overlay-color":"","overlay-opacity":"","overlay-gradient":""}},"ast-content-background-meta":{"desktop":{"background-color":"var(--ast-global-color-5)","background-image":"","background-repeat":"repeat","background-position":"center center","background-size":"auto","background-attachment":"scroll","background-type":"","background-media":"","overlay-type":"","overlay-color":"","overlay-opacity":"","overlay-gradient":""},"tablet":{"background-color":"var(--ast-global-color-5)","background-image":"","background-repeat":"repeat","background-position":"center center","background-size":"auto","background-attachment":"scroll","background-type":"","background-media":"","overlay-type":"","overlay-color":"","overlay-opacity":"","overlay-gradient":""},"mobile":{"background-color":"var(--ast-global-color-5)","background-image":"","background-repeat":"repeat","background-position":"center center","background-size":"auto","background-attachment":"scroll","background-type":"","background-media":"","overlay-type":"","overlay-color":"","overlay-opacity":"","overlay-gradient":""}},"footnotes":""},"categories":[1],"tags":[],"class_list":["post-4124","post","type-post","status-publish","format-standard","has-post-thumbnail","hentry","category-sem-categoria"],"_links":{"self":[{"href":"https:\/\/vivanews.com.br\/index.php?rest_route=\/wp\/v2\/posts\/4124","targetHints":{"allow":["GET"]}}],"collection":[{"href":"https:\/\/vivanews.com.br\/index.php?rest_route=\/wp\/v2\/posts"}],"about":[{"href":"https:\/\/vivanews.com.br\/index.php?rest_route=\/wp\/v2\/types\/post"}],"author":[{"embeddable":true,"href":"https:\/\/vivanews.com.br\/index.php?rest_route=\/wp\/v2\/users\/91"}],"replies":[{"embeddable":true,"href":"https:\/\/vivanews.com.br\/index.php?rest_route=%2Fwp%2Fv2%2Fcomments&post=4124"}],"version-history":[{"count":1,"href":"https:\/\/vivanews.com.br\/index.php?rest_route=\/wp\/v2\/posts\/4124\/revisions"}],"predecessor-version":[{"id":4126,"href":"https:\/\/vivanews.com.br\/index.php?rest_route=\/wp\/v2\/posts\/4124\/revisions\/4126"}],"wp:featuredmedia":[{"embeddable":true,"href":"https:\/\/vivanews.com.br\/index.php?rest_route=\/wp\/v2\/media\/4125"}],"wp:attachment":[{"href":"https:\/\/vivanews.com.br\/index.php?rest_route=%2Fwp%2Fv2%2Fmedia&parent=4124"}],"wp:term":[{"taxonomy":"category","embeddable":true,"href":"https:\/\/vivanews.com.br\/index.php?rest_route=%2Fwp%2Fv2%2Fcategories&post=4124"},{"taxonomy":"post_tag","embeddable":true,"href":"https:\/\/vivanews.com.br\/index.php?rest_route=%2Fwp%2Fv2%2Ftags&post=4124"}],"curies":[{"name":"wp","href":"https:\/\/api.w.org\/{rel}","templated":true}]}}