{"id":5811,"date":"2025-12-02T22:06:16","date_gmt":"2025-12-03T01:06:16","guid":{"rendered":"https:\/\/vivanews.com.br\/?p=5811"},"modified":"2025-12-02T22:06:16","modified_gmt":"2025-12-03T01:06:16","slug":"camara-aprova-orcamento-de-lucas-do-rio-verde-com-previsao-de-r-9626-milhoes-para-2026","status":"publish","type":"post","link":"https:\/\/vivanews.com.br\/?p=5811","title":{"rendered":"C\u00e2mara aprova or\u00e7amento de Lucas do Rio Verde com previs\u00e3o de R$ 962,6 milh\u00f5es para 2026"},"content":{"rendered":"\n<p>Parlamentares tamb\u00e9m votaram projetos sobre regulariza\u00e7\u00e3o de estrada rural, pol\u00edtica sobre drogas e direitos da pessoa idosa.<\/p>\n\n\n\n<h3 class=\"wp-block-heading\"><strong>Autor:<\/strong>Herbert de Souza \/ Ascom<\/h3>\n\n\n\n<figure class=\"wp-block-image size-large\"><img fetchpriority=\"high\" decoding=\"async\" width=\"1024\" height=\"682\" src=\"https:\/\/vivanews.com.br\/wp-content\/uploads\/2025\/12\/2483-1024x682.jpg\" alt=\"\" class=\"wp-image-5812\" srcset=\"https:\/\/vivanews.com.br\/wp-content\/uploads\/2025\/12\/2483-1024x682.jpg 1024w, https:\/\/vivanews.com.br\/wp-content\/uploads\/2025\/12\/2483-300x200.jpg 300w, https:\/\/vivanews.com.br\/wp-content\/uploads\/2025\/12\/2483-768x512.jpg 768w, https:\/\/vivanews.com.br\/wp-content\/uploads\/2025\/12\/2483-1536x1023.jpg 1536w, https:\/\/vivanews.com.br\/wp-content\/uploads\/2025\/12\/2483-219x146.jpg 219w, https:\/\/vivanews.com.br\/wp-content\/uploads\/2025\/12\/2483.jpg 1600w\" sizes=\"(max-width: 1024px) 100vw, 1024px\" \/><\/figure>\n\n\n\n<p><a href=\"https:\/\/www.camaralucasdorioverde.mt.gov.br\/fotos_bancoimagens\/2483.jpg\"><\/a><\/p>\n\n\n\n<h2 class=\"wp-block-heading\"><strong>Autor da Foto:<\/strong>&nbsp;Rayan Nicacio \/ Ascom<\/h2>\n\n\n\n<p>A C\u00e2mara Municipal de Lucas do Rio Verde aprovou, em sess\u00f5es ordin\u00e1ria e extraordin\u00e1ria realizadas nesta ter\u00e7a-feira, o Projeto de Lei N. 106\/2025, que estima a receita e fixa a despesa do munic\u00edpio para o exerc\u00edcio financeiro de 2026. O or\u00e7amento geral prev\u00ea uma receita bruta de R$ 962,6 milh\u00f5es, com uma despesa l\u00edquida autorizada de R$ 893,2 milh\u00f5es ap\u00f3s dedu\u00e7\u00f5es constitucionais.<\/p>\n\n\n\n<p>Os recursos ser\u00e3o aplicados na Administra\u00e7\u00e3o Direta, que receber\u00e1 R$ 746,8 milh\u00f5es, distribu\u00eddos entre a Prefeitura Municipal (R$ 725,8 milh\u00f5es) e a C\u00e2mara Municipal (R$ 21 milh\u00f5es). A Administra\u00e7\u00e3o Indireta, que inclui o Instituto de Previd\u00eancia dos Servidores (PREVILUCAS) e o Servi\u00e7o Aut\u00f4nomo de \u00c1gua e Esgoto (SAAE), ter\u00e1 um or\u00e7amento de R$ 146,4 milh\u00f5es. As secretarias com as maiores dota\u00e7\u00f5es s\u00e3o a de Educa\u00e7\u00e3o (R$ 263,3 milh\u00f5es), Sa\u00fade (R$ 175,1 milh\u00f5es) e Infraestrutura e Obras (R$ 96,7 milh\u00f5es).<\/p>\n\n\n\n<p>A Secretaria Municipal de Seguran\u00e7a P\u00fablica ter\u00e1 uma dota\u00e7\u00e3o de R$ 29,1 milh\u00f5es, enquanto a Secretaria de Assist\u00eancia Social e Habita\u00e7\u00e3o contar\u00e1 com R$ 39,1 milh\u00f5es. Os investimentos em Cultura e Turismo est\u00e3o previstos em R$ 12,2 milh\u00f5es, e o setor de Desenvolvimento Econ\u00f4mico, Planejamento e Cidade receber\u00e1 R$ 13,6 milh\u00f5es. A Agricultura e Meio Ambiente ter\u00e1 R$ 7,3 milh\u00f5es, e o Gabinete do Prefeito, R$ 6,8 milh\u00f5es. Adicionalmente, est\u00e3o alocados R$ 35,6 milh\u00f5es para encargos gerais do munic\u00edpio.<\/p>\n\n\n\n<p>Os parlamentares tamb\u00e9m aprovaram o Projeto de Lei N. 103\/2025, que autoriza remanejamentos, transfer\u00eancias e transposi\u00e7\u00f5es de dota\u00e7\u00f5es or\u00e7ament\u00e1rias dentro da Lei Or\u00e7ament\u00e1ria Anual de 2026. A medida tem como objetivo garantir a adequada execu\u00e7\u00e3o financeira do munic\u00edpio, atendendo exig\u00eancias legais e observando princ\u00edpios constitucionais e orienta\u00e7\u00f5es dos \u00f3rg\u00e3os de controle.<\/p>\n\n\n\n<p>Foi aprovado ainda o Projeto de Lei N. 105\/2025, que estabelece as Diretrizes Or\u00e7ament\u00e1rias para 2026. O documento define as metas, prioridades e par\u00e2metros que orientar\u00e3o a elabora\u00e7\u00e3o e execu\u00e7\u00e3o do or\u00e7amento no pr\u00f3ximo ano, incluindo normas para receitas, despesas e equil\u00edbrio fiscal.<\/p>\n\n\n\n<p>Em vota\u00e7\u00e3o \u00fanica, os vereadores aprovaram o Projeto de Lei N. 111\/2025, que autoriza a unifica\u00e7\u00e3o e o desmembramento de \u00e1reas verdes no bairro Parque das Emas para a constru\u00e7\u00e3o de uma quadra coberta. O equipamento, que ser\u00e1 integrado ao terreno da Escola Municipal Marcelino Espindola Dutra, visa atender demandas esportivas e de lazer da comunidade escolar e do entorno.<\/p>\n\n\n\n<p>O Plen\u00e1rio aprovou tamb\u00e9m o Projeto de Lei N. 113\/2025, que atualiza a lei que criou o Conselho Municipal de Pol\u00edtica sobre Drogas (COMPOD). As altera\u00e7\u00f5es adequam a legisla\u00e7\u00e3o \u00e0s diretrizes nacionais, atualizam terminologias e ampliam a representatividade do conselho, incluindo mais um membro da sociedade civil e a Secretaria Municipal de Seguran\u00e7a P\u00fablica em sua composi\u00e7\u00e3o.<\/p>\n\n\n\n<p>Foi votado favoravelmente o Projeto de Lei N. 114\/2025, que acrescenta dispositivos \u00e0 lei do Conselho Municipal dos Direitos da Pessoa Idosa (COMDIPI). As mudan\u00e7as permitem a publica\u00e7\u00e3o de editais para sele\u00e7\u00e3o de projetos que poder\u00e3o receber recursos via incentivo fiscal, al\u00e9m de regulamentar parcerias com organiza\u00e7\u00f5es da sociedade civil.<\/p>\n\n\n\n<p>Os vereadores aprovaram ainda o Projeto de Lei N. 115\/2025, que regulariza a Estrada do Quat\u00e1, importante via rural do munic\u00edpio. O texto autoriza o recebimento por doa\u00e7\u00e3o de \u00e1reas lindeiras, sua unifica\u00e7\u00e3o e afeta\u00e7\u00e3o como bem de uso comum, al\u00e9m de isentar o ITBI sobre as transmiss\u00f5es necess\u00e1rias para a regulariza\u00e7\u00e3o fundi\u00e1ria.<\/p>\n\n\n\n<p>Em mat\u00e9ria de homenagem, foi aprovada por unanimidade a Mo\u00e7\u00e3o N. 43\/2025, de autoria da vereadora D\u00e9bora Carneiro, que externa aplausos ao professor Eltron Henrique Alves Moreira, reconhecendo sua trajet\u00f3ria e seu trabalho \u00e0 frente do projeto &#8220;N\u00f3s Podemos Nadar&#8221;, que atende aproximadamente 1.500 crian\u00e7as e jovens no munic\u00edpio.<\/p>\n\n\n\n<p>A sess\u00e3o foi transmitida ao vivo pela internet e sua \u00edntegra est\u00e1 dispon\u00edvel para acesso no canal oficial da C\u00e2mara Municipal de Lucas do Rio Verde no YouTube.Mais Not\u00edcias<\/p>\n\n\n\n<h2 class=\"wp-block-heading\">Mais No<\/h2>\n","protected":false},"excerpt":{"rendered":"<p>Parlamentares tamb\u00e9m votaram projetos sobre regulariza\u00e7\u00e3o de estrada rural, pol\u00edtica sobre drogas e direitos da pessoa idosa. Autor:Herbert de Souza \/ Ascom Autor da Foto:&nbsp;Rayan Nicacio \/ Ascom A C\u00e2mara Municipal de Lucas do Rio Verde aprovou, em sess\u00f5es ordin\u00e1ria e extraordin\u00e1ria realizadas nesta ter\u00e7a-feira, o Projeto de Lei N. 106\/2025, que estima a receita [&hellip;]<\/p>\n","protected":false},"author":91,"featured_media":5812,"comment_status":"open","ping_status":"closed","sticky":false,"template":"","format":"standard","meta":{"site-sidebar-layout":"default","site-content-layout":"","ast-site-content-layout":"default","site-content-style":"default","site-sidebar-style":"default","ast-global-header-display":"","ast-banner-title-visibility":"","ast-main-header-display":"","ast-hfb-above-header-display":"","ast-hfb-below-header-display":"","ast-hfb-mobile-header-display":"","site-post-title":"","ast-breadcrumbs-content":"","ast-featured-img":"","footer-sml-layout":"","ast-disable-related-posts":"","theme-transparent-header-meta":"","adv-header-id-meta":"","stick-header-meta":"","header-above-stick-meta":"","header-main-stick-meta":"","header-below-stick-meta":"","astra-migrate-meta-layouts":"set","ast-page-background-enabled":"default","ast-page-background-meta":{"desktop":{"background-color":"var(--ast-global-color-4)","background-image":"","background-repeat":"repeat","background-position":"center center","background-size":"auto","background-attachment":"scroll","background-type":"","background-media":"","overlay-type":"","overlay-color":"","overlay-opacity":"","overlay-gradient":""},"tablet":{"background-color":"","background-image":"","background-repeat":"repeat","background-position":"center center","background-size":"auto","background-attachment":"scroll","background-type":"","background-media":"","overlay-type":"","overlay-color":"","overlay-opacity":"","overlay-gradient":""},"mobile":{"background-color":"","background-image":"","background-repeat":"repeat","background-position":"center center","background-size":"auto","background-attachment":"scroll","background-type":"","background-media":"","overlay-type":"","overlay-color":"","overlay-opacity":"","overlay-gradient":""}},"ast-content-background-meta":{"desktop":{"background-color":"var(--ast-global-color-5)","background-image":"","background-repeat":"repeat","background-position":"center center","background-size":"auto","background-attachment":"scroll","background-type":"","background-media":"","overlay-type":"","overlay-color":"","overlay-opacity":"","overlay-gradient":""},"tablet":{"background-color":"var(--ast-global-color-5)","background-image":"","background-repeat":"repeat","background-position":"center center","background-size":"auto","background-attachment":"scroll","background-type":"","background-media":"","overlay-type":"","overlay-color":"","overlay-opacity":"","overlay-gradient":""},"mobile":{"background-color":"var(--ast-global-color-5)","background-image":"","background-repeat":"repeat","background-position":"center center","background-size":"auto","background-attachment":"scroll","background-type":"","background-media":"","overlay-type":"","overlay-color":"","overlay-opacity":"","overlay-gradient":""}},"footnotes":""},"categories":[1],"tags":[],"class_list":["post-5811","post","type-post","status-publish","format-standard","has-post-thumbnail","hentry","category-sem-categoria"],"_links":{"self":[{"href":"https:\/\/vivanews.com.br\/index.php?rest_route=\/wp\/v2\/posts\/5811","targetHints":{"allow":["GET"]}}],"collection":[{"href":"https:\/\/vivanews.com.br\/index.php?rest_route=\/wp\/v2\/posts"}],"about":[{"href":"https:\/\/vivanews.com.br\/index.php?rest_route=\/wp\/v2\/types\/post"}],"author":[{"embeddable":true,"href":"https:\/\/vivanews.com.br\/index.php?rest_route=\/wp\/v2\/users\/91"}],"replies":[{"embeddable":true,"href":"https:\/\/vivanews.com.br\/index.php?rest_route=%2Fwp%2Fv2%2Fcomments&post=5811"}],"version-history":[{"count":1,"href":"https:\/\/vivanews.com.br\/index.php?rest_route=\/wp\/v2\/posts\/5811\/revisions"}],"predecessor-version":[{"id":5813,"href":"https:\/\/vivanews.com.br\/index.php?rest_route=\/wp\/v2\/posts\/5811\/revisions\/5813"}],"wp:featuredmedia":[{"embeddable":true,"href":"https:\/\/vivanews.com.br\/index.php?rest_route=\/wp\/v2\/media\/5812"}],"wp:attachment":[{"href":"https:\/\/vivanews.com.br\/index.php?rest_route=%2Fwp%2Fv2%2Fmedia&parent=5811"}],"wp:term":[{"taxonomy":"category","embeddable":true,"href":"https:\/\/vivanews.com.br\/index.php?rest_route=%2Fwp%2Fv2%2Fcategories&post=5811"},{"taxonomy":"post_tag","embeddable":true,"href":"https:\/\/vivanews.com.br\/index.php?rest_route=%2Fwp%2Fv2%2Ftags&post=5811"}],"curies":[{"name":"wp","href":"https:\/\/api.w.org\/{rel}","templated":true}]}}