{"id":6224,"date":"2026-01-09T13:22:02","date_gmt":"2026-01-09T16:22:02","guid":{"rendered":"https:\/\/vivanews.com.br\/?p=6224"},"modified":"2026-01-09T13:22:02","modified_gmt":"2026-01-09T16:22:02","slug":"empreendedorismo-e-gestao-transformam-negocios-liderados-por-mulheres-em-barra-do-garcas","status":"publish","type":"post","link":"https:\/\/vivanews.com.br\/?p=6224","title":{"rendered":"Empreendedorismo e gest\u00e3o transformam neg\u00f3cios liderados por mulheres em Barra do Gar\u00e7as"},"content":{"rendered":"<p>A ado\u00e7\u00e3o de uma gest\u00e3o mais profissional tem acelerado o crescimento de neg\u00f3cios liderados por mulheres em Barra do Gar\u00e7as. Empreendedoras que participaram, ao longo de 2025, de a\u00e7\u00f5es do Servi\u00e7o de Apoio \u00e0s Micro e Pequenas Empresas do Estado de Mato Grosso (Sebrae\/MT) relatam avan\u00e7os significativos na organiza\u00e7\u00e3o interna, no planejamento estrat\u00e9gico e nos resultados financeiros.<\/p>\n<p>Entre os destaques est\u00e3o a dentista T\u00e1ssia Muanis Cunha, fundadora do Instituto Matogrossense de Odontologia (IMO), e a empres\u00e1ria Josi Reges, respons\u00e1vel pela Amor &#038; Joias e pelo Josi Casamentos. Ambas participaram de programas como Empretec, Consultoria Integrada de Gest\u00e3o (CIG) e Agente Local de Inova\u00e7\u00e3o (ALI Produtividade), iniciativas que contribu\u00edram para o fortalecimento dos processos e amplia\u00e7\u00e3o da vis\u00e3o estrat\u00e9gica e a expans\u00e3o dos neg\u00f3cios.<\/p>\n<p>A gerente da regional Nordeste do Sebrae\/MT, Jaqueline Macedo, disse que a trajet\u00f3ria dessas empreendedoras demonstra como a capacita\u00e7\u00e3o pode transformar empresas, trazendo mais clareza na gest\u00e3o, organiza\u00e7\u00e3o e crescimento sustent\u00e1vel. \u201cEsse \u00e9 justamente o prop\u00f3sito do Sebrae\/MT: apoiar quem empreende para que avance com seguran\u00e7a e estrutura\u201d.<\/p>\n<p><strong>IMO Odonto<\/strong><\/p>\n<p>Ap\u00f3s anos atuando como dentista em consult\u00f3rios de terceiros, T\u00e1ssia decidiu empreender e estruturou a IMO Odonto em Barra do Gar\u00e7as. O in\u00edcio do neg\u00f3cio foi marcado por desafios relacionados \u00e0 implanta\u00e7\u00e3o de processos e \u00e0 forma\u00e7\u00e3o de equipe, especialmente na \u00e1rea comercial, considerada por ela uma das mais sens\u00edveis da empresa.<\/p>\n<p>A aproxima\u00e7\u00e3o com o Sebrae\/MT come\u00e7ou antes mesmo da abertura da cl\u00ednica e se intensificou com a participa\u00e7\u00e3o nas capacita\u00e7\u00f5es. Segundo a empres\u00e1ria, o Empretec foi um divisor de \u00e1guas, pois ajudou a sair do operacional, compreender metas, fluxo de caixa e identificar pontos cr\u00edticos do neg\u00f3cio.<\/p>\n<div class=\"wp-caption alignnone\"><img fetchpriority=\"high\" decoding=\"async\" class=\"size-full wp-image-12714\" src=\"http:\/\/mt.agenciasebrae.com.br\/wp-content\/uploads\/sites\/11\/2026\/01\/Tassia-decidiu-empreender-e-estruturou-a-IMO-Odonto.jpeg\" alt=\"\" width=\"1200\" height=\"1600\"><figcaption class=\"wp-caption-text\">T\u00e1ssia decidiu empreender e estruturou a IMO Odonto<\/figcaption><\/div>\n<p>\u201cDepois que o Sebrae visitou minha cl\u00ednica, eu nunca mais larguei. Fa\u00e7o todos os cursos que vejo que podem melhorar minha gest\u00e3o. O Sebrae abre nossa mente para muita coisa\u201d, relata.<\/p>\n<p>Com apoio, orienta\u00e7\u00f5es t\u00e9cnicas e consultorias, a cl\u00ednica redesenhou seus processos, estruturou protocolos de atendimento do pr\u00e9 ao p\u00f3s-venda e passou a acompanhar com mais clareza o desempenho de cada \u00e1rea. Como resultado, houve aumento nas vendas, melhoria no fluxo de caixa e maior efici\u00eancia operacional.<\/p>\n<div class=\"wp-caption alignnone\"><img decoding=\"async\" class=\"size-full wp-image-12715\" src=\"http:\/\/mt.agenciasebrae.com.br\/wp-content\/uploads\/sites\/11\/2026\/01\/Tassia-durante-encontro-Inteiras-para-Liderar-junto-a-analista-Ana-Luiza.jpeg\" alt=\"\" width=\"900\" height=\"1600\"><figcaption class=\"wp-caption-text\">Tassia durante encontro Inteiras para Liderar, junto a analista, Ana Luiza<\/figcaption><\/div>\n<p><strong>Amor &#038; Joias e Josi Casamentos<\/strong><\/p>\n<p>Movida pelo prop\u00f3sito de construir hist\u00f3rias e eternizar momentos, Josi Reges tamb\u00e9m transformou sua trajet\u00f3ria empreendedora ao profissionalizar a gest\u00e3o de seus neg\u00f3cios. \u00c0 frente da joalheria Amor &#038; Joias e do segmento de eventos Josi Casamentos, ela encontrou nas capacita\u00e7\u00f5es do Sebrae Mato Grosso \u2013 especialmente Empretec, CIG e ALI \u2013 as ferramentas necess\u00e1rias para estruturar processos, ampliar o networking e organizar o crescimento da empresa.<\/p>\n<div class=\"wp-caption alignnone\"><img loading=\"lazy\" loading=\"lazy\" decoding=\"async\" class=\"size-full wp-image-12713\" src=\"http:\/\/mt.agenciasebrae.com.br\/wp-content\/uploads\/sites\/11\/2026\/01\/Josi-durante-Empretec.jpeg\" alt=\"\" width=\"960\" height=\"1280\"><figcaption class=\"wp-caption-text\">Josi durante Empretec<\/figcaption><\/div>\n<p>\u201cO Sebrae sempre foi um agente real de transforma\u00e7\u00e3o na minha jornada. Cada curso, mentoria e conex\u00e3o trouxe mais vis\u00e3o, oportunidades e crescimento. Encerrar mais um ano percebendo o quanto evolu\u00ed me gera uma gratid\u00e3o enorme\u201d, destaca a empres\u00e1ria Josi.<\/p>\n<p>Com a gest\u00e3o mais estruturada, Josi aprimorou o planejamento, organizou fluxos internos, fortaleceu o posicionamento das marcas e expandiu sua carteira de clientes, mantendo o foco em entrega de experi\u00eancias com alto valor emocional e qualidade t\u00e9cnica.<\/p>\n<div class=\"wp-caption alignnone\"><img loading=\"lazy\" loading=\"lazy\" decoding=\"async\" class=\"size-full wp-image-12712\" src=\"http:\/\/mt.agenciasebrae.com.br\/wp-content\/uploads\/sites\/11\/2026\/01\/Consultorias-e-programas-sao-ofertados-em-Barra-do-Garcas-ampliando-o-acesso-de-empreendedores-que-buscam-transformacao.jpeg\" alt=\"\" width=\"1600\" height=\"900\"><figcaption class=\"wp-caption-text\">Consultorias e programas s\u00e3o ofertados em Barra do Gar\u00e7as, ampliando o acesso de empreendedores que buscam transforma\u00e7\u00e3o<\/figcaption><\/div>\n<p><strong>Capacita\u00e7\u00e3o como base para crescimento sustent\u00e1vel<\/strong><\/p>\n<p>As hist\u00f3rias de T\u00e1ssia e Josi refor\u00e7am a import\u00e2ncia da capacita\u00e7\u00e3o empreendedora para fortalecimento dos neg\u00f3cios na regi\u00e3o. Para o Sebrae\/MT, estimular a vis\u00e3o estrat\u00e9gica, a organiza\u00e7\u00e3o interna e a inova\u00e7\u00e3o \u00e9 fundamental para que micro e pequenas empresas cres\u00e7am de forma consistente, especialmente em segmentos competitivos como sa\u00fade, joias e eventos.<\/p>\n<p>Para Ana Luiza Lacerda, analista do Sebrae\/MT que acompanhou a jornada das empres\u00e1rias, verificar a evolu\u00e7\u00e3o delas ao longo das capacita\u00e7\u00f5es foi extremamente gratificante. Ela conta que, tanto a Josi como a T\u00e1ssia, aplicaram cada orienta\u00e7\u00e3o com seriedade e abertura para mudan\u00e7a, e isso fez toda a diferen\u00e7a nos resultados. \u201cQuando o empreendedor se envolve de verdade no processo, a transforma\u00e7\u00e3o acontece, e o Sebrae est\u00e1 aqui justamente para oferecer esse suporte t\u00e9cnico e estrat\u00e9gico\u201d.<\/p>\n<p>Ao longo de 2026, novas turmas, consultorias e programas ser\u00e3o ofertados em Barra do Gar\u00e7as, ampliando o acesso de empreendedores que buscam transforma\u00e7\u00e3o, profissionaliza\u00e7\u00e3o e resultados duradouros.<\/p>\n<p>&#8211;<\/p>\n","protected":false},"excerpt":{"rendered":"<p>A ado\u00e7\u00e3o de uma gest\u00e3o mais profissional tem acelerado o crescimento de neg\u00f3cios liderados por mulheres em Barra do Gar\u00e7as. Empreendedoras que participaram, ao longo de 2025, de a\u00e7\u00f5es do Servi\u00e7o de Apoio \u00e0s Micro e Pequenas Empresas do Estado de Mato Grosso (Sebrae\/MT) relatam avan\u00e7os significativos na organiza\u00e7\u00e3o interna, no planejamento estrat\u00e9gico e nos [&hellip;]<\/p>\n","protected":false},"author":134,"featured_media":6225,"comment_status":"open","ping_status":"open","sticky":false,"template":"","format":"standard","meta":{"site-sidebar-layout":"default","site-content-layout":"","ast-site-content-layout":"default","site-content-style":"default","site-sidebar-style":"default","ast-global-header-display":"","ast-banner-title-visibility":"","ast-main-header-display":"","ast-hfb-above-header-display":"","ast-hfb-below-header-display":"","ast-hfb-mobile-header-display":"","site-post-title":"","ast-breadcrumbs-content":"","ast-featured-img":"","footer-sml-layout":"","ast-disable-related-posts":"","theme-transparent-header-meta":"","adv-header-id-meta":"","stick-header-meta":"","header-above-stick-meta":"","header-main-stick-meta":"","header-below-stick-meta":"","astra-migrate-meta-layouts":"default","ast-page-background-enabled":"default","ast-page-background-meta":{"desktop":{"background-color":"var(--ast-global-color-4)","background-image":"","background-repeat":"repeat","background-position":"center center","background-size":"auto","background-attachment":"scroll","background-type":"","background-media":"","overlay-type":"","overlay-color":"","overlay-opacity":"","overlay-gradient":""},"tablet":{"background-color":"","background-image":"","background-repeat":"repeat","background-position":"center center","background-size":"auto","background-attachment":"scroll","background-type":"","background-media":"","overlay-type":"","overlay-color":"","overlay-opacity":"","overlay-gradient":""},"mobile":{"background-color":"","background-image":"","background-repeat":"repeat","background-position":"center center","background-size":"auto","background-attachment":"scroll","background-type":"","background-media":"","overlay-type":"","overlay-color":"","overlay-opacity":"","overlay-gradient":""}},"ast-content-background-meta":{"desktop":{"background-color":"var(--ast-global-color-5)","background-image":"","background-repeat":"repeat","background-position":"center center","background-size":"auto","background-attachment":"scroll","background-type":"","background-media":"","overlay-type":"","overlay-color":"","overlay-opacity":"","overlay-gradient":""},"tablet":{"background-color":"var(--ast-global-color-5)","background-image":"","background-repeat":"repeat","background-position":"center center","background-size":"auto","background-attachment":"scroll","background-type":"","background-media":"","overlay-type":"","overlay-color":"","overlay-opacity":"","overlay-gradient":""},"mobile":{"background-color":"var(--ast-global-color-5)","background-image":"","background-repeat":"repeat","background-position":"center center","background-size":"auto","background-attachment":"scroll","background-type":"","background-media":"","overlay-type":"","overlay-color":"","overlay-opacity":"","overlay-gradient":""}},"footnotes":""},"categories":[124],"tags":[],"class_list":["post-6224","post","type-post","status-publish","format-standard","has-post-thumbnail","hentry","category-regiao"],"_links":{"self":[{"href":"https:\/\/vivanews.com.br\/index.php?rest_route=\/wp\/v2\/posts\/6224","targetHints":{"allow":["GET"]}}],"collection":[{"href":"https:\/\/vivanews.com.br\/index.php?rest_route=\/wp\/v2\/posts"}],"about":[{"href":"https:\/\/vivanews.com.br\/index.php?rest_route=\/wp\/v2\/types\/post"}],"author":[{"embeddable":true,"href":"https:\/\/vivanews.com.br\/index.php?rest_route=\/wp\/v2\/users\/134"}],"replies":[{"embeddable":true,"href":"https:\/\/vivanews.com.br\/index.php?rest_route=%2Fwp%2Fv2%2Fcomments&post=6224"}],"version-history":[{"count":0,"href":"https:\/\/vivanews.com.br\/index.php?rest_route=\/wp\/v2\/posts\/6224\/revisions"}],"wp:featuredmedia":[{"embeddable":true,"href":"https:\/\/vivanews.com.br\/index.php?rest_route=\/wp\/v2\/media\/6225"}],"wp:attachment":[{"href":"https:\/\/vivanews.com.br\/index.php?rest_route=%2Fwp%2Fv2%2Fmedia&parent=6224"}],"wp:term":[{"taxonomy":"category","embeddable":true,"href":"https:\/\/vivanews.com.br\/index.php?rest_route=%2Fwp%2Fv2%2Fcategories&post=6224"},{"taxonomy":"post_tag","embeddable":true,"href":"https:\/\/vivanews.com.br\/index.php?rest_route=%2Fwp%2Fv2%2Ftags&post=6224"}],"curies":[{"name":"wp","href":"https:\/\/api.w.org\/{rel}","templated":true}]}}