{"id":6578,"date":"2026-03-04T21:13:07","date_gmt":"2026-03-05T00:13:07","guid":{"rendered":"https:\/\/vivanews.com.br\/?p=6578"},"modified":"2026-03-04T21:13:08","modified_gmt":"2026-03-05T00:13:08","slug":"deputados-confirmam-presenca-no-show-safra-2026-e-reforcam-uniao-dos-tres-poderes-em-apoio-ao-agro-mato-grossense-na-almt","status":"publish","type":"post","link":"https:\/\/vivanews.com.br\/?p=6578","title":{"rendered":"Deputados confirmam presen\u00e7a no Show Safra 2026 e refor\u00e7am uni\u00e3o dos tr\u00eas Poderes em apoio ao agro mato-grossense na ALMT"},"content":{"rendered":"\n<figure class=\"wp-block-image size-full\"><img fetchpriority=\"high\" decoding=\"async\" width=\"1024\" height=\"576\" src=\"https:\/\/vivanews.com.br\/wp-content\/uploads\/2026\/03\/9824c949-97fb-450e-aead-be04512d6bff-1024x576-1.jpeg\" alt=\"\" class=\"wp-image-6579\" srcset=\"https:\/\/vivanews.com.br\/wp-content\/uploads\/2026\/03\/9824c949-97fb-450e-aead-be04512d6bff-1024x576-1.jpeg 1024w, https:\/\/vivanews.com.br\/wp-content\/uploads\/2026\/03\/9824c949-97fb-450e-aead-be04512d6bff-1024x576-1-300x169.jpeg 300w, https:\/\/vivanews.com.br\/wp-content\/uploads\/2026\/03\/9824c949-97fb-450e-aead-be04512d6bff-1024x576-1-768x432.jpeg 768w, https:\/\/vivanews.com.br\/wp-content\/uploads\/2026\/03\/9824c949-97fb-450e-aead-be04512d6bff-1024x576-1-260x146.jpeg 260w\" sizes=\"(max-width: 1024px) 100vw, 1024px\" \/><\/figure>\n\n\n\n<p><strong><em>&nbsp;evento, de 23 a 27 de mar\u00e7o, ter\u00e1 espa\u00e7o para conhecimento e decis\u00f5es direcionadas ao fortalecimento da cadeia produtiva de Mato Grosso<\/em><\/strong><\/p>\n\n\n\n<p>O Show Safra Mato Grosso 2026 foi destaque na Assembleia Legislativa de Mato Grosso (ALMT), nesta quarta-feira (04), quando parlamentares confirmaram presen\u00e7a no evento, que ser\u00e1 realizado de 23 a 27 de mar\u00e7o, em Lucas do Rio Verde. Reconhecida como a maior feira do agroneg\u00f3cio do estado, a edi\u00e7\u00e3o deste ano contar\u00e1 com a participa\u00e7\u00e3o ativa dos tr\u00eas Poderes, fortalecendo o di\u00e1logo institucional e a constru\u00e7\u00e3o de pol\u00edticas voltadas ao desenvolvimento do setor.<\/p>\n\n\n\n<p>O convite foi apresentado pelo presidente da Funda\u00e7\u00e3o Rio Verde, Joci Piccini, que ressaltou o papel do evento como um espa\u00e7o de difus\u00e3o de conhecimento t\u00e9cnico, troca de experi\u00eancias e aproxima\u00e7\u00e3o entre produtores, especialistas e lideran\u00e7as p\u00fablicas. A feira tamb\u00e9m se consolida como um ambiente estrat\u00e9gico para atualiza\u00e7\u00e3o profissional, dissemina\u00e7\u00e3o de dados confi\u00e1veis e fortalecimento das decis\u00f5es que impactam o agroneg\u00f3cio mato-grossense.<\/p>\n\n\n\n<p>O presidente da ALMT, Max Russi, destacou a relev\u00e2ncia econ\u00f4mica do evento e a import\u00e2ncia da participa\u00e7\u00e3o do Legislativo no encontro, refor\u00e7ando o compromisso do Parlamento com o setor produtivo.<\/p>\n\n\n\n<p>\u201cEstaremos l\u00e1 em um gabinete itinerante, levando as informa\u00e7\u00f5es, as a\u00e7\u00f5es, os projetos da Assembleia Legislativa, desta que \u00e9 uma das maiores feiras do pa\u00eds. Uma feira representativa, de neg\u00f3cios, que orgulha o estado de Mato Grosso e vamos participar junto com os organizadores, todos os empres\u00e1rios do munic\u00edpio, para vender o estado e a cidade de Lucas do Rio Verde para todo o Brasil\u201d, afirmou Russi.<\/p>\n\n\n\n<p>Outros deputados tamb\u00e9m confirmaram presen\u00e7a no evento, ressaltando a import\u00e2ncia do Show Safra como espa\u00e7o de atualiza\u00e7\u00e3o sobre tecnologias, pr\u00e1ticas produtivas e inova\u00e7\u00e3o no campo, al\u00e9m de promover o di\u00e1logo direto entre o setor produtivo e os representantes do poder p\u00fablico.<\/p>\n\n\n\n<p>O deputado estadual Gilberto Cattani refor\u00e7ou que a feira se tornou uma vitrine da evolu\u00e7\u00e3o do agroneg\u00f3cio mato-grossense.<\/p>\n\n\n\n<p>\u201cAcredito que representa a vitrine de todo o agroneg\u00f3cio, a tecnologia implementada no dia a dia e essa evolu\u00e7\u00e3o que o Mato Grosso tem no agro, tornando-se o maior produtor do Brasil hoje em prote\u00edna e em produtos agr\u00edcolas. Tenho certeza de que o Show Safra ser\u00e1 um retrato leg\u00edtimo de todo o agroneg\u00f3cio e \u00e9 muito importante que os tr\u00eas Poderes estejam inseridos nesse evento, que vai al\u00e9m da porteira\u201d, acrescentou Cattani.<\/p>\n\n\n\n<p>Durante seu discurso, o deputado Dilmar Dal Bosco tamb\u00e9m destacou o protagonismo de Lucas do Rio Verde no desenvolvimento regional, lembrando o papel dos pioneiros na constru\u00e7\u00e3o de uma economia baseada na for\u00e7a da agricultura e da pecu\u00e1ria.<\/p>\n\n\n\n<p>\u201cTenho certeza de que a cidade vai continuar crescendo ainda mais. Eu parabenizo todos os envolvidos por trazerem os representantes do evento, abrindo as portas da Assembleia para divulgar, incentivar e entrar para dentro da hist\u00f3ria do Show Safra\u201d, completou Dal Bosco.<\/p>\n\n\n\n<p>Ao falar na tribuna, o presidente da feira Joci Piccini destacou a relev\u00e2ncia econ\u00f4mica e social do agroneg\u00f3cio em Mato Grosso, onde a produ\u00e7\u00e3o nasce da terra, mas tamb\u00e9m da decis\u00e3o, coragem e trabalho que come\u00e7a cedo e n\u00e3o para. Um dos exemplos \u00e9 a regi\u00e3o M\u00e9dio-Norte, que planta, colhe e transforma, ou a Baixada Cuiabana, que pulsa cultura, gente e futuro. Ele refor\u00e7ou ainda que o encontro \u00e9 uma oportunidade \u00fanica para que produtores, t\u00e9cnicos e legisladores, representantes do Executivo e do Judici\u00e1rio se conectem, troquem experi\u00eancias e ampliem o acesso a informa\u00e7\u00f5es t\u00e9cnicas confi\u00e1veis, fortalecendo todo o ecossistema do agro.<\/p>\n\n\n\n<p>\u201c\u00c9 muito importante que os tr\u00eas Poderes estejam inseridos dentro do Show Safra, porque o agroneg\u00f3cio vai al\u00e9m da porteira. Ele \u00e9 mais profundo que isso e depende de toda a legisla\u00e7\u00e3o brasileira, depende do Legislativo, do Executivo e do Judici\u00e1rio. E, para n\u00f3s, \u00e9 uma oportunidade de aproximarmos ainda mais o agroneg\u00f3cio dos poderes constitu\u00eddos\u201d, pontuou o presidente da Funda\u00e7\u00e3o Rio Verde, Joci Piccini.<\/p>\n\n\n\n<p>Al\u00e9m da presen\u00e7a institucional, a Assembleia Legislativa ter\u00e1 participa\u00e7\u00e3o ativa na programa\u00e7\u00e3o da feira. No dia 24 de mar\u00e7o, a partir das 9h, a agenda prev\u00ea o painel \u201cO parlamento mais perto da popula\u00e7\u00e3o e do desenvolvimento regional\u201d. Ser\u00e1 uma manh\u00e3 dedicada aos assuntos do legislativo estadual. Durante toda a semana, a ALMT manter\u00e1 ainda um espa\u00e7o itinerante para atendimento ao p\u00fablico e apresenta\u00e7\u00e3o das a\u00e7\u00f5es do Parlamento.<\/p>\n\n\n\n<p><strong>O SHOW SAFRA MATO GROSSO 2026<\/strong><\/p>\n\n\n\n<p>Realizado pela Funda\u00e7\u00e3o Rio Verde, o Show Safra Mato Grosso 2026 deve reunir mais de 600 expositores e cerca de duas mil marcas. A estimativa \u00e9 receber aproximadamente 190 mil visitantes de diferentes regi\u00f5es do pa\u00eds. Ao todo, ser\u00e3o mais de 170 horas de palestras, debates e experi\u00eancias t\u00e9cnicas, incluindo a programa\u00e7\u00e3o do Show Safra Mulher, voltada ao fortalecimento do protagonismo feminino no agroneg\u00f3cio.<\/p>\n\n\n\n<p><strong>Informa\u00e7\u00f5es sobre as programa\u00e7\u00f5es do Show Safra:<\/strong><br><a href=\"https:\/\/showsafra.com.br\/programacoes\/\">https:\/\/showsafra.com.br\/programacoes\/<\/a><\/p>\n","protected":false},"excerpt":{"rendered":"<p>&nbsp;evento, de 23 a 27 de mar\u00e7o, ter\u00e1 espa\u00e7o para conhecimento e decis\u00f5es direcionadas ao fortalecimento da cadeia produtiva de Mato Grosso O Show Safra Mato Grosso 2026 foi destaque na Assembleia Legislativa de Mato Grosso (ALMT), nesta quarta-feira (04), quando parlamentares confirmaram presen\u00e7a no evento, que ser\u00e1 realizado de 23 a 27 de mar\u00e7o, [&hellip;]<\/p>\n","protected":false},"author":91,"featured_media":6579,"comment_status":"open","ping_status":"closed","sticky":false,"template":"","format":"standard","meta":{"site-sidebar-layout":"default","site-content-layout":"","ast-site-content-layout":"default","site-content-style":"default","site-sidebar-style":"default","ast-global-header-display":"","ast-banner-title-visibility":"","ast-main-header-display":"","ast-hfb-above-header-display":"","ast-hfb-below-header-display":"","ast-hfb-mobile-header-display":"","site-post-title":"","ast-breadcrumbs-content":"","ast-featured-img":"","footer-sml-layout":"","ast-disable-related-posts":"","theme-transparent-header-meta":"","adv-header-id-meta":"","stick-header-meta":"","header-above-stick-meta":"","header-main-stick-meta":"","header-below-stick-meta":"","astra-migrate-meta-layouts":"set","ast-page-background-enabled":"default","ast-page-background-meta":{"desktop":{"background-color":"var(--ast-global-color-4)","background-image":"","background-repeat":"repeat","background-position":"center center","background-size":"auto","background-attachment":"scroll","background-type":"","background-media":"","overlay-type":"","overlay-color":"","overlay-opacity":"","overlay-gradient":""},"tablet":{"background-color":"","background-image":"","background-repeat":"repeat","background-position":"center center","background-size":"auto","background-attachment":"scroll","background-type":"","background-media":"","overlay-type":"","overlay-color":"","overlay-opacity":"","overlay-gradient":""},"mobile":{"background-color":"","background-image":"","background-repeat":"repeat","background-position":"center center","background-size":"auto","background-attachment":"scroll","background-type":"","background-media":"","overlay-type":"","overlay-color":"","overlay-opacity":"","overlay-gradient":""}},"ast-content-background-meta":{"desktop":{"background-color":"var(--ast-global-color-5)","background-image":"","background-repeat":"repeat","background-position":"center center","background-size":"auto","background-attachment":"scroll","background-type":"","background-media":"","overlay-type":"","overlay-color":"","overlay-opacity":"","overlay-gradient":""},"tablet":{"background-color":"var(--ast-global-color-5)","background-image":"","background-repeat":"repeat","background-position":"center center","background-size":"auto","background-attachment":"scroll","background-type":"","background-media":"","overlay-type":"","overlay-color":"","overlay-opacity":"","overlay-gradient":""},"mobile":{"background-color":"var(--ast-global-color-5)","background-image":"","background-repeat":"repeat","background-position":"center center","background-size":"auto","background-attachment":"scroll","background-type":"","background-media":"","overlay-type":"","overlay-color":"","overlay-opacity":"","overlay-gradient":""}},"footnotes":""},"categories":[1],"tags":[],"class_list":["post-6578","post","type-post","status-publish","format-standard","has-post-thumbnail","hentry","category-sem-categoria"],"_links":{"self":[{"href":"https:\/\/vivanews.com.br\/index.php?rest_route=\/wp\/v2\/posts\/6578","targetHints":{"allow":["GET"]}}],"collection":[{"href":"https:\/\/vivanews.com.br\/index.php?rest_route=\/wp\/v2\/posts"}],"about":[{"href":"https:\/\/vivanews.com.br\/index.php?rest_route=\/wp\/v2\/types\/post"}],"author":[{"embeddable":true,"href":"https:\/\/vivanews.com.br\/index.php?rest_route=\/wp\/v2\/users\/91"}],"replies":[{"embeddable":true,"href":"https:\/\/vivanews.com.br\/index.php?rest_route=%2Fwp%2Fv2%2Fcomments&post=6578"}],"version-history":[{"count":1,"href":"https:\/\/vivanews.com.br\/index.php?rest_route=\/wp\/v2\/posts\/6578\/revisions"}],"predecessor-version":[{"id":6580,"href":"https:\/\/vivanews.com.br\/index.php?rest_route=\/wp\/v2\/posts\/6578\/revisions\/6580"}],"wp:featuredmedia":[{"embeddable":true,"href":"https:\/\/vivanews.com.br\/index.php?rest_route=\/wp\/v2\/media\/6579"}],"wp:attachment":[{"href":"https:\/\/vivanews.com.br\/index.php?rest_route=%2Fwp%2Fv2%2Fmedia&parent=6578"}],"wp:term":[{"taxonomy":"category","embeddable":true,"href":"https:\/\/vivanews.com.br\/index.php?rest_route=%2Fwp%2Fv2%2Fcategories&post=6578"},{"taxonomy":"post_tag","embeddable":true,"href":"https:\/\/vivanews.com.br\/index.php?rest_route=%2Fwp%2Fv2%2Ftags&post=6578"}],"curies":[{"name":"wp","href":"https:\/\/api.w.org\/{rel}","templated":true}]}}