{"id":6581,"date":"2026-03-04T21:15:49","date_gmt":"2026-03-05T00:15:49","guid":{"rendered":"https:\/\/vivanews.com.br\/?p=6581"},"modified":"2026-03-04T21:15:50","modified_gmt":"2026-03-05T00:15:50","slug":"lucas-do-rio-verde-inicia-programacao-especial-para-celebrar-o-mes-da-mulher","status":"publish","type":"post","link":"https:\/\/vivanews.com.br\/?p=6581","title":{"rendered":"Lucas do Rio Verde inicia programa\u00e7\u00e3o especial para celebrar o M\u00eas da Mulher"},"content":{"rendered":"\n<p>Durante mar\u00e7o, a Secretaria de Assist\u00eancia Social realiza palestras, rodas de conversas e a tradicional Festa da Mulher<\/p>\n\n\n\n<figure class=\"wp-block-image size-full\"><img fetchpriority=\"high\" decoding=\"async\" width=\"800\" height=\"600\" src=\"https:\/\/vivanews.com.br\/wp-content\/uploads\/2026\/03\/pref_lrv-2026-03-04T202103.724.jpeg\" alt=\"\" class=\"wp-image-6582\" srcset=\"https:\/\/vivanews.com.br\/wp-content\/uploads\/2026\/03\/pref_lrv-2026-03-04T202103.724.jpeg 800w, https:\/\/vivanews.com.br\/wp-content\/uploads\/2026\/03\/pref_lrv-2026-03-04T202103.724-300x225.jpeg 300w, https:\/\/vivanews.com.br\/wp-content\/uploads\/2026\/03\/pref_lrv-2026-03-04T202103.724-768x576.jpeg 768w, https:\/\/vivanews.com.br\/wp-content\/uploads\/2026\/03\/pref_lrv-2026-03-04T202103.724-195x146.jpeg 195w\" sizes=\"(max-width: 800px) 100vw, 800px\" \/><\/figure>\n\n\n\n<p>A Prefeitura de Lucas do Rio Verde, por meio da Secretaria de Assist\u00eancia Social e Habita\u00e7\u00e3o, deu in\u00edcio \u00e0 programa\u00e7\u00e3o especial do M\u00eas da Mulher. Ao longo de mar\u00e7o, diversas a\u00e7\u00f5es ser\u00e3o realizadas com foco na valoriza\u00e7\u00e3o feminina, integra\u00e7\u00e3o e oportunidades de capacita\u00e7\u00e3o.<\/p>\n\n\n\n<p>A abertura oficial aconteceu no dia 2 de mar\u00e7o. Segundo a secret\u00e1ria de Assist\u00eancia Social e Habita\u00e7\u00e3o, Janice Ribeiro, o m\u00eas \u00e9 dedicado ao reconhecimento da import\u00e2ncia da mulher na sociedade. E a programa\u00e7\u00e3o inclui rodas de conversa, encontros nos bairros, atividades nos Cras e cursos profissionalizantes ofertados pelo Centro de Refer\u00eancia de Atendimento \u00e0 Mulher (Cram).<\/p>\n\n\n\n<p>Um dos principais momentos da programa\u00e7\u00e3o ser\u00e1 a tradicional Festa do Dia da Mulher, que ser\u00e1 realizada no dia 13 de mar\u00e7o, a partir das 19h, no Centro de Eventos Roberto Munaretto. O evento \u00e9 gratuito e aberto ao p\u00fablico feminino.<\/p>\n\n\n\n<p>Segundo a primeira-dama e secret\u00e1ria da pasta, Janice Ribeiro, a festa \u00e9 preparada com muito carinho para proporcionar uma noite especial. \u201cEsse \u00e9 um momento pensado para as mulheres. Teremos show com a cantora Taty Farias, desfile com mulheres do munic\u00edpio e v\u00e1rias a\u00e7\u00f5es voltadas para trabalhar a autoestima. Algumas participantes ser\u00e3o preparadas com cabelo e maquiagem e v\u00e3o desfilar com roupas de lojas parceiras. \u00c9 uma noite de celebra\u00e7\u00e3o e reconhecimento. Queremos que cada mulher possa sair um pouco da rotina, deixar as responsabilidades de lado e aproveitar um momento preparado especialmente para elas\u201d, destacou.<img decoding=\"async\" src=\"https:\/\/www.lucasdorioverde.mt.gov.br\/arquivos\/noticias\/14558\/g\/33420120620260304093248.jpeg\"><\/p>\n\n\n\n<p><small>(Foto: Ascom Prefeitura\/Maiza Santos)<\/small><\/p>\n\n\n\n<p>Outro destaque da agenda \u00e9 o Show Safra Mulher, espa\u00e7o voltado ao protagonismo feminino dentro do agroneg\u00f3cio. A iniciativa re\u00fane mulheres que atuam no campo, no empreendedorismo e em diferentes \u00e1reas ligadas ao setor. O objetivo \u00e9 promover troca de experi\u00eancias e fortalecer a participa\u00e7\u00e3o feminina no agro.<\/p>\n\n\n\n<p>Durante o m\u00eas, o Cram tamb\u00e9m ir\u00e1 intensificar a oferta de cursos profissionalizantes. Algumas capacita\u00e7\u00f5es j\u00e1 foram realizadas, como o curso de alongamento de c\u00edlios. Tamb\u00e9m est\u00e1 em andamento o curso de corte e costura e foi iniciado recentemente o curso de confeitaria.<\/p>\n\n\n\n<p>A programa\u00e7\u00e3o continua ao longo do m\u00eas, com novos cursos previstos, entre eles preparo de alimentos, design de sobrancelhas, e mec\u00e2nica b\u00e1sica para mulheres. O objetivo \u00e9 oferecer oportunidades de qualifica\u00e7\u00e3o e gera\u00e7\u00e3o de renda, incentivando as mulheres a buscar novos caminhos no mercado de trabalho.<\/p>\n\n\n\n<p><br>Confira toda a programa\u00e7\u00e3o do m\u00eas de mar\u00e7o no documento anexado abaixo:<a href=\"https:\/\/www.lucasdorioverde.mt.gov.br\/site\/secretaria\/assistencia-social-e-habitacao\"><strong>ASSIST\u00caNCIA SOCIAL E HABITA\u00c7\u00c3O<\/strong><\/a><\/p>\n","protected":false},"excerpt":{"rendered":"<p>Durante mar\u00e7o, a Secretaria de Assist\u00eancia Social realiza palestras, rodas de conversas e a tradicional Festa da Mulher A Prefeitura de Lucas do Rio Verde, por meio da Secretaria de Assist\u00eancia Social e Habita\u00e7\u00e3o, deu in\u00edcio \u00e0 programa\u00e7\u00e3o especial do M\u00eas da Mulher. Ao longo de mar\u00e7o, diversas a\u00e7\u00f5es ser\u00e3o realizadas com foco na valoriza\u00e7\u00e3o [&hellip;]<\/p>\n","protected":false},"author":91,"featured_media":6582,"comment_status":"open","ping_status":"closed","sticky":false,"template":"","format":"standard","meta":{"site-sidebar-layout":"default","site-content-layout":"","ast-site-content-layout":"default","site-content-style":"default","site-sidebar-style":"default","ast-global-header-display":"","ast-banner-title-visibility":"","ast-main-header-display":"","ast-hfb-above-header-display":"","ast-hfb-below-header-display":"","ast-hfb-mobile-header-display":"","site-post-title":"","ast-breadcrumbs-content":"","ast-featured-img":"","footer-sml-layout":"","ast-disable-related-posts":"","theme-transparent-header-meta":"","adv-header-id-meta":"","stick-header-meta":"","header-above-stick-meta":"","header-main-stick-meta":"","header-below-stick-meta":"","astra-migrate-meta-layouts":"set","ast-page-background-enabled":"default","ast-page-background-meta":{"desktop":{"background-color":"var(--ast-global-color-4)","background-image":"","background-repeat":"repeat","background-position":"center center","background-size":"auto","background-attachment":"scroll","background-type":"","background-media":"","overlay-type":"","overlay-color":"","overlay-opacity":"","overlay-gradient":""},"tablet":{"background-color":"","background-image":"","background-repeat":"repeat","background-position":"center center","background-size":"auto","background-attachment":"scroll","background-type":"","background-media":"","overlay-type":"","overlay-color":"","overlay-opacity":"","overlay-gradient":""},"mobile":{"background-color":"","background-image":"","background-repeat":"repeat","background-position":"center center","background-size":"auto","background-attachment":"scroll","background-type":"","background-media":"","overlay-type":"","overlay-color":"","overlay-opacity":"","overlay-gradient":""}},"ast-content-background-meta":{"desktop":{"background-color":"var(--ast-global-color-5)","background-image":"","background-repeat":"repeat","background-position":"center center","background-size":"auto","background-attachment":"scroll","background-type":"","background-media":"","overlay-type":"","overlay-color":"","overlay-opacity":"","overlay-gradient":""},"tablet":{"background-color":"var(--ast-global-color-5)","background-image":"","background-repeat":"repeat","background-position":"center center","background-size":"auto","background-attachment":"scroll","background-type":"","background-media":"","overlay-type":"","overlay-color":"","overlay-opacity":"","overlay-gradient":""},"mobile":{"background-color":"var(--ast-global-color-5)","background-image":"","background-repeat":"repeat","background-position":"center center","background-size":"auto","background-attachment":"scroll","background-type":"","background-media":"","overlay-type":"","overlay-color":"","overlay-opacity":"","overlay-gradient":""}},"footnotes":""},"categories":[1],"tags":[],"class_list":["post-6581","post","type-post","status-publish","format-standard","has-post-thumbnail","hentry","category-sem-categoria"],"_links":{"self":[{"href":"https:\/\/vivanews.com.br\/index.php?rest_route=\/wp\/v2\/posts\/6581","targetHints":{"allow":["GET"]}}],"collection":[{"href":"https:\/\/vivanews.com.br\/index.php?rest_route=\/wp\/v2\/posts"}],"about":[{"href":"https:\/\/vivanews.com.br\/index.php?rest_route=\/wp\/v2\/types\/post"}],"author":[{"embeddable":true,"href":"https:\/\/vivanews.com.br\/index.php?rest_route=\/wp\/v2\/users\/91"}],"replies":[{"embeddable":true,"href":"https:\/\/vivanews.com.br\/index.php?rest_route=%2Fwp%2Fv2%2Fcomments&post=6581"}],"version-history":[{"count":1,"href":"https:\/\/vivanews.com.br\/index.php?rest_route=\/wp\/v2\/posts\/6581\/revisions"}],"predecessor-version":[{"id":6583,"href":"https:\/\/vivanews.com.br\/index.php?rest_route=\/wp\/v2\/posts\/6581\/revisions\/6583"}],"wp:featuredmedia":[{"embeddable":true,"href":"https:\/\/vivanews.com.br\/index.php?rest_route=\/wp\/v2\/media\/6582"}],"wp:attachment":[{"href":"https:\/\/vivanews.com.br\/index.php?rest_route=%2Fwp%2Fv2%2Fmedia&parent=6581"}],"wp:term":[{"taxonomy":"category","embeddable":true,"href":"https:\/\/vivanews.com.br\/index.php?rest_route=%2Fwp%2Fv2%2Fcategories&post=6581"},{"taxonomy":"post_tag","embeddable":true,"href":"https:\/\/vivanews.com.br\/index.php?rest_route=%2Fwp%2Fv2%2Ftags&post=6581"}],"curies":[{"name":"wp","href":"https:\/\/api.w.org\/{rel}","templated":true}]}}