{"id":6838,"date":"2026-04-27T21:54:13","date_gmt":"2026-04-28T00:54:13","guid":{"rendered":"https:\/\/vivanews.com.br\/?p=6838"},"modified":"2026-04-27T21:54:13","modified_gmt":"2026-04-28T00:54:13","slug":"camara-aprova-doacao-de-imovel-para-regularizar-centro-de-triagem-de-animais-silvestres-em-lucas-do-rio-verde","status":"publish","type":"post","link":"https:\/\/vivanews.com.br\/?p=6838","title":{"rendered":"C\u00e2mara aprova doa\u00e7\u00e3o de im\u00f3vel para regularizar Centro de Triagem de Animais Silvestres em Lucas do Rio Verde"},"content":{"rendered":"\n<p>Proposta que autoriza transfer\u00eancia de \u00e1rea para funcionamento do CETAS recebeu emenda modificativa e foi aprovada com sete votos a favor e dois contr\u00e1rios<\/p>\n\n\n\n<figure class=\"wp-block-image size-large\"><img fetchpriority=\"high\" decoding=\"async\" width=\"1024\" height=\"682\" src=\"https:\/\/vivanews.com.br\/wp-content\/uploads\/2026\/04\/2706-1024x682.jpeg\" alt=\"\" class=\"wp-image-6839\" srcset=\"https:\/\/vivanews.com.br\/wp-content\/uploads\/2026\/04\/2706-1024x682.jpeg 1024w, https:\/\/vivanews.com.br\/wp-content\/uploads\/2026\/04\/2706-300x200.jpeg 300w, https:\/\/vivanews.com.br\/wp-content\/uploads\/2026\/04\/2706-768x512.jpeg 768w, https:\/\/vivanews.com.br\/wp-content\/uploads\/2026\/04\/2706-1536x1023.jpeg 1536w, https:\/\/vivanews.com.br\/wp-content\/uploads\/2026\/04\/2706-219x146.jpeg 219w, https:\/\/vivanews.com.br\/wp-content\/uploads\/2026\/04\/2706.jpeg 1600w\" sizes=\"(max-width: 1024px) 100vw, 1024px\" \/><\/figure>\n\n\n\n<p>A C\u00e2mara Municipal de Lucas do Rio Verde aprovou, durante a 12\u00aa sess\u00e3o ordin\u00e1ria realizada nesta segunda-feira (27), o Projeto de Lei n\u00ba 01\/2025, de autoria do Poder Executivo, que autoriza a doa\u00e7\u00e3o de um im\u00f3vel \u00e0 Secretaria de Estado de Meio Ambiente (SEMA), para o funcionamento do Centro de Triagem de Animais Silvestres (CETAS). A proposta, que j\u00e1 tramitava na Casa desde a legislatura anterior, foi amplamente debatida em plen\u00e1rio antes da vota\u00e7\u00e3o.<\/p>\n\n\n\n<p>O im\u00f3vel objeto da doa\u00e7\u00e3o j\u00e1 \u00e9 utilizado pela Organiza\u00e7\u00e3o N\u00e3o Governamental Ame o Bem Semeando o Amor (AMIBEM), cession\u00e1ria respons\u00e1vel pela implanta\u00e7\u00e3o e gest\u00e3o do CETAS no munic\u00edpio. Conforme a justificativa do Executivo, a aprova\u00e7\u00e3o do projeto se faz necess\u00e1ria para que o Estado de Mato Grosso possa cumprir uma A\u00e7\u00e3o Civil P\u00fablica, que trata da implementa\u00e7\u00e3o de centros de triagem de animais silvestres no estado. O projeto estabelece que a doa\u00e7\u00e3o \u00e9 intransfer\u00edvel e o im\u00f3vel dever\u00e1 ser utilizado exclusivamente para a finalidade do CETAS, retornando ao patrim\u00f4nio municipal em caso de desvio de destina\u00e7\u00e3o.<\/p>\n\n\n\n<p>O projeto foi aprovado com uma emenda modificativa apresentada pelos vereadores. O texto da emenda estabelece que dever\u00e1 ser observado e cumprido o comodato j\u00e1 celebrado com a AMIBEM, conforme lei anteriormente aprovada, n\u00e3o tendo efeito a nova lei sobre o comodato j\u00e1 existente. A emenda tamb\u00e9m incluiu dispositivo prevendo que, caso a AMIBEM seja retirada da gest\u00e3o do CETAS, o Estado de Mato Grosso dever\u00e1 indeniz\u00e1-la com base no valor dos bens m\u00f3veis e im\u00f3veis pertencentes e constru\u00eddos pela organiza\u00e7\u00e3o no local. A vota\u00e7\u00e3o final resultou em sete votos a favor e dois contr\u00e1rios, dos vereadores M\u00e1rcio Albieri e H\u00e9lio Kaminski.<\/p>\n\n\n\n<p>Os vereadores tamb\u00e9m aprovaram o Projeto de Decreto Legislativo n\u00ba 07\/2026, de autoria do vereador Jackson Lopes, que concede o T\u00edtulo de Cidad\u00e3o Honor\u00e1rio de Lucas do Rio Verde ao professor de Educa\u00e7\u00e3o F\u00edsica Gilson Dotivo Garcia. Natural de Santo Ant\u00f4nio da Platina (PR), o homenageado chegou ao munic\u00edpio em abril de 1991 e atuou como professor, t\u00e9cnico esportivo, coordenador, secret\u00e1rio municipal e secret\u00e1rio adjunto nas \u00e1reas de Esporte, Lazer e Turismo. Foi idealizador dos Jogos Estudantis Regionais Vale do Verde e criou a primeira Escolinha Esportiva Municipal. Servidor p\u00fablico por 32 anos, atualmente \u00e9 diretor executivo do Previlucas.<\/p>\n\n\n\n<p>Tamb\u00e9m foi aprovado o Projeto de Decreto Legislativo n\u00ba 08\/2026, do vereador M\u00e1rcio Albieri, que concede o T\u00edtulo de Cidad\u00e3 Honor\u00e1ria de Lucas do Rio Verde a Danusa Serena Oneda. Advogada graduada pela UNOESC, ela escolheu o munic\u00edpio em 2009 para fixar resid\u00eancia e exercer sua atividade profissional. Desde 2013 integra as diretorias da 21\u00aa Subse\u00e7\u00e3o da OAB-MT em Lucas do Rio Verde, tendo sido eleita presidente, tornando-se a primeira mulher a ser reconduzida ao cargo nos 25 anos de exist\u00eancia da institui\u00e7\u00e3o. \u00c9 coautora e incentivadora da OAB Solid\u00e1ria, reconhecida como o maior evento solid\u00e1rio do sistema OAB em n\u00edvel nacional, e idealizou os projetos &#8220;La\u00e7os da Ordem&#8221; e &#8220;OAB vai \u00e0 Escola&#8221;.<\/p>\n\n\n\n<p>Por fim, os vereadores aprovaram o Projeto de Lei n\u00ba 24\/2026, para regulamentar o Processo Administrativo Disciplinar. O texto estabelece que a gratifica\u00e7\u00e3o atribu\u00edda aos servidores integrantes da Comiss\u00e3o Processante Permanente de Sindic\u00e2ncia ou Processo Administrativo Disciplinar ser\u00e1 de 10% do sal\u00e1rio base, exclusivamente durante o per\u00edodo de efetivo exerc\u00edcio das atividades de instru\u00e7\u00e3o processual, limitado ao prazo regular de conclus\u00e3o do procedimento. Segundo o Poder Executivo, a medida visa assegurar que a gratifica\u00e7\u00e3o esteja vinculada ao desempenho efetivo e ao cumprimento dos prazos legais, refor\u00e7ando os princ\u00edpios da efici\u00eancia e da razo\u00e1vel dura\u00e7\u00e3o dos processos administrativos.Mais Not\u00edcias<\/p>\n","protected":false},"excerpt":{"rendered":"<p>Proposta que autoriza transfer\u00eancia de \u00e1rea para funcionamento do CETAS recebeu emenda modificativa e foi aprovada com sete votos a favor e dois contr\u00e1rios A C\u00e2mara Municipal de Lucas do Rio Verde aprovou, durante a 12\u00aa sess\u00e3o ordin\u00e1ria realizada nesta segunda-feira (27), o Projeto de Lei n\u00ba 01\/2025, de autoria do Poder Executivo, que autoriza [&hellip;]<\/p>\n","protected":false},"author":91,"featured_media":6839,"comment_status":"open","ping_status":"closed","sticky":false,"template":"","format":"standard","meta":{"site-sidebar-layout":"default","site-content-layout":"","ast-site-content-layout":"default","site-content-style":"default","site-sidebar-style":"default","ast-global-header-display":"","ast-banner-title-visibility":"","ast-main-header-display":"","ast-hfb-above-header-display":"","ast-hfb-below-header-display":"","ast-hfb-mobile-header-display":"","site-post-title":"","ast-breadcrumbs-content":"","ast-featured-img":"","footer-sml-layout":"","theme-transparent-header-meta":"","adv-header-id-meta":"","stick-header-meta":"","header-above-stick-meta":"","header-main-stick-meta":"","header-below-stick-meta":"","astra-migrate-meta-layouts":"set","ast-page-background-enabled":"default","ast-page-background-meta":{"desktop":{"background-color":"var(--ast-global-color-4)","background-image":"","background-repeat":"repeat","background-position":"center center","background-size":"auto","background-attachment":"scroll","background-type":"","background-media":"","overlay-type":"","overlay-color":"","overlay-opacity":"","overlay-gradient":""},"tablet":{"background-color":"","background-image":"","background-repeat":"repeat","background-position":"center center","background-size":"auto","background-attachment":"scroll","background-type":"","background-media":"","overlay-type":"","overlay-color":"","overlay-opacity":"","overlay-gradient":""},"mobile":{"background-color":"","background-image":"","background-repeat":"repeat","background-position":"center center","background-size":"auto","background-attachment":"scroll","background-type":"","background-media":"","overlay-type":"","overlay-color":"","overlay-opacity":"","overlay-gradient":""}},"ast-content-background-meta":{"desktop":{"background-color":"var(--ast-global-color-5)","background-image":"","background-repeat":"repeat","background-position":"center center","background-size":"auto","background-attachment":"scroll","background-type":"","background-media":"","overlay-type":"","overlay-color":"","overlay-opacity":"","overlay-gradient":""},"tablet":{"background-color":"var(--ast-global-color-5)","background-image":"","background-repeat":"repeat","background-position":"center center","background-size":"auto","background-attachment":"scroll","background-type":"","background-media":"","overlay-type":"","overlay-color":"","overlay-opacity":"","overlay-gradient":""},"mobile":{"background-color":"var(--ast-global-color-5)","background-image":"","background-repeat":"repeat","background-position":"center center","background-size":"auto","background-attachment":"scroll","background-type":"","background-media":"","overlay-type":"","overlay-color":"","overlay-opacity":"","overlay-gradient":""}},"footnotes":""},"categories":[1],"tags":[],"class_list":["post-6838","post","type-post","status-publish","format-standard","has-post-thumbnail","hentry","category-sem-categoria"],"_links":{"self":[{"href":"https:\/\/vivanews.com.br\/index.php?rest_route=\/wp\/v2\/posts\/6838","targetHints":{"allow":["GET"]}}],"collection":[{"href":"https:\/\/vivanews.com.br\/index.php?rest_route=\/wp\/v2\/posts"}],"about":[{"href":"https:\/\/vivanews.com.br\/index.php?rest_route=\/wp\/v2\/types\/post"}],"author":[{"embeddable":true,"href":"https:\/\/vivanews.com.br\/index.php?rest_route=\/wp\/v2\/users\/91"}],"replies":[{"embeddable":true,"href":"https:\/\/vivanews.com.br\/index.php?rest_route=%2Fwp%2Fv2%2Fcomments&post=6838"}],"version-history":[{"count":1,"href":"https:\/\/vivanews.com.br\/index.php?rest_route=\/wp\/v2\/posts\/6838\/revisions"}],"predecessor-version":[{"id":6840,"href":"https:\/\/vivanews.com.br\/index.php?rest_route=\/wp\/v2\/posts\/6838\/revisions\/6840"}],"wp:featuredmedia":[{"embeddable":true,"href":"https:\/\/vivanews.com.br\/index.php?rest_route=\/wp\/v2\/media\/6839"}],"wp:attachment":[{"href":"https:\/\/vivanews.com.br\/index.php?rest_route=%2Fwp%2Fv2%2Fmedia&parent=6838"}],"wp:term":[{"taxonomy":"category","embeddable":true,"href":"https:\/\/vivanews.com.br\/index.php?rest_route=%2Fwp%2Fv2%2Fcategories&post=6838"},{"taxonomy":"post_tag","embeddable":true,"href":"https:\/\/vivanews.com.br\/index.php?rest_route=%2Fwp%2Fv2%2Ftags&post=6838"}],"curies":[{"name":"wp","href":"https:\/\/api.w.org\/{rel}","templated":true}]}}