{"id":6845,"date":"2026-04-29T17:24:02","date_gmt":"2026-04-29T20:24:02","guid":{"rendered":"https:\/\/vivanews.com.br\/?p=6845"},"modified":"2026-04-29T17:24:02","modified_gmt":"2026-04-29T20:24:02","slug":"encontro-debate-a-transformacao-digital-na-saude","status":"publish","type":"post","link":"https:\/\/vivanews.com.br\/?p=6845","title":{"rendered":"Encontro debate a transforma\u00e7\u00e3o digital na sa\u00fade"},"content":{"rendered":"<p>Profissionais da sa\u00fade participaram, na tarde desta ter\u00e7a-feira (28\/04), de um encontro na Ag\u00eancia Metropolitana do Sebrae\/MT (Servi\u00e7o de Apoio \u00e0s Micro e Pequenas Empresas do Estado de Mato Grosso) que abordou a transforma\u00e7\u00e3o digital no setor. O evento reuniu m\u00e9dicos, dentistas e psic\u00f3logos e contou com a palestra da doutora, professora e especialista em inova\u00e7\u00e3o, Regiane Relva Romano.<\/p>\n<p>Desde o in\u00edcio do ano, o setor de sa\u00fade e bem-estar do Sebrae\/MT atendeu mais de 40 empresas. Uma an\u00e1lise interna de cada unidade identificou os principais gargalos, entre eles falhas em processos e aus\u00eancia de padroniza\u00e7\u00e3o no atendimento.<\/p>\n<p>Em contraste com o cen\u00e1rio encontrado nas empresas de sa\u00fade, a especialista Regiane Relva destacou que a experi\u00eancia do cliente \u00e9 o principal fator de impacto na percep\u00e7\u00e3o sobre a unidade. Segundo ela, o Brasil vive o momento de revis\u00e3o de padr\u00f5es ineficientes, com avan\u00e7o rumo a uma rede integrada de dados do paciente.<\/p>\n<div class=\"wp-caption alignright\"><img fetchpriority=\"high\" fetchpriority=\"high\" decoding=\"async\" class=\"size-full wp-image-13499\" src=\"http:\/\/mt.agenciasebrae.com.br\/wp-content\/uploads\/sites\/11\/2026\/04\/saude-e-bem-estar2.jpg\" alt=\"\" width=\"1600\" height=\"720\"><figcaption class=\"wp-caption-text\">A palestrante do evento voltado para profissionais da sa\u00fade, Regiane Relva Romano<\/figcaption><\/div>\n<p>\u201cA tecnologia \u00e9 uma alavanca para transformar a vida do cidad\u00e3o. Estamos no processo da RNDS (Rede Nacional de Dados de Sa\u00fade) que trata da integra\u00e7\u00e3o de dados, tanto da iniciativa privada como da p\u00fablica, em uma \u00fanica rede. O Sistema \u00danico de Sa\u00fade (SUS) j\u00e1 opera assim e isso evita retrabalho e reduz custos operacionais. Fala-se muito em Intelig\u00eancia Artificial, e ela \u00e9 importante, mas precisa aprimorar a inser\u00e7\u00e3o e a padroniza\u00e7\u00e3o dos dados\u201d, enfatiza Regiane.<\/p>\n<p>Uma das participantes, a m\u00e9dica B\u00e1rbara Marin, elogiou o encontro e a abordagem do tema.\u00a0 \u201cEsse tipo de debate \u00e9 muito importante, principalmente no momento que a gente est\u00e1 vivendo. Sempre falo aos colegas que o mundo \u00e9 digital e que, sem atualiza\u00e7\u00e3o, ficamos para tr\u00e1s. Estudar tecnologia tamb\u00e9m faz parte de um bom consult\u00f3rio e de uma boa gest\u00e3o m\u00e9dica eficiente\u201d, avaliou.<\/p>\n<p>J\u00e1 a dentista Val\u00e9ria Cabral tamb\u00e9m reconheceu, ap\u00f3s a palestra, que precisa dar mais espa\u00e7o para a tecnologia na sua rotina cl\u00ednica. \u201cGostei bastante do evento, principalmente por mostrar o quanto estou atrasada no mundo da tecnologia, mas tamb\u00e9m, me mostrou que estou no caminho certo quando se trata em valoriza\u00e7\u00e3o de pessoas. Isso nenhuma IA pode substituir\u201d, argumentou.<\/p>\n<p><strong>Atua\u00e7\u00e3o na \u00e1rea de sa\u00fade<\/strong><\/p>\n<p>Uma das frentes de atua\u00e7\u00e3o do Sebrae\/MT na \u00e1rea da sa\u00fade e bem-estar \u00e9 a \u201cTrilha da Sa\u00fade\u201d, que engloba quatro fases: \u2013 cliente oculto, processos, atendimento humanizado e miss\u00e3o empresarial. \u201cNosso objetivo \u00e9 ajudar empres\u00e1rios a manter processos de gest\u00e3o de qualidade e efici\u00eancia. O foco est\u00e1 nas necessidades espec\u00edficas de cada unidade\u201d, destacou a gestora do projeto, \u00c9rika Cunha Monteiro.<\/p>\n<p>Os interessados em conhecer as solu\u00e7\u00f5es oferecidas pelo Sebrae podem entrar em contato com a Central de Atendimento pelo 0800 570 0800 que funciona 24h, de segunda a domingo, inclusive via WhatsApp, ou procurar um dos pontos de atendimento no estado. Confira os locais no <a href=\"https:\/\/sebrae.com.br\/sites\/PortalSebrae\/canais_adicionais\/contato_uf?codUf=12\">LINK<\/a>.<\/p>\n","protected":false},"excerpt":{"rendered":"<p>Profissionais da sa\u00fade participaram, na tarde desta ter\u00e7a-feira (28\/04), de um encontro na Ag\u00eancia Metropolitana do Sebrae\/MT (Servi\u00e7o de Apoio \u00e0s Micro e Pequenas Empresas do Estado de Mato Grosso) que abordou a transforma\u00e7\u00e3o digital no setor. O evento reuniu m\u00e9dicos, dentistas e psic\u00f3logos e contou com a palestra da doutora, professora e especialista em [&hellip;]<\/p>\n","protected":false},"author":85,"featured_media":6846,"comment_status":"open","ping_status":"open","sticky":false,"template":"","format":"standard","meta":{"site-sidebar-layout":"default","site-content-layout":"","ast-site-content-layout":"default","site-content-style":"default","site-sidebar-style":"default","ast-global-header-display":"","ast-banner-title-visibility":"","ast-main-header-display":"","ast-hfb-above-header-display":"","ast-hfb-below-header-display":"","ast-hfb-mobile-header-display":"","site-post-title":"","ast-breadcrumbs-content":"","ast-featured-img":"","footer-sml-layout":"","ast-disable-related-posts":"","theme-transparent-header-meta":"","adv-header-id-meta":"","stick-header-meta":"","header-above-stick-meta":"","header-main-stick-meta":"","header-below-stick-meta":"","astra-migrate-meta-layouts":"default","ast-page-background-enabled":"default","ast-page-background-meta":{"desktop":{"background-color":"var(--ast-global-color-4)","background-image":"","background-repeat":"repeat","background-position":"center center","background-size":"auto","background-attachment":"scroll","background-type":"","background-media":"","overlay-type":"","overlay-color":"","overlay-opacity":"","overlay-gradient":""},"tablet":{"background-color":"","background-image":"","background-repeat":"repeat","background-position":"center center","background-size":"auto","background-attachment":"scroll","background-type":"","background-media":"","overlay-type":"","overlay-color":"","overlay-opacity":"","overlay-gradient":""},"mobile":{"background-color":"","background-image":"","background-repeat":"repeat","background-position":"center center","background-size":"auto","background-attachment":"scroll","background-type":"","background-media":"","overlay-type":"","overlay-color":"","overlay-opacity":"","overlay-gradient":""}},"ast-content-background-meta":{"desktop":{"background-color":"var(--ast-global-color-5)","background-image":"","background-repeat":"repeat","background-position":"center center","background-size":"auto","background-attachment":"scroll","background-type":"","background-media":"","overlay-type":"","overlay-color":"","overlay-opacity":"","overlay-gradient":""},"tablet":{"background-color":"var(--ast-global-color-5)","background-image":"","background-repeat":"repeat","background-position":"center center","background-size":"auto","background-attachment":"scroll","background-type":"","background-media":"","overlay-type":"","overlay-color":"","overlay-opacity":"","overlay-gradient":""},"mobile":{"background-color":"var(--ast-global-color-5)","background-image":"","background-repeat":"repeat","background-position":"center center","background-size":"auto","background-attachment":"scroll","background-type":"","background-media":"","overlay-type":"","overlay-color":"","overlay-opacity":"","overlay-gradient":""}},"footnotes":""},"categories":[124],"tags":[],"class_list":["post-6845","post","type-post","status-publish","format-standard","has-post-thumbnail","hentry","category-regiao"],"_links":{"self":[{"href":"https:\/\/vivanews.com.br\/index.php?rest_route=\/wp\/v2\/posts\/6845","targetHints":{"allow":["GET"]}}],"collection":[{"href":"https:\/\/vivanews.com.br\/index.php?rest_route=\/wp\/v2\/posts"}],"about":[{"href":"https:\/\/vivanews.com.br\/index.php?rest_route=\/wp\/v2\/types\/post"}],"author":[{"embeddable":true,"href":"https:\/\/vivanews.com.br\/index.php?rest_route=\/wp\/v2\/users\/85"}],"replies":[{"embeddable":true,"href":"https:\/\/vivanews.com.br\/index.php?rest_route=%2Fwp%2Fv2%2Fcomments&post=6845"}],"version-history":[{"count":0,"href":"https:\/\/vivanews.com.br\/index.php?rest_route=\/wp\/v2\/posts\/6845\/revisions"}],"wp:featuredmedia":[{"embeddable":true,"href":"https:\/\/vivanews.com.br\/index.php?rest_route=\/wp\/v2\/media\/6846"}],"wp:attachment":[{"href":"https:\/\/vivanews.com.br\/index.php?rest_route=%2Fwp%2Fv2%2Fmedia&parent=6845"}],"wp:term":[{"taxonomy":"category","embeddable":true,"href":"https:\/\/vivanews.com.br\/index.php?rest_route=%2Fwp%2Fv2%2Fcategories&post=6845"},{"taxonomy":"post_tag","embeddable":true,"href":"https:\/\/vivanews.com.br\/index.php?rest_route=%2Fwp%2Fv2%2Ftags&post=6845"}],"curies":[{"name":"wp","href":"https:\/\/api.w.org\/{rel}","templated":true}]}}