{"id":6849,"date":"2026-04-29T17:24:07","date_gmt":"2026-04-29T20:24:07","guid":{"rendered":"https:\/\/vivanews.com.br\/?p=6849"},"modified":"2026-04-29T17:24:07","modified_gmt":"2026-04-29T20:24:07","slug":"atletico-de-madrid-x-arsenal-veja-penalti-em-gyokeres-na-ida-da-semifinal","status":"publish","type":"post","link":"https:\/\/vivanews.com.br\/?p=6849","title":{"rendered":"Atl\u00e9tico de Madrid x Arsenal: veja p\u00eanalti em Gy\u00f6keres na ida da semifinal"},"content":{"rendered":"<p>O primeiro tempo da ida da semifinal da Champions League, entre Atl\u00e9tico de Madrid e Arsenal, pode n\u00e3o ter sido t\u00e3o agitado quanto a partida do outro lado da chave, mas um lance nos minutos finais promete animar os torcedores na pr\u00f3xima etapa.<\/p>\n<div class=\"custom__ad__element\"><\/div>\n<p>O atacante sueco Viktor Gy\u00f6keres abriu o placar para o Arsenal ap\u00f3s converter p\u00eanalti e colocou a equipe inglesa na frente no duelo.<\/p>\n<aside class=\"read-too read-too--with-img\">\n<h2 class=\"read-too__title\">Leia Mais<\/h2>\n<ul class=\"read-too__list\">\n<li class=\"read-too__list-item\">\n    <a class=\"read-too__link\" href=\"https:\/\/www.cnnbrasil.com.br\/esportes\/futebol\/futebol-internacional\/champions-league\/atletico-de-madrid-x-arsenal-semi-final-champions\/\" target=\"_self\">\n                    <picture class=\"read-too__picture\">\n                <img decoding=\"async\" class=\"read-too__img\" src=\"https:\/\/admin.cnnbrasil.com.br\/wp-content\/uploads\/sites\/12\/2026\/04\/GettyImages-2273745683-e1777489629509.jpg?w=200\" alt=\"Atl\u00e9tico de Madrid 0 x 1 Arsenal: acompanhe ao vivo a Champions League\" title=\"Atl\u00e9tico de Madrid 0 x 1 Arsenal: acompanhe ao vivo a Champions League'\" loading=\"lazy\">\n            <\/picture>\n<h3 class=\"read-too__post-title\">Atl\u00e9tico de Madrid 0 x 1 Arsenal: acompanhe ao vivo a Champions League<\/h3>\n<p>    <\/a>\n<\/li>\n<li class=\"read-too__list-item\">\n    <a class=\"read-too__link\" href=\"https:\/\/www.cnnbrasil.com.br\/esportes\/futebol\/futebol-internacional\/hakimi-sofre-lesao-desfalca-psg-na-champios-e-preocupa-marrocos-para-copa\/\" target=\"_self\">\n                    <picture class=\"read-too__picture\">\n                <img decoding=\"async\" class=\"read-too__img\" src=\"https:\/\/admin.cnnbrasil.com.br\/wp-content\/uploads\/sites\/12\/2026\/04\/hakimi-e1777485163465.jpg?w=200\" alt=\"Hakimi sofre les\u00e3o, desfalca PSG na Champions e preocupa Marrocos para Copa\" title=\"Hakimi sofre les\u00e3o, desfalca PSG na Champions e preocupa Marrocos para Copa'\" loading=\"lazy\">\n            <\/picture>\n<h3 class=\"read-too__post-title\">Hakimi sofre les\u00e3o, desfalca PSG na Champions e preocupa Marrocos para Copa<\/h3>\n<p>    <\/a>\n<\/li>\n<li class=\"read-too__list-item\">\n    <a class=\"read-too__link\" href=\"https:\/\/www.cnnbrasil.com.br\/esportes\/futebol\/futebol-internacional\/futebol-ingles\/lesionado-salah-deve-reforcar-liverpool-na-reta-final-da-temporada\/\" target=\"_self\">\n                    <picture class=\"read-too__picture\">\n                <img decoding=\"async\" class=\"read-too__img\" src=\"https:\/\/admin.cnnbrasil.com.br\/wp-content\/uploads\/sites\/12\/2026\/04\/mohamed-salah-liverpool-premier-league-e1777484152856.jpg?w=200\" alt=\"Lesionado, Salah deve refor\u00e7ar Liverpool na reta final da temporada\" title=\"Lesionado, Salah deve refor\u00e7ar Liverpool na reta final da temporada'\" loading=\"lazy\">\n            <\/picture>\n<h3 class=\"read-too__post-title\">Lesionado, Salah deve refor\u00e7ar Liverpool na reta final da temporada<\/h3>\n<p>    <\/a>\n<\/li>\n<\/ul>\n<\/aside>\n<p>O primeiro tempo entre Atl\u00e9tico de Madrid e Arsenal de fato teve poucas chances e equil\u00edbrio. Cada equipe finalizou com perigo uma vez antes do intervalo, em uma din\u00e2mica quase que oposta \u00e0 observada em <a href=\"https:\/\/www.cnnbrasil.com.br\/esportes\/futebol\/futebol-internacional\/champions-league\/em-jogo-de-9-gols-psg-vira-sobre-o-bayern-e-sai-na-frente-na-champions\/\">PSG x Bayern de Munique<\/a>, na \u00faltima ter\u00e7a-feira (28).<\/p>\n<p>N\u00e3o obstante, um lance decisivo saiu aos 42 minutos. Ap\u00f3s erro no meio, Mart\u00edn Zubimendi tabelou com Martin \u00d8degaard e acionou Viktor Gy\u00f6keres na \u00e1rea.<\/p>\n<p>O atacante protegeu a bola e sofreu toque de David Hancko. O \u00e1rbitro marcou p\u00eanalti sem consulta ao VAR.<\/p>\n<div class=\"custom__ad__element\"><\/div>\n<blockquote class=\"twitter-tweet\">\n<p dir=\"ltr\" lang=\"pt\">Muita reclama\u00e7\u00e3o por parte do Atl\u00e9tico de Madrid, mas o juiz\u00e3o n\u00e3o teve d\u00favidas. P\u00eanalti marcado em cima de Gy\u00f6keres! <img decoding=\"async\" src=\"https:\/\/s.w.org\/images\/core\/emoji\/16.0.1\/72x72\/1f92f.png\" alt=\"\ud83e\udd2f\" class=\"wp-smiley\"><\/p>\n<p><img decoding=\"async\" src=\"https:\/\/s.w.org\/images\/core\/emoji\/16.0.1\/72x72\/1f6a8.png\" alt=\"\ud83d\udea8\" class=\"wp-smiley\"> Atl\u00e9tico de Madrid x Arsenal \u00c9 S\u00d3 na <a href=\"https:\/\/twitter.com\/TNTbr?ref_src=twsrc%5Etfw\">@tntbr<\/a> e <a href=\"https:\/\/twitter.com\/StreamMaxBR?ref_src=twsrc%5Etfw\">@streammaxbr<\/a> (<a href=\"https:\/\/t.co\/4frJledjCe\">https:\/\/t.co\/4frJledjCe<\/a>)! <a href=\"https:\/\/twitter.com\/hashtag\/CasaDaChampions?src=hash&#038;ref_src=twsrc%5Etfw\">#CasaDaChampions<\/a> <a href=\"https:\/\/twitter.com\/hashtag\/HBOMax?src=hash&#038;ref_src=twsrc%5Etfw\">#HBOMax<\/a> <a href=\"https:\/\/twitter.com\/hashtag\/MFM?src=hash&#038;ref_src=twsrc%5Etfw\">#MFM<\/a> <a href=\"https:\/\/twitter.com\/hashtag\/TR?src=hash&#038;ref_src=twsrc%5Etfw\">#TR<\/a><\/p>\n<p><img decoding=\"async\" src=\"https:\/\/s.w.org\/images\/core\/emoji\/16.0.1\/72x72\/1f399.png\" alt=\"\ud83c\udf99\" class=\"wp-smiley\"> <a href=\"https:\/\/twitter.com\/octaviobuzz?ref_src=twsrc%5Etfw\">@octaviobuzz<\/a> <a href=\"https:\/\/t.co\/MgIDRx3khB\">pic.twitter.com\/MgIDRx3khB<\/a><\/p>\n<p>\u2014 TNT Sports BR (@TNTSportsBR) <a href=\"https:\/\/twitter.com\/TNTSportsBR\/status\/2049576225773883711?ref_src=twsrc%5Etfw\">April 29, 2026<\/a><\/p>\n<\/blockquote>\n<p><script async src=\"https:\/\/platform.twitter.com\/widgets.js\" charset=\"utf-8\"><\/script><\/p>\n<p>Na cobran\u00e7a, <a href=\"https:\/\/www.cnnbrasil.com.br\/esportes\/futebol\/futebol-internacional\/champions-league\/gyokeres-abre-mao-de-comemoracao-iconica-em-reencontro-com-o-sporting\/\">Gy\u00f6keres<\/a> bateu forte no canto direito. Oblak caiu para o lado, mas n\u00e3o evitou o gol que abriu o placar para o <a href=\"https:\/\/www.cnnbrasil.com.br\/esportes\/futebol\/futebol-internacional\/champions-league\/atletico-de-madrid-x-arsenal-arteta-diz-que-quer-aproveitar-oportunidade\/\">Arsenal<\/a> ainda no primeiro tempo.<\/p>\n<blockquote class=\"twitter-tweet\" data-media-max-width=\"560\">\n<p dir=\"ltr\" lang=\"pt\">GOOOOOOOLLL!!! GY\u00d6KERES! O ARSENAL T\u00c1 NA FRENTE! <img decoding=\"async\" src=\"https:\/\/s.w.org\/images\/core\/emoji\/16.0.1\/72x72\/1f534.png\" alt=\"\ud83d\udd34\" class=\"wp-smiley\"><img decoding=\"async\" src=\"https:\/\/s.w.org\/images\/core\/emoji\/16.0.1\/72x72\/1f3f4-e0067-e0062-e0065-e006e-e0067-e007f.png\" alt=\"\ud83c\udff4\udb40\udc67\udb40\udc62\udb40\udc65\udb40\udc6e\udb40\udc67\udb40\udc7f\" class=\"wp-smiley\"> De p\u00eanalti, ele n\u00e3o perde! Uma batida seca, sem chances para Oblak.<\/p>\n<p><img decoding=\"async\" src=\"https:\/\/s.w.org\/images\/core\/emoji\/16.0.1\/72x72\/1f6a8.png\" alt=\"\ud83d\udea8\" class=\"wp-smiley\"> Atl\u00e9tico de Madrid x Arsenal \u00c9 S\u00d3 na <a href=\"https:\/\/twitter.com\/TNTbr?ref_src=twsrc%5Etfw\">@tntbr<\/a> e <a href=\"https:\/\/twitter.com\/StreamMaxBR?ref_src=twsrc%5Etfw\">@streammaxbr<\/a> (<a href=\"https:\/\/t.co\/4frJledjCe\">https:\/\/t.co\/4frJledjCe<\/a>)! <a href=\"https:\/\/twitter.com\/hashtag\/CasaDaChampions?src=hash&#038;ref_src=twsrc%5Etfw\">#CasaDaChampions<\/a> <a href=\"https:\/\/twitter.com\/hashtag\/HBOMax?src=hash&#038;ref_src=twsrc%5Etfw\">#HBOMax<\/a> <a href=\"https:\/\/twitter.com\/hashtag\/MFM?src=hash&#038;ref_src=twsrc%5Etfw\">#MFM<\/a> <a href=\"https:\/\/twitter.com\/hashtag\/TR?src=hash&#038;ref_src=twsrc%5Etfw\">#TR<\/a><\/p>\n<p><img decoding=\"async\" src=\"https:\/\/s.w.org\/images\/core\/emoji\/16.0.1\/72x72\/1f399.png\" alt=\"\ud83c\udf99\" class=\"wp-smiley\"> <a href=\"https:\/\/twitter.com\/octaviobuzz?ref_src=twsrc%5Etfw\">@octaviobuzz<\/a> <a href=\"https:\/\/t.co\/eZfaB9JMeC\">pic.twitter.com\/eZfaB9JMeC<\/a><\/p>\n<p>\u2014 TNT Sports BR (@TNTSportsBR) <a href=\"https:\/\/twitter.com\/TNTSportsBR\/status\/2049577540457529694?ref_src=twsrc%5Etfw\">April 29, 2026<\/a><\/p>\n<\/blockquote>\n<p><script async src=\"https:\/\/platform.twitter.com\/widgets.js\" charset=\"utf-8\"><\/script><\/p>\n<p><em>Cr\u00e9ditos: TNT Sports*<\/em><\/p>\n<p>Agora, a <a href=\"https:\/\/www.cnnbrasil.com.br\/esportes\/futebol\/futebol-internacional\/champions-league\/atletico-de-madrid-x-arsenal-escalacoes-e-onde-assistir-a-champions-league\/\">equipe espanhola ter\u00e1 que fazer uso da segunda etapa<\/a> para reverter ou calibrar a vantagem, evitando sair de casa com uma miss\u00e3o complicada para a volta da semifinal.<\/p>\n<blockquote class=\"wp-embedded-content\" data-secret=\"SA6HDgDRUi\">\n<p><a href=\"https:\/\/stories.cnnbrasil.com.br\/esportes\/champions-league-quem-sao-os-maiores-campeoes-do-torneio-europeu\/\">Champions League: quem s\u00e3o os maiores campe\u00f5es do torneio europeu?<\/a><\/p>\n<\/blockquote>\n<p><iframe class=\"wp-embedded-content\" sandbox=\"allow-scripts allow-same-origin\" security=\"restricted\" title=\"\u201cChampions League: quem s\u00e3o os maiores campe\u00f5es do torneio europeu?\u201d \u2014 Web Stories CNN Brasil\" data-src=\"https:\/\/stories.cnnbrasil.com.br\/esportes\/champions-league-quem-sao-os-maiores-campeoes-do-torneio-europeu\/embed\/#?secret=NE9KGQaffm#?secret=SA6HDgDRUi\" data-secret=\"SA6HDgDRUi\" width=\"360\" height=\"600\" frameborder=\"0\" marginwidth=\"0\" marginheight=\"0\" scrolling=\"no\"><\/iframe><\/p>\n","protected":false},"excerpt":{"rendered":"<p>O primeiro tempo da ida da semifinal da Champions League, entre Atl\u00e9tico de Madrid e Arsenal, pode n\u00e3o ter sido t\u00e3o agitado quanto a partida do outro lado da chave, mas um lance nos minutos finais promete animar os torcedores na pr\u00f3xima etapa. O atacante sueco Viktor Gy\u00f6keres abriu o placar para o Arsenal ap\u00f3s [&hellip;]<\/p>\n","protected":false},"author":255,"featured_media":6850,"comment_status":"open","ping_status":"open","sticky":false,"template":"","format":"standard","meta":{"site-sidebar-layout":"default","site-content-layout":"","ast-site-content-layout":"default","site-content-style":"default","site-sidebar-style":"default","ast-global-header-display":"","ast-banner-title-visibility":"","ast-main-header-display":"","ast-hfb-above-header-display":"","ast-hfb-below-header-display":"","ast-hfb-mobile-header-display":"","site-post-title":"","ast-breadcrumbs-content":"","ast-featured-img":"","footer-sml-layout":"","ast-disable-related-posts":"","theme-transparent-header-meta":"","adv-header-id-meta":"","stick-header-meta":"","header-above-stick-meta":"","header-main-stick-meta":"","header-below-stick-meta":"","astra-migrate-meta-layouts":"default","ast-page-background-enabled":"default","ast-page-background-meta":{"desktop":{"background-color":"var(--ast-global-color-4)","background-image":"","background-repeat":"repeat","background-position":"center center","background-size":"auto","background-attachment":"scroll","background-type":"","background-media":"","overlay-type":"","overlay-color":"","overlay-opacity":"","overlay-gradient":""},"tablet":{"background-color":"","background-image":"","background-repeat":"repeat","background-position":"center center","background-size":"auto","background-attachment":"scroll","background-type":"","background-media":"","overlay-type":"","overlay-color":"","overlay-opacity":"","overlay-gradient":""},"mobile":{"background-color":"","background-image":"","background-repeat":"repeat","background-position":"center center","background-size":"auto","background-attachment":"scroll","background-type":"","background-media":"","overlay-type":"","overlay-color":"","overlay-opacity":"","overlay-gradient":""}},"ast-content-background-meta":{"desktop":{"background-color":"var(--ast-global-color-5)","background-image":"","background-repeat":"repeat","background-position":"center center","background-size":"auto","background-attachment":"scroll","background-type":"","background-media":"","overlay-type":"","overlay-color":"","overlay-opacity":"","overlay-gradient":""},"tablet":{"background-color":"var(--ast-global-color-5)","background-image":"","background-repeat":"repeat","background-position":"center center","background-size":"auto","background-attachment":"scroll","background-type":"","background-media":"","overlay-type":"","overlay-color":"","overlay-opacity":"","overlay-gradient":""},"mobile":{"background-color":"var(--ast-global-color-5)","background-image":"","background-repeat":"repeat","background-position":"center center","background-size":"auto","background-attachment":"scroll","background-type":"","background-media":"","overlay-type":"","overlay-color":"","overlay-opacity":"","overlay-gradient":""}},"footnotes":""},"categories":[132],"tags":[],"class_list":["post-6849","post","type-post","status-publish","format-standard","has-post-thumbnail","hentry","category-brasil"],"_links":{"self":[{"href":"https:\/\/vivanews.com.br\/index.php?rest_route=\/wp\/v2\/posts\/6849","targetHints":{"allow":["GET"]}}],"collection":[{"href":"https:\/\/vivanews.com.br\/index.php?rest_route=\/wp\/v2\/posts"}],"about":[{"href":"https:\/\/vivanews.com.br\/index.php?rest_route=\/wp\/v2\/types\/post"}],"author":[{"embeddable":true,"href":"https:\/\/vivanews.com.br\/index.php?rest_route=\/wp\/v2\/users\/255"}],"replies":[{"embeddable":true,"href":"https:\/\/vivanews.com.br\/index.php?rest_route=%2Fwp%2Fv2%2Fcomments&post=6849"}],"version-history":[{"count":0,"href":"https:\/\/vivanews.com.br\/index.php?rest_route=\/wp\/v2\/posts\/6849\/revisions"}],"wp:featuredmedia":[{"embeddable":true,"href":"https:\/\/vivanews.com.br\/index.php?rest_route=\/wp\/v2\/media\/6850"}],"wp:attachment":[{"href":"https:\/\/vivanews.com.br\/index.php?rest_route=%2Fwp%2Fv2%2Fmedia&parent=6849"}],"wp:term":[{"taxonomy":"category","embeddable":true,"href":"https:\/\/vivanews.com.br\/index.php?rest_route=%2Fwp%2Fv2%2Fcategories&post=6849"},{"taxonomy":"post_tag","embeddable":true,"href":"https:\/\/vivanews.com.br\/index.php?rest_route=%2Fwp%2Fv2%2Ftags&post=6849"}],"curies":[{"name":"wp","href":"https:\/\/api.w.org\/{rel}","templated":true}]}}