{"id":7299,"date":"2026-09-01T19:59:08","date_gmt":"2026-09-01T22:59:08","guid":{"rendered":"https:\/\/vivanews.com.br\/?p=7299"},"modified":"2026-09-01T19:59:08","modified_gmt":"2026-09-01T22:59:08","slug":"prefeitura-de-lucas-do-rio-verde-abre-vagas-gratuitas-para-curso-de-assistente-de-logistica","status":"publish","type":"post","link":"https:\/\/vivanews.com.br\/?p=7299","title":{"rendered":"Prefeitura de Lucas do Rio Verde abre vagas gratuitas para curso de Assistente de Log\u00edstica"},"content":{"rendered":"\n<p class=\"wp-block-paragraph\">Capacita\u00e7\u00e3o come\u00e7a no dia 9 de setembro e oferece 20 vagas<\/p>\n\n\n\n<figure class=\"wp-block-image size-full\"><img fetchpriority=\"high\" decoding=\"async\" width=\"800\" height=\"533\" src=\"https:\/\/vivanews.com.br\/wp-content\/uploads\/2026\/09\/pref_lrv-2026-09-01T190819.305.jpg\" alt=\"\" class=\"wp-image-7300\" srcset=\"https:\/\/vivanews.com.br\/wp-content\/uploads\/2026\/09\/pref_lrv-2026-09-01T190819.305.jpg 800w, https:\/\/vivanews.com.br\/wp-content\/uploads\/2026\/09\/pref_lrv-2026-09-01T190819.305-300x200.jpg 300w, https:\/\/vivanews.com.br\/wp-content\/uploads\/2026\/09\/pref_lrv-2026-09-01T190819.305-768x512.jpg 768w, https:\/\/vivanews.com.br\/wp-content\/uploads\/2026\/09\/pref_lrv-2026-09-01T190819.305-219x146.jpg 219w\" sizes=\"(max-width: 800px) 100vw, 800px\" \/><\/figure>\n\n\n\n<p class=\"wp-block-paragraph\"><em>Quem est\u00e1 procurando uma oportunidade para aprender uma profiss\u00e3o e entrar no mercado de trabalho pode aproveitar o curso gratuito de&nbsp;<strong>Assistente de Log\u00edstica<\/strong>, oferecido em Lucas do Rio Verde por meio da parceria entre a Prefeitura e o Senac.<\/em><\/p>\n\n\n\n<p class=\"wp-block-paragraph\"><em>Ao todo, s\u00e3o&nbsp;<strong>20 vagas<\/strong>&nbsp;para a capacita\u00e7\u00e3o, que ter\u00e1&nbsp;<strong>160 horas de dura\u00e7\u00e3o<\/strong>. As aulas come\u00e7am no dia&nbsp;<strong>9 de setembro de 2026<\/strong>&nbsp;e seguem at\u00e9&nbsp;<strong>19 de novembro<\/strong>, no per\u00edodo vespertino, de segunda a sexta-feira, no Senac de Lucas do Rio Verde.<\/em><\/p>\n\n\n\n<p class=\"wp-block-paragraph\"><em>O curso prepara os participantes para trabalhar em diferentes atividades ligadas \u00e0 log\u00edstica, \u00e1rea presente em empresas, lojas, supermercados, transportadoras e outros setores.<\/em><\/p>\n\n\n\n<p class=\"wp-block-paragraph\"><em>Durante as aulas, os alunos v\u00e3o aprender sobre recebimento e organiza\u00e7\u00e3o de produtos, armazenamento, controle de materiais, separa\u00e7\u00e3o de pedidos e cuidados com a movimenta\u00e7\u00e3o de mercadorias.<\/em><\/p>\n\n\n\n<p class=\"wp-block-paragraph\"><em>Tamb\u00e9m ser\u00e3o trabalhadas no\u00e7\u00f5es importantes para o dia a dia de quem atua na \u00e1rea, como organiza\u00e7\u00e3o, seguran\u00e7a e trabalho em equipe.<\/em><\/p>\n\n\n\n<h2 class=\"wp-block-heading\"><em>Curso \u00e9 gratuito<\/em><\/h2>\n\n\n\n<p class=\"wp-block-paragraph\"><em>A capacita\u00e7\u00e3o faz parte das oportunidades de forma\u00e7\u00e3o profissional oferecidas no munic\u00edpio em parceria com o Senac.<\/em><\/p>\n\n\n\n<p class=\"wp-block-paragraph\"><em>Al\u00e9m de n\u00e3o ter custo para o participante, o curso oferece uma forma\u00e7\u00e3o com&nbsp;<strong>160 horas<\/strong>, permitindo que o aluno tenha contato com diferentes atividades da \u00e1rea de log\u00edstica ao longo das aulas.<\/em><\/p>\n\n\n\n<p class=\"wp-block-paragraph\"><em>Para participar, \u00e9 necess\u00e1rio ter&nbsp;<strong>14 anos ou mais<\/strong>&nbsp;e n\u00e3o precisa ter&nbsp;<strong>Ensino Fundamental completo<\/strong>.<\/em><\/p>\n\n\n\n<p class=\"wp-block-paragraph\"><em><strong>As vagas s\u00e3o limitadas e as inscri\u00e7\u00f5es devem ser feitas exclusivamente pelo WhatsApp&nbsp;<\/strong><strong>(65) 9 9922-7442<\/strong><strong>.<\/strong><\/em><\/p>\n\n\n\n<p class=\"wp-block-paragraph\"><em>Quem precisar de mais informa\u00e7\u00f5es tamb\u00e9m pode procurar as unidades do Cram e dos Cras do munic\u00edpio.<\/em><\/p>\n\n\n\n<p class=\"wp-block-paragraph\"><em>Cram fica na Rua Sarandi, no bairro Rio Verde.<\/em><\/p>\n\n\n\n<p class=\"wp-block-paragraph\"><em>Cras I est\u00e1 localizado na Avenida Bahia, n\u00ba 236, no bairro Jardim das Palmeiras.<\/em><\/p>\n\n\n\n<p class=\"wp-block-paragraph\"><em>Cras II fica na Rua Jo\u00e3o Goulart, n\u00ba 3.470, no bairro Jaime Seiti Fujii.<\/em><\/p>\n\n\n\n<p class=\"wp-block-paragraph\"><em>Cras III funciona na Avenida Cuiab\u00e1, n\u00ba 1.126, no bairro Industrial.<\/em><a href=\"https:\/\/www.lucasdorioverde.mt.gov.br\/site\/secretaria\/assistencia-social-e-habitacao\"><strong>ASSIST\u00caNCIA SOCIAL E HABITA\u00c7\u00c3O<\/strong><\/a><\/p>\n","protected":false},"excerpt":{"rendered":"<p>Capacita\u00e7\u00e3o come\u00e7a no dia 9 de setembro e oferece 20 vagas Quem est\u00e1 procurando uma oportunidade para aprender uma profiss\u00e3o e entrar no mercado de trabalho pode aproveitar o curso gratuito de&nbsp;Assistente de Log\u00edstica, oferecido em Lucas do Rio Verde por meio da parceria entre a Prefeitura e o Senac. Ao todo, s\u00e3o&nbsp;20 vagas&nbsp;para a [&hellip;]<\/p>\n","protected":false},"author":91,"featured_media":7300,"comment_status":"open","ping_status":"closed","sticky":false,"template":"","format":"standard","meta":{"site-sidebar-layout":"default","site-content-layout":"","ast-site-content-layout":"default","site-content-style":"default","site-sidebar-style":"default","ast-global-header-display":"","ast-banner-title-visibility":"","ast-main-header-display":"","ast-hfb-above-header-display":"","ast-hfb-below-header-display":"","ast-hfb-mobile-header-display":"","site-post-title":"","ast-breadcrumbs-content":"","ast-featured-img":"","footer-sml-layout":"","ast-disable-related-posts":"","theme-transparent-header-meta":"","adv-header-id-meta":"","stick-header-meta":"","header-above-stick-meta":"","header-main-stick-meta":"","header-below-stick-meta":"","astra-migrate-meta-layouts":"set","ast-page-background-enabled":"default","ast-page-background-meta":{"desktop":{"background-color":"var(--ast-global-color-4)","background-image":"","background-repeat":"repeat","background-position":"center center","background-size":"auto","background-attachment":"scroll","background-type":"","background-media":"","overlay-type":"","overlay-color":"","overlay-opacity":"","overlay-gradient":""},"tablet":{"background-color":"","background-image":"","background-repeat":"repeat","background-position":"center center","background-size":"auto","background-attachment":"scroll","background-type":"","background-media":"","overlay-type":"","overlay-color":"","overlay-opacity":"","overlay-gradient":""},"mobile":{"background-color":"","background-image":"","background-repeat":"repeat","background-position":"center center","background-size":"auto","background-attachment":"scroll","background-type":"","background-media":"","overlay-type":"","overlay-color":"","overlay-opacity":"","overlay-gradient":""}},"ast-content-background-meta":{"desktop":{"background-color":"var(--ast-global-color-5)","background-image":"","background-repeat":"repeat","background-position":"center center","background-size":"auto","background-attachment":"scroll","background-type":"","background-media":"","overlay-type":"","overlay-color":"","overlay-opacity":"","overlay-gradient":""},"tablet":{"background-color":"var(--ast-global-color-5)","background-image":"","background-repeat":"repeat","background-position":"center center","background-size":"auto","background-attachment":"scroll","background-type":"","background-media":"","overlay-type":"","overlay-color":"","overlay-opacity":"","overlay-gradient":""},"mobile":{"background-color":"var(--ast-global-color-5)","background-image":"","background-repeat":"repeat","background-position":"center center","background-size":"auto","background-attachment":"scroll","background-type":"","background-media":"","overlay-type":"","overlay-color":"","overlay-opacity":"","overlay-gradient":""}},"footnotes":""},"categories":[1],"tags":[],"class_list":["post-7299","post","type-post","status-publish","format-standard","has-post-thumbnail","hentry","category-sem-categoria"],"_links":{"self":[{"href":"https:\/\/vivanews.com.br\/index.php?rest_route=\/wp\/v2\/posts\/7299","targetHints":{"allow":["GET"]}}],"collection":[{"href":"https:\/\/vivanews.com.br\/index.php?rest_route=\/wp\/v2\/posts"}],"about":[{"href":"https:\/\/vivanews.com.br\/index.php?rest_route=\/wp\/v2\/types\/post"}],"author":[{"embeddable":true,"href":"https:\/\/vivanews.com.br\/index.php?rest_route=\/wp\/v2\/users\/91"}],"replies":[{"embeddable":true,"href":"https:\/\/vivanews.com.br\/index.php?rest_route=%2Fwp%2Fv2%2Fcomments&post=7299"}],"version-history":[{"count":1,"href":"https:\/\/vivanews.com.br\/index.php?rest_route=\/wp\/v2\/posts\/7299\/revisions"}],"predecessor-version":[{"id":7301,"href":"https:\/\/vivanews.com.br\/index.php?rest_route=\/wp\/v2\/posts\/7299\/revisions\/7301"}],"wp:featuredmedia":[{"embeddable":true,"href":"https:\/\/vivanews.com.br\/index.php?rest_route=\/wp\/v2\/media\/7300"}],"wp:attachment":[{"href":"https:\/\/vivanews.com.br\/index.php?rest_route=%2Fwp%2Fv2%2Fmedia&parent=7299"}],"wp:term":[{"taxonomy":"category","embeddable":true,"href":"https:\/\/vivanews.com.br\/index.php?rest_route=%2Fwp%2Fv2%2Fcategories&post=7299"},{"taxonomy":"post_tag","embeddable":true,"href":"https:\/\/vivanews.com.br\/index.php?rest_route=%2Fwp%2Fv2%2Ftags&post=7299"}],"curies":[{"name":"wp","href":"https:\/\/api.w.org\/{rel}","templated":true}]}}