{"id":7305,"date":"2026-09-02T22:12:18","date_gmt":"2026-09-03T01:12:18","guid":{"rendered":"https:\/\/vivanews.com.br\/?p=7305"},"modified":"2026-09-02T22:12:18","modified_gmt":"2026-09-03T01:12:18","slug":"camara-municipal-de-lucas-do-rio-verde-participa-das-celebracoes-pelos-50-anos-da-inauguracao-da-br-163","status":"publish","type":"post","link":"https:\/\/vivanews.com.br\/?p=7305","title":{"rendered":"C\u00e2mara Municipal de Lucas do Rio Verde participa das celebra\u00e7\u00f5es pelos 50 anos da inaugura\u00e7\u00e3o da BR-163"},"content":{"rendered":"\n<p class=\"wp-block-paragraph\">Presidente Airton Callai representou a sociedade civil luverdense durante solenidade realizada na Comunidade de S\u00e3o Crist\u00f3v\u00e3o<\/p>\n\n\n\n<figure class=\"wp-block-image size-large\"><img fetchpriority=\"high\" decoding=\"async\" width=\"1024\" height=\"682\" src=\"https:\/\/vivanews.com.br\/wp-content\/uploads\/2026\/09\/2946-1024x682.jpeg\" alt=\"\" class=\"wp-image-7306\" srcset=\"https:\/\/vivanews.com.br\/wp-content\/uploads\/2026\/09\/2946-1024x682.jpeg 1024w, https:\/\/vivanews.com.br\/wp-content\/uploads\/2026\/09\/2946-300x200.jpeg 300w, https:\/\/vivanews.com.br\/wp-content\/uploads\/2026\/09\/2946-768x512.jpeg 768w, https:\/\/vivanews.com.br\/wp-content\/uploads\/2026\/09\/2946-1536x1023.jpeg 1536w, https:\/\/vivanews.com.br\/wp-content\/uploads\/2026\/09\/2946-219x146.jpeg 219w, https:\/\/vivanews.com.br\/wp-content\/uploads\/2026\/09\/2946.jpeg 1600w\" sizes=\"(max-width: 1024px) 100vw, 1024px\" \/><\/figure>\n\n\n\n<p class=\"wp-block-paragraph\">A C\u00e2mara Municipal de Lucas do Rio Verde esteve representada nas solenidades realizadas nesta&nbsp;<strong>quarta-feira, 2 de setembro<\/strong>, em comemora\u00e7\u00e3o aos&nbsp;<strong>50 anos da inaugura\u00e7\u00e3o da BR-163<\/strong>. O evento reuniu autoridades civis e militares e destacou a import\u00e2ncia hist\u00f3rica da rodovia para o desenvolvimento de Mato Grosso e de toda a regi\u00e3o.<\/p>\n\n\n\n<p class=\"wp-block-paragraph\">A programa\u00e7\u00e3o do dia ocorreu \u00e0s&nbsp;<strong>11h30, na Comunidade de S\u00e3o Crist\u00f3v\u00e3o, em Lucas do Rio Verde<\/strong>, reunindo representantes de diferentes setores da sociedade para celebrar meio s\u00e9culo de hist\u00f3ria de uma das principais rodovias brasileiras.<\/p>\n\n\n\n<p class=\"wp-block-paragraph\">O presidente da C\u00e2mara Municipal,&nbsp;<strong>vereador Airton Callai<\/strong>, participou do ato compondo o dispositivo de honra e representando a sociedade civil de Lucas do Rio Verde.&nbsp;<\/p>\n\n\n\n<p class=\"wp-block-paragraph\">Tamb\u00e9m participaram da solenidade os vereadores&nbsp;<strong>Nadir Santana, M\u00e1rcio Albieri, Josias Ferreira, H\u00e9lio Kaminski e Wlad Mesquita<\/strong>, representando o Poder Legislativo luverdense neste importante momento de celebra\u00e7\u00e3o e reconhecimento da hist\u00f3ria da rodovia.<\/p>\n\n\n\n<p class=\"wp-block-paragraph\">A solenidade fez parte da programa\u00e7\u00e3o comemorativa pelos 50 anos da inaugura\u00e7\u00e3o da BR-163, destacando a contribui\u00e7\u00e3o da rodovia para a integra\u00e7\u00e3o regional, o escoamento da produ\u00e7\u00e3o e o fortalecimento da economia ao longo das \u00faltimas cinco d\u00e9cadas.<\/p>\n\n\n\n<p class=\"wp-block-paragraph\">Para Lucas do Rio Verde, munic\u00edpio diretamente ligado \u00e0 hist\u00f3ria e ao desenvolvimento proporcionado pela BR-163, a participa\u00e7\u00e3o dos representantes do Legislativo Municipal simboliza o reconhecimento da import\u00e2ncia da rodovia na transforma\u00e7\u00e3o da regi\u00e3o e na constru\u00e7\u00e3o de novas perspectivas para o futuro.<\/p>\n","protected":false},"excerpt":{"rendered":"<p>Presidente Airton Callai representou a sociedade civil luverdense durante solenidade realizada na Comunidade de S\u00e3o Crist\u00f3v\u00e3o A C\u00e2mara Municipal de Lucas do Rio Verde esteve representada nas solenidades realizadas nesta&nbsp;quarta-feira, 2 de setembro, em comemora\u00e7\u00e3o aos&nbsp;50 anos da inaugura\u00e7\u00e3o da BR-163. O evento reuniu autoridades civis e militares e destacou a import\u00e2ncia hist\u00f3rica da rodovia [&hellip;]<\/p>\n","protected":false},"author":91,"featured_media":7306,"comment_status":"open","ping_status":"closed","sticky":false,"template":"","format":"standard","meta":{"site-sidebar-layout":"default","site-content-layout":"","ast-site-content-layout":"default","site-content-style":"default","site-sidebar-style":"default","ast-global-header-display":"","ast-banner-title-visibility":"","ast-main-header-display":"","ast-hfb-above-header-display":"","ast-hfb-below-header-display":"","ast-hfb-mobile-header-display":"","site-post-title":"","ast-breadcrumbs-content":"","ast-featured-img":"","footer-sml-layout":"","ast-disable-related-posts":"","theme-transparent-header-meta":"","adv-header-id-meta":"","stick-header-meta":"","header-above-stick-meta":"","header-main-stick-meta":"","header-below-stick-meta":"","astra-migrate-meta-layouts":"set","ast-page-background-enabled":"default","ast-page-background-meta":{"desktop":{"background-color":"var(--ast-global-color-4)","background-image":"","background-repeat":"repeat","background-position":"center center","background-size":"auto","background-attachment":"scroll","background-type":"","background-media":"","overlay-type":"","overlay-color":"","overlay-opacity":"","overlay-gradient":""},"tablet":{"background-color":"","background-image":"","background-repeat":"repeat","background-position":"center center","background-size":"auto","background-attachment":"scroll","background-type":"","background-media":"","overlay-type":"","overlay-color":"","overlay-opacity":"","overlay-gradient":""},"mobile":{"background-color":"","background-image":"","background-repeat":"repeat","background-position":"center center","background-size":"auto","background-attachment":"scroll","background-type":"","background-media":"","overlay-type":"","overlay-color":"","overlay-opacity":"","overlay-gradient":""}},"ast-content-background-meta":{"desktop":{"background-color":"var(--ast-global-color-5)","background-image":"","background-repeat":"repeat","background-position":"center center","background-size":"auto","background-attachment":"scroll","background-type":"","background-media":"","overlay-type":"","overlay-color":"","overlay-opacity":"","overlay-gradient":""},"tablet":{"background-color":"var(--ast-global-color-5)","background-image":"","background-repeat":"repeat","background-position":"center center","background-size":"auto","background-attachment":"scroll","background-type":"","background-media":"","overlay-type":"","overlay-color":"","overlay-opacity":"","overlay-gradient":""},"mobile":{"background-color":"var(--ast-global-color-5)","background-image":"","background-repeat":"repeat","background-position":"center center","background-size":"auto","background-attachment":"scroll","background-type":"","background-media":"","overlay-type":"","overlay-color":"","overlay-opacity":"","overlay-gradient":""}},"footnotes":""},"categories":[1],"tags":[],"class_list":["post-7305","post","type-post","status-publish","format-standard","has-post-thumbnail","hentry","category-sem-categoria"],"_links":{"self":[{"href":"https:\/\/vivanews.com.br\/index.php?rest_route=\/wp\/v2\/posts\/7305","targetHints":{"allow":["GET"]}}],"collection":[{"href":"https:\/\/vivanews.com.br\/index.php?rest_route=\/wp\/v2\/posts"}],"about":[{"href":"https:\/\/vivanews.com.br\/index.php?rest_route=\/wp\/v2\/types\/post"}],"author":[{"embeddable":true,"href":"https:\/\/vivanews.com.br\/index.php?rest_route=\/wp\/v2\/users\/91"}],"replies":[{"embeddable":true,"href":"https:\/\/vivanews.com.br\/index.php?rest_route=%2Fwp%2Fv2%2Fcomments&post=7305"}],"version-history":[{"count":1,"href":"https:\/\/vivanews.com.br\/index.php?rest_route=\/wp\/v2\/posts\/7305\/revisions"}],"predecessor-version":[{"id":7307,"href":"https:\/\/vivanews.com.br\/index.php?rest_route=\/wp\/v2\/posts\/7305\/revisions\/7307"}],"wp:featuredmedia":[{"embeddable":true,"href":"https:\/\/vivanews.com.br\/index.php?rest_route=\/wp\/v2\/media\/7306"}],"wp:attachment":[{"href":"https:\/\/vivanews.com.br\/index.php?rest_route=%2Fwp%2Fv2%2Fmedia&parent=7305"}],"wp:term":[{"taxonomy":"category","embeddable":true,"href":"https:\/\/vivanews.com.br\/index.php?rest_route=%2Fwp%2Fv2%2Fcategories&post=7305"},{"taxonomy":"post_tag","embeddable":true,"href":"https:\/\/vivanews.com.br\/index.php?rest_route=%2Fwp%2Fv2%2Ftags&post=7305"}],"curies":[{"name":"wp","href":"https:\/\/api.w.org\/{rel}","templated":true}]}}