{"id":7312,"date":"2026-09-03T20:14:53","date_gmt":"2026-09-03T23:14:53","guid":{"rendered":"https:\/\/vivanews.com.br\/?p=7312"},"modified":"2026-09-03T20:14:54","modified_gmt":"2026-09-03T23:14:54","slug":"podcast-lucas-em-debate-defesa-civil-de-lucas-do-rio-verde-monitora-queimadas-alagamentos-e-barragens","status":"publish","type":"post","link":"https:\/\/vivanews.com.br\/?p=7312","title":{"rendered":"Podcast Lucas em Debate: Defesa Civil de Lucas do Rio Verde monitora queimadas, alagamentos e barragens"},"content":{"rendered":"\n<p class=\"wp-block-paragraph\">Coordenador Edgar Savaris falou sobre as a\u00e7\u00f5es de preven\u00e7\u00e3o e monitoramento no munic\u00edpio, os planos de conting\u00eancia aprovados, a parceria com o Corpo de Bombeiros e os impactos do fen\u00f4meno El Ni\u00f1o na regi\u00e3o<\/p>\n\n\n\n<figure class=\"wp-block-image size-large\"><img fetchpriority=\"high\" decoding=\"async\" width=\"1024\" height=\"768\" src=\"https:\/\/vivanews.com.br\/wp-content\/uploads\/2026\/09\/2944-1024x768.jpg\" alt=\"\" class=\"wp-image-7313\" srcset=\"https:\/\/vivanews.com.br\/wp-content\/uploads\/2026\/09\/2944-1024x768.jpg 1024w, https:\/\/vivanews.com.br\/wp-content\/uploads\/2026\/09\/2944-300x225.jpg 300w, https:\/\/vivanews.com.br\/wp-content\/uploads\/2026\/09\/2944-768x576.jpg 768w, https:\/\/vivanews.com.br\/wp-content\/uploads\/2026\/09\/2944-1536x1152.jpg 1536w, https:\/\/vivanews.com.br\/wp-content\/uploads\/2026\/09\/2944-2048x1536.jpg 2048w, https:\/\/vivanews.com.br\/wp-content\/uploads\/2026\/09\/2944-195x146.jpg 195w\" sizes=\"(max-width: 1024px) 100vw, 1024px\" \/><\/figure>\n\n\n\n<p class=\"wp-block-paragraph\">O podcast Lucas em Debate, da R\u00e1dio C\u00e2mara de Lucas do Rio Verde, recebeu nesta quarta-feira (2) o coordenador da Defesa Civil Municipal, Edgar Savaris. Durante a entrevista, ele detalhou as atribui\u00e7\u00f5es do \u00f3rg\u00e3o, criado em 2022, e destacou as a\u00e7\u00f5es de monitoramento e preven\u00e7\u00e3o em \u00e1reas de risco, queimadas, alagamentos e barragens no munic\u00edpio.<\/p>\n\n\n\n<p class=\"wp-block-paragraph\">Savaris explicou que a Defesa Civil atua em diversas frentes, indo al\u00e9m das tradicionais enchentes. &#8220;A gente atua nessa \u00e9poca da seca, por exemplo, na mitiga\u00e7\u00e3o de queimadas&#8221;, afirmou. Para isso, o munic\u00edpio conta com a Brigada Municipal Mista, composta por seis contratados, que atua em parceria com o Corpo de Bombeiros no per\u00edodo de julho a outubro, considerado o mais cr\u00edtico para inc\u00eandios na regi\u00e3o.<\/p>\n\n\n\n<p class=\"wp-block-paragraph\">O coordenador tamb\u00e9m detalhou as \u00e1reas monitoradas constantemente pela Defesa Civil. Uma delas \u00e9 a regi\u00e3o do Colina Verde, Macuco e Ch\u00e1caras, que j\u00e1 registrou alagamentos hist\u00f3ricos. A outra \u00e9 uma regi\u00e3o de preserva\u00e7\u00e3o permanente e vazante do rio, que tamb\u00e9m fica no montante da barragem da usina Canoa Quebrada. &#8220;\u00c9 uma \u00e1rea que tem gente morando, constru\u00edram suas casas, t\u00eam fam\u00edlia, e a gente precisa monitorar porque tem vidas humanas&#8221;, ressaltou.<\/p>\n\n\n\n<p class=\"wp-block-paragraph\">Sobre o monitoramento h\u00eddrico, Savaris informou que a Defesa Civil acompanha em tempo real as esta\u00e7\u00f5es da Ag\u00eancia Nacional de \u00c1guas (ANA) e mant\u00e9m contato com a empresa respons\u00e1vel pelas usinas hidrel\u00e9tricas do munic\u00edpio. Ele tamb\u00e9m fez um alerta aos propriet\u00e1rios rurais que possuem barragens em suas propriedades: &#8220;Procure regularizar, deixe em dia, porque futuramente os munic\u00edpios ter\u00e3o que fazer um cadastramento dessas barragens, e quem estiver irregular poder\u00e1 sofrer san\u00e7\u00f5es ambientais&#8221;.<\/p>\n\n\n\n<p class=\"wp-block-paragraph\">Em rela\u00e7\u00e3o \u00e0 seca e ao fen\u00f4meno El Ni\u00f1o, Savaris explicou que o aquecimento do Oceano Pac\u00edfico tem causado altera\u00e7\u00f5es clim\u00e1ticas em todo o globo, com impacto direto na agricultura. &#8220;O prolongamento da seca afeta muito a agricultura. O produtor vai na incerteza, n\u00e3o sabe quando vai plantar&#8221;, disse, mencionando que a Defesa Civil integra um grupo nacional de monitoramento de secas, fornecendo dados que s\u00e3o repassados \u00e0 Confedera\u00e7\u00e3o Nacional da Agricultura (CNA) e \u00e0 PROSOJA.<\/p>\n\n\n\n<p class=\"wp-block-paragraph\">Savaris tamb\u00e9m destacou os avan\u00e7os institucionais da Defesa Civil em Lucas do Rio Verde. O munic\u00edpio j\u00e1 conta com o Plano de Conting\u00eancia Municipal e o Plano Municipal de Redu\u00e7\u00e3o de Riscos e Desastres, ambos aprovados pela C\u00e2mara de Vereadores e sancionados pelo prefeito Miguel Vaz. &#8220;Somos um dos poucos munic\u00edpios do Mato Grosso que t\u00eam esses planos aprovados e em pleno vigor&#8221;, comemorou, agradecendo o apoio do presidente da C\u00e2mara, Airton Calai, e da vice-presidente, vereadora Nadir Santana, que tamb\u00e9m atua no Gabinete de Gest\u00e3o Integrada (GGI).<\/p>\n\n\n\n<p class=\"wp-block-paragraph\">Atualmente, a Defesa Civil conta apenas com o coordenador, mas h\u00e1 planos de ampliar a equipe e capacitar volunt\u00e1rios no pr\u00f3ximo ano, al\u00e9m de buscar recursos para equipar o \u00f3rg\u00e3o. O munic\u00edpio j\u00e1 est\u00e1 cadastrado no programa Cidades Resilientes, da Caixa Econ\u00f4mica Federal, que busca recursos para solu\u00e7\u00f5es de drenagem pluvial, apontada como um dos principais desafios da cidade.<\/p>\n\n\n\n<p class=\"wp-block-paragraph\">Savaris encerrou agradecendo o apoio da Prefeitura e do Legislativo e colocou a Defesa Civil \u00e0 disposi\u00e7\u00e3o da popula\u00e7\u00e3o pelo telefone (65) 3549-8390. &#8220;\u00c9 um prazer cuidar de uma pasta t\u00e3o importante para o munic\u00edpio, trazendo sempre uma solu\u00e7\u00e3o antecipada para que a gente n\u00e3o sofra problemas graves no futuro&#8221;, concluiu.<\/p>\n\n\n\n<p class=\"wp-block-paragraph\">O epis\u00f3dio completo do Lucas em Debate est\u00e1 dispon\u00edvel na R\u00e1dio C\u00e2mara e nas plataformas digitais da C\u00e2mara Municipal de Lucas do Rio Verde.<\/p>\n\n\n\n<p class=\"wp-block-paragraph\"><strong>\ud83c\udfa7 Ou\u00e7a a R\u00e1dio C\u00e2mara<\/strong>\ud83c\udfa7&nbsp;<strong>Ou\u00e7a a R\u00e1dio C\u00e2mara<\/strong><br>Para ouvir a R\u00e1dio C\u00e2mara Lucas do Rio Verde, acesse o site oficial da&nbsp;<strong><a href=\"https:\/\/www.camaralucasdorioverde.mt.gov.br\/\">C\u00e2mara Municipal<\/a><\/strong>&nbsp;ou baixe o aplicativo para&nbsp;<strong><a href=\"https:\/\/apps.apple.com\/br\/app\/r%C3%A1dio-c%C3%A2mara-lucas-rio-verde\/id6753315233\">iOS<\/a><\/strong>&nbsp;e&nbsp;<strong><a href=\"https:\/\/play.google.com\/store\/apps\/details?id=br.com.brasilstream.RadioCamaraLucasdoRioVerde\">Android<\/a><\/strong>. Os epis\u00f3dios do podcast est\u00e3o dispon\u00edveis nas principais plataformas digitais.<\/p>\n","protected":false},"excerpt":{"rendered":"<p>Coordenador Edgar Savaris falou sobre as a\u00e7\u00f5es de preven\u00e7\u00e3o e monitoramento no munic\u00edpio, os planos de conting\u00eancia aprovados, a parceria com o Corpo de Bombeiros e os impactos do fen\u00f4meno El Ni\u00f1o na regi\u00e3o O podcast Lucas em Debate, da R\u00e1dio C\u00e2mara de Lucas do Rio Verde, recebeu nesta quarta-feira (2) o coordenador da Defesa [&hellip;]<\/p>\n","protected":false},"author":91,"featured_media":7313,"comment_status":"open","ping_status":"closed","sticky":false,"template":"","format":"standard","meta":{"site-sidebar-layout":"default","site-content-layout":"","ast-site-content-layout":"default","site-content-style":"default","site-sidebar-style":"default","ast-global-header-display":"","ast-banner-title-visibility":"","ast-main-header-display":"","ast-hfb-above-header-display":"","ast-hfb-below-header-display":"","ast-hfb-mobile-header-display":"","site-post-title":"","ast-breadcrumbs-content":"","ast-featured-img":"","footer-sml-layout":"","ast-disable-related-posts":"","theme-transparent-header-meta":"","adv-header-id-meta":"","stick-header-meta":"","header-above-stick-meta":"","header-main-stick-meta":"","header-below-stick-meta":"","astra-migrate-meta-layouts":"set","ast-page-background-enabled":"default","ast-page-background-meta":{"desktop":{"background-color":"var(--ast-global-color-4)","background-image":"","background-repeat":"repeat","background-position":"center center","background-size":"auto","background-attachment":"scroll","background-type":"","background-media":"","overlay-type":"","overlay-color":"","overlay-opacity":"","overlay-gradient":""},"tablet":{"background-color":"","background-image":"","background-repeat":"repeat","background-position":"center center","background-size":"auto","background-attachment":"scroll","background-type":"","background-media":"","overlay-type":"","overlay-color":"","overlay-opacity":"","overlay-gradient":""},"mobile":{"background-color":"","background-image":"","background-repeat":"repeat","background-position":"center center","background-size":"auto","background-attachment":"scroll","background-type":"","background-media":"","overlay-type":"","overlay-color":"","overlay-opacity":"","overlay-gradient":""}},"ast-content-background-meta":{"desktop":{"background-color":"var(--ast-global-color-5)","background-image":"","background-repeat":"repeat","background-position":"center center","background-size":"auto","background-attachment":"scroll","background-type":"","background-media":"","overlay-type":"","overlay-color":"","overlay-opacity":"","overlay-gradient":""},"tablet":{"background-color":"var(--ast-global-color-5)","background-image":"","background-repeat":"repeat","background-position":"center center","background-size":"auto","background-attachment":"scroll","background-type":"","background-media":"","overlay-type":"","overlay-color":"","overlay-opacity":"","overlay-gradient":""},"mobile":{"background-color":"var(--ast-global-color-5)","background-image":"","background-repeat":"repeat","background-position":"center center","background-size":"auto","background-attachment":"scroll","background-type":"","background-media":"","overlay-type":"","overlay-color":"","overlay-opacity":"","overlay-gradient":""}},"footnotes":""},"categories":[1],"tags":[],"class_list":["post-7312","post","type-post","status-publish","format-standard","has-post-thumbnail","hentry","category-sem-categoria"],"_links":{"self":[{"href":"https:\/\/vivanews.com.br\/index.php?rest_route=\/wp\/v2\/posts\/7312","targetHints":{"allow":["GET"]}}],"collection":[{"href":"https:\/\/vivanews.com.br\/index.php?rest_route=\/wp\/v2\/posts"}],"about":[{"href":"https:\/\/vivanews.com.br\/index.php?rest_route=\/wp\/v2\/types\/post"}],"author":[{"embeddable":true,"href":"https:\/\/vivanews.com.br\/index.php?rest_route=\/wp\/v2\/users\/91"}],"replies":[{"embeddable":true,"href":"https:\/\/vivanews.com.br\/index.php?rest_route=%2Fwp%2Fv2%2Fcomments&post=7312"}],"version-history":[{"count":1,"href":"https:\/\/vivanews.com.br\/index.php?rest_route=\/wp\/v2\/posts\/7312\/revisions"}],"predecessor-version":[{"id":7314,"href":"https:\/\/vivanews.com.br\/index.php?rest_route=\/wp\/v2\/posts\/7312\/revisions\/7314"}],"wp:featuredmedia":[{"embeddable":true,"href":"https:\/\/vivanews.com.br\/index.php?rest_route=\/wp\/v2\/media\/7313"}],"wp:attachment":[{"href":"https:\/\/vivanews.com.br\/index.php?rest_route=%2Fwp%2Fv2%2Fmedia&parent=7312"}],"wp:term":[{"taxonomy":"category","embeddable":true,"href":"https:\/\/vivanews.com.br\/index.php?rest_route=%2Fwp%2Fv2%2Fcategories&post=7312"},{"taxonomy":"post_tag","embeddable":true,"href":"https:\/\/vivanews.com.br\/index.php?rest_route=%2Fwp%2Fv2%2Ftags&post=7312"}],"curies":[{"name":"wp","href":"https:\/\/api.w.org\/{rel}","templated":true}]}}