{"id":7318,"date":"2026-09-04T21:19:55","date_gmt":"2026-09-05T00:19:55","guid":{"rendered":"https:\/\/vivanews.com.br\/?p=7318"},"modified":"2026-09-04T21:19:56","modified_gmt":"2026-09-05T00:19:56","slug":"camara-cobra-de-concessionaria-solucoes-para-problemas-no-fornecimento-de-energia-em-lucas-do-rio-verde","status":"publish","type":"post","link":"https:\/\/vivanews.com.br\/?p=7318","title":{"rendered":"C\u00e2mara cobra de concession\u00e1ria solu\u00e7\u00f5es para problemas no fornecimento de energia em Lucas do Rio Verde"},"content":{"rendered":"\n<p class=\"wp-block-paragraph\">Presidente do Legislativo, vereador Airton Callai, conduziu reuni\u00e3o nesta sexta-feira (4) com representantes da Energisa, CDL e Aprosoja<\/p>\n\n\n\n<figure class=\"wp-block-image size-large\"><img fetchpriority=\"high\" decoding=\"async\" width=\"1024\" height=\"682\" src=\"https:\/\/vivanews.com.br\/wp-content\/uploads\/2026\/09\/2957-1024x682.jpeg\" alt=\"\" class=\"wp-image-7319\" srcset=\"https:\/\/vivanews.com.br\/wp-content\/uploads\/2026\/09\/2957-1024x682.jpeg 1024w, https:\/\/vivanews.com.br\/wp-content\/uploads\/2026\/09\/2957-300x200.jpeg 300w, https:\/\/vivanews.com.br\/wp-content\/uploads\/2026\/09\/2957-768x512.jpeg 768w, https:\/\/vivanews.com.br\/wp-content\/uploads\/2026\/09\/2957-1536x1023.jpeg 1536w, https:\/\/vivanews.com.br\/wp-content\/uploads\/2026\/09\/2957-219x146.jpeg 219w, https:\/\/vivanews.com.br\/wp-content\/uploads\/2026\/09\/2957.jpeg 1600w\" sizes=\"(max-width: 1024px) 100vw, 1024px\" \/><\/figure>\n\n\n\n<p class=\"wp-block-paragraph\">A C\u00e2mara Municipal de Lucas do Rio Verde realizou nesta sexta-feira (4) uma reuni\u00e3o convocada pelo presidente Airton Callai com representantes da Energisa, concession\u00e1ria respons\u00e1vel pelo fornecimento de energia el\u00e9trica, para discutir as constantes quedas de energia na \u00e1rea urbana e rural do munic\u00edpio. Participaram tamb\u00e9m Robson Alex, representante da C\u00e2mara de Dirigentes Lojistas (CDL), e Ta\u00edsa Botton, delegada da Aprosoja em Lucas do Rio Verde, que levaram as demandas do com\u00e9rcio e do setor produtivo.<\/p>\n\n\n\n<p class=\"wp-block-paragraph\">Durante o encontro, o presidente Airton Callai cobrou provid\u00eancias da concession\u00e1ria, especialmente quanto \u00e0 demora no atendimento, \u00e0 troca de transformadores, \u00e0 amplia\u00e7\u00e3o da infraestrutura e \u00e0 comunica\u00e7\u00e3o com a popula\u00e7\u00e3o. \u201cN\u00f3s sentamos e entramos em um entendimento junto \u00e0 Energisa. O que n\u00f3s pedimos \u00e9 o que v\u00e3o fazer para solucionar o problema das quedas de energia, da demora do atendimento, da solu\u00e7\u00e3o dos problemas das trocas de transformadores, da parte de infraestrutura, de como n\u00f3s temos que levar essa parte de amplia\u00e7\u00e3o quando chega mais empresa em Lucas e qual o procedimento e n\u00f3s sermos mais comunicativos com a sociedade\u201d, afirmou.<\/p>\n\n\n\n<p class=\"wp-block-paragraph\">Callai destacou que a falta de comunica\u00e7\u00e3o \u00e9 um dos principais gargalos apontados pela popula\u00e7\u00e3o. \u201cHoje, \u00e0s vezes, a Energisa vai fazer uma manuten\u00e7\u00e3o em alguma \u00e1rea da cidade, por\u00e9m, a sociedade n\u00e3o sabe e, quando ela n\u00e3o sabe, ao faltar energia, ela ocupa o 0800, onde tinha uma manuten\u00e7\u00e3o que estava programada. N\u00f3s n\u00e3o sabemos o que ocorreu e por que que eu estou sem energia e quanto tempo vai demorar. E isso n\u00e3o \u00e9 mais permiss\u00edvel em 2026\u201d, criticou.<\/p>\n\n\n\n<p class=\"wp-block-paragraph\">O presidente informou que a concession\u00e1ria apresentou compromissos, entre eles o aumento de equipes para a regi\u00e3o e a melhoria dos canais de comunica\u00e7\u00e3o. \u201cN\u00f3s vamos sentar e verificar se nesses 30 dias realmente ocorreu o que n\u00f3s combinamos dentro da sala. E isso n\u00e3o ocorrendo, n\u00f3s vamos fazer uma nova reuni\u00e3o, s\u00f3 que da\u00ed ser\u00e1 uma audi\u00eancia p\u00fablica e vamos convidar tamb\u00e9m a parte do Minist\u00e9rio P\u00fablico, do Juizado, da Prefeitura Municipal, do Governo do Estado e tamb\u00e9m da Energisa\u201d, afirmou, acrescentando que tamb\u00e9m ser\u00e1 feito um trabalho conjunto com a Prefeitura para conscientizar comerciantes sobre a necessidade de comunicar amplia\u00e7\u00f5es de carga el\u00e9trica, evitando estrangulamentos no sistema, especialmente no hor\u00e1rio noturno.<\/p>\n\n\n\n<p class=\"wp-block-paragraph\">Washington Soares J\u00fanior, coordenador regional de Obras e Manuten\u00e7\u00e3o da Energisa, destacou que os investimentos ainda est\u00e3o em andamento e que h\u00e1 obras estruturantes previstas para entrega at\u00e9 setembro. Ele afirmou que a capacidade de gera\u00e7\u00e3o \u00e9 suficiente para atender Lucas do Rio Verde, mas que a substitui\u00e7\u00e3o de equipamentos aumenta a confiabilidade do sistema. \u201cLucas n\u00e3o tem problema de capacidade de carga. A substitui\u00e7\u00e3o auxilia ali no backup, quando se faltar na transmiss\u00e3o, a outra substitui\u00e7\u00e3o ajusta e pega automaticamente aquela carga que estava e transfere para ela\u201d, explicou.<\/p>\n\n\n\n<p class=\"wp-block-paragraph\">Jorge S\u00edrio, coordenador de relacionamento da Energisa, destacou que a empresa tem previs\u00e3o de R$ 9 bilh\u00f5es em investimentos para os pr\u00f3ximos anos em Mato Grosso, com aten\u00e7\u00e3o especial \u00e0s \u00e1reas rurais. \u201cMato Grosso tinha um gap grande na quest\u00e3o da \u00e1rea rural, principalmente, \u00e9 um estado que cresce a 10%, 20%. A empresa est\u00e1 fazendo um planejamento pr\u00f3ximo da sociedade para fazermos os investimentos. A gente entende a necessidade de fazer o investimento e a responsabilidade. Estamos olhando muito tamb\u00e9m para as \u00e1reas rurais e sente a necessidade de expans\u00e3o\u201d, afirmou.<\/p>\n\n\n\n<figure class=\"wp-block-image\"><a class=\"gallery-item\" href=\"https:\/\/www.camaralucasdorioverde.mt.gov.br\/fotos_bancoimagens\/2958.jpeg\"><img decoding=\"async\" src=\"https:\/\/www.camaralucasdorioverde.mt.gov.br\/phpThumb\/phpThumb.php?src=fotos_bancoimagens\/2958.jpeg&amp;w=450&amp;h=252&amp;zc=1\" alt=\"\"\/><\/a><\/figure>\n","protected":false},"excerpt":{"rendered":"<p>Presidente do Legislativo, vereador Airton Callai, conduziu reuni\u00e3o nesta sexta-feira (4) com representantes da Energisa, CDL e Aprosoja A C\u00e2mara Municipal de Lucas do Rio Verde realizou nesta sexta-feira (4) uma reuni\u00e3o convocada pelo presidente Airton Callai com representantes da Energisa, concession\u00e1ria respons\u00e1vel pelo fornecimento de energia el\u00e9trica, para discutir as constantes quedas de energia [&hellip;]<\/p>\n","protected":false},"author":91,"featured_media":7319,"comment_status":"open","ping_status":"closed","sticky":false,"template":"","format":"standard","meta":{"site-sidebar-layout":"default","site-content-layout":"","ast-site-content-layout":"default","site-content-style":"default","site-sidebar-style":"default","ast-global-header-display":"","ast-banner-title-visibility":"","ast-main-header-display":"","ast-hfb-above-header-display":"","ast-hfb-below-header-display":"","ast-hfb-mobile-header-display":"","site-post-title":"","ast-breadcrumbs-content":"","ast-featured-img":"","footer-sml-layout":"","ast-disable-related-posts":"","theme-transparent-header-meta":"","adv-header-id-meta":"","stick-header-meta":"","header-above-stick-meta":"","header-main-stick-meta":"","header-below-stick-meta":"","astra-migrate-meta-layouts":"set","ast-page-background-enabled":"default","ast-page-background-meta":{"desktop":{"background-color":"var(--ast-global-color-4)","background-image":"","background-repeat":"repeat","background-position":"center center","background-size":"auto","background-attachment":"scroll","background-type":"","background-media":"","overlay-type":"","overlay-color":"","overlay-opacity":"","overlay-gradient":""},"tablet":{"background-color":"","background-image":"","background-repeat":"repeat","background-position":"center center","background-size":"auto","background-attachment":"scroll","background-type":"","background-media":"","overlay-type":"","overlay-color":"","overlay-opacity":"","overlay-gradient":""},"mobile":{"background-color":"","background-image":"","background-repeat":"repeat","background-position":"center center","background-size":"auto","background-attachment":"scroll","background-type":"","background-media":"","overlay-type":"","overlay-color":"","overlay-opacity":"","overlay-gradient":""}},"ast-content-background-meta":{"desktop":{"background-color":"var(--ast-global-color-5)","background-image":"","background-repeat":"repeat","background-position":"center center","background-size":"auto","background-attachment":"scroll","background-type":"","background-media":"","overlay-type":"","overlay-color":"","overlay-opacity":"","overlay-gradient":""},"tablet":{"background-color":"var(--ast-global-color-5)","background-image":"","background-repeat":"repeat","background-position":"center center","background-size":"auto","background-attachment":"scroll","background-type":"","background-media":"","overlay-type":"","overlay-color":"","overlay-opacity":"","overlay-gradient":""},"mobile":{"background-color":"var(--ast-global-color-5)","background-image":"","background-repeat":"repeat","background-position":"center center","background-size":"auto","background-attachment":"scroll","background-type":"","background-media":"","overlay-type":"","overlay-color":"","overlay-opacity":"","overlay-gradient":""}},"footnotes":""},"categories":[1],"tags":[],"class_list":["post-7318","post","type-post","status-publish","format-standard","has-post-thumbnail","hentry","category-sem-categoria"],"_links":{"self":[{"href":"https:\/\/vivanews.com.br\/index.php?rest_route=\/wp\/v2\/posts\/7318","targetHints":{"allow":["GET"]}}],"collection":[{"href":"https:\/\/vivanews.com.br\/index.php?rest_route=\/wp\/v2\/posts"}],"about":[{"href":"https:\/\/vivanews.com.br\/index.php?rest_route=\/wp\/v2\/types\/post"}],"author":[{"embeddable":true,"href":"https:\/\/vivanews.com.br\/index.php?rest_route=\/wp\/v2\/users\/91"}],"replies":[{"embeddable":true,"href":"https:\/\/vivanews.com.br\/index.php?rest_route=%2Fwp%2Fv2%2Fcomments&post=7318"}],"version-history":[{"count":1,"href":"https:\/\/vivanews.com.br\/index.php?rest_route=\/wp\/v2\/posts\/7318\/revisions"}],"predecessor-version":[{"id":7320,"href":"https:\/\/vivanews.com.br\/index.php?rest_route=\/wp\/v2\/posts\/7318\/revisions\/7320"}],"wp:featuredmedia":[{"embeddable":true,"href":"https:\/\/vivanews.com.br\/index.php?rest_route=\/wp\/v2\/media\/7319"}],"wp:attachment":[{"href":"https:\/\/vivanews.com.br\/index.php?rest_route=%2Fwp%2Fv2%2Fmedia&parent=7318"}],"wp:term":[{"taxonomy":"category","embeddable":true,"href":"https:\/\/vivanews.com.br\/index.php?rest_route=%2Fwp%2Fv2%2Fcategories&post=7318"},{"taxonomy":"post_tag","embeddable":true,"href":"https:\/\/vivanews.com.br\/index.php?rest_route=%2Fwp%2Fv2%2Ftags&post=7318"}],"curies":[{"name":"wp","href":"https:\/\/api.w.org\/{rel}","templated":true}]}}