{"id":7321,"date":"2026-09-04T21:24:29","date_gmt":"2026-09-05T00:24:29","guid":{"rendered":"https:\/\/vivanews.com.br\/?p=7321"},"modified":"2026-09-04T21:24:29","modified_gmt":"2026-09-05T00:24:29","slug":"familias-atipica","status":"publish","type":"post","link":"https:\/\/vivanews.com.br\/?p=7321","title":{"rendered":"FAM\u00cdLIAS AT\u00cdPICA"},"content":{"rendered":"\n<p class=\"wp-block-paragraph\">Janaina assume compromisso para mudar regras do BPC e ampliar autonomia de pessoas com defici\u00eancia<\/p>\n\n\n\n<figure class=\"wp-block-image size-large\"><img fetchpriority=\"high\" decoding=\"async\" width=\"1024\" height=\"683\" src=\"https:\/\/vivanews.com.br\/wp-content\/uploads\/2026\/09\/c5441cf6-8b84-4e0e-9a23-075fc974211c-1024x683.jpeg\" alt=\"\" class=\"wp-image-7322\" srcset=\"https:\/\/vivanews.com.br\/wp-content\/uploads\/2026\/09\/c5441cf6-8b84-4e0e-9a23-075fc974211c-1024x683.jpeg 1024w, https:\/\/vivanews.com.br\/wp-content\/uploads\/2026\/09\/c5441cf6-8b84-4e0e-9a23-075fc974211c-300x200.jpeg 300w, https:\/\/vivanews.com.br\/wp-content\/uploads\/2026\/09\/c5441cf6-8b84-4e0e-9a23-075fc974211c-768x512.jpeg 768w, https:\/\/vivanews.com.br\/wp-content\/uploads\/2026\/09\/c5441cf6-8b84-4e0e-9a23-075fc974211c-219x146.jpeg 219w, https:\/\/vivanews.com.br\/wp-content\/uploads\/2026\/09\/c5441cf6-8b84-4e0e-9a23-075fc974211c.jpeg 1280w\" sizes=\"(max-width: 1024px) 100vw, 1024px\" \/><\/figure>\n\n\n\n<p class=\"wp-block-paragraph\">Candidata ao Senado Federal defendeu mudan\u00e7as para conciliar prote\u00e7\u00e3o social e trabalho e relatou experi\u00eancia ap\u00f3s diagn\u00f3stico de neurodiverg\u00eancia do filho<\/p>\n\n\n\n<p class=\"wp-block-paragraph\">A candidata a senadora Janaina Riva (MDB) assumiu o compromisso de levar ao Congresso Nacional a discuss\u00e3o sobre mudan\u00e7as nas regras do Benef\u00edcio de Presta\u00e7\u00e3o Continuada (BPC) para ampliar a autonomia das pessoas com defici\u00eancia. A proposta foi apresentada por Maysa Le\u00e3o (Republicanos), candidata a deputada estadual e defensora de pautas ligadas ao autismo e \u00e0 neurodiverg\u00eancia, durante evento realizado na noite de quinta-feira (3).<\/p>\n\n\n\n<p class=\"wp-block-paragraph\">Maysa defendeu que o BPC funcione como prote\u00e7\u00e3o social sem se transformar em barreira \u00e0 autonomia financeira e ao acesso ao mercado de trabalho.<\/p>\n\n\n\n<p class=\"wp-block-paragraph\">\u201cEu fiz um compromisso com a Janaina e pedi que essa seja uma das primeiras lutas dela no Senado: mudar as regras para que o BPC n\u00e3o impe\u00e7a as pessoas com defici\u00eancia e suas fam\u00edlias de trabalhar e prosperar. O benef\u00edcio \u00e9 uma base de prote\u00e7\u00e3o, mas n\u00e3o pode condenar ningu\u00e9m a viver na pobreza. Queremos que essas pessoas tenham oportunidade de trabalhar, crescer e construir sua pr\u00f3pria autonomia\u201d, afirmou Maysa.<\/p>\n\n\n\n<p class=\"wp-block-paragraph\">Janaina disse que passou a estudar o assunto com mais profundidade e se comprometeu a levar o debate sobre o BPC ao Senado. \u201cA Maysa me deu uma aula, fui pesquisar mais sobre o tema e coloquei no meu plano de trabalho para o Senado essa luta. N\u00f3s precisamos desenhar uma legisla\u00e7\u00e3o que traga benef\u00edcio para essas fam\u00edlias\u201d, afirmou.<\/p>\n\n\n\n<p class=\"wp-block-paragraph\">O encontro tamb\u00e9m abordou a situa\u00e7\u00e3o de m\u00e3es e cuidadores de crian\u00e7as e adultos autistas e de outras pessoas que necessitam de acompanhamento permanente. Janaina defendeu que o Congresso avance na discuss\u00e3o sobre prote\u00e7\u00e3o previdenci\u00e1ria para quem deixa ou reduz sua participa\u00e7\u00e3o no mercado de trabalho para assumir os cuidados de um familiar.<\/p>\n\n\n\n<p class=\"wp-block-paragraph\">\u201cMuitas vezes, quem est\u00e1 cuidando dentro de casa n\u00e3o consegue se aposentar. Se essa pessoa est\u00e1 cuidando e protegendo algu\u00e9m, est\u00e1 inclusive assumindo uma responsabilidade que, em muitas situa\u00e7\u00f5es, dependeria do Estado. Nada mais justo do que garantir dignidade a esse cuidador e a essa cuidadora\u201d, declarou.<\/p>\n\n\n\n<p class=\"wp-block-paragraph\">Durante o evento, Janaina tamb\u00e9m relatou uma experi\u00eancia pessoal. Ela contou que procurou Maysa quando o filho, Jos\u00e9, recebeu o diagn\u00f3stico de TDAH e falou sobre as inseguran\u00e7as que surgiram naquele momento.<\/p>\n\n\n\n<p class=\"wp-block-paragraph\">\u201cQuando a gente tem o diagn\u00f3stico dentro de casa, mil sentimentos e medos surgem. E agora, o que eu vou fazer? Quem vai zelar pelo meu filho? E quando eu n\u00e3o estiver aqui? \u00c9 uma batalha di\u00e1ria\u201d, relatou.<\/p>\n\n\n\n<p class=\"wp-block-paragraph\">A candidata reconheceu que disp\u00f5e de condi\u00e7\u00f5es para oferecer acompanhamento m\u00e9dico, medica\u00e7\u00e3o e estrutura ao filho, mas chamou aten\u00e7\u00e3o para a realidade de quem depende exclusivamente da rede p\u00fablica, especialmente m\u00e3es solo respons\u00e1veis pelos cuidados.<\/p>\n\n\n\n<p class=\"wp-block-paragraph\">\u201cEu sou uma pessoa com acesso \u00e0 sa\u00fade, a um plano adequado e a uma medica\u00e7\u00e3o que n\u00e3o \u00e9 barata. Mas n\u00f3s precisamos nos colocar no lugar daquela pessoa que n\u00e3o tem as mesmas condi\u00e7\u00f5es. Geralmente, quem est\u00e1 \u00e0 frente desse processo \u00e9 uma mulher e, muitas vezes, uma m\u00e3e solo\u201d, disse.<\/p>\n\n\n\n<p class=\"wp-block-paragraph\">Janaina e Maysa tamb\u00e9m defenderam a amplia\u00e7\u00e3o do acesso a diagn\u00f3stico e tratamento especializado no interior de Mato Grosso, com atendimento estruturado em cidades-polo para reduzir a necessidade de longos deslocamentos.<\/p>\n\n\n\n<p class=\"wp-block-paragraph\">\u201cEu sei que voc\u00ea tem o sonho de levar diagn\u00f3stico para cidades-polo de Mato Grosso e tratamento digno. Para isso, vamos usar emendas parlamentares. Vamos somar o meu recurso como senadora e o seu como deputada estadual\u201d, afirmou Janaina.<\/p>\n\n\n\n<p class=\"wp-block-paragraph\">Ao declarar apoio \u00e0 candidatura de Maysa, Janaina afirmou que pretende contar com a experi\u00eancia da candidata na constru\u00e7\u00e3o de propostas sobre autismo e neurodiverg\u00eancia.<\/p>\n\n\n\n<p class=\"wp-block-paragraph\">\u201cEstando no Senado, eu jamais vou discutir neurodiverg\u00eancia sem ter a sua opini\u00e3o e o seu parecer ao meu lado. Eu quero ver voc\u00ea comigo na tribuna do Senado para defender essa pauta\u201d, concluiu.<\/p>\n","protected":false},"excerpt":{"rendered":"<p>Janaina assume compromisso para mudar regras do BPC e ampliar autonomia de pessoas com defici\u00eancia Candidata ao Senado Federal defendeu mudan\u00e7as para conciliar prote\u00e7\u00e3o social e trabalho e relatou experi\u00eancia ap\u00f3s diagn\u00f3stico de neurodiverg\u00eancia do filho A candidata a senadora Janaina Riva (MDB) assumiu o compromisso de levar ao Congresso Nacional a discuss\u00e3o sobre mudan\u00e7as [&hellip;]<\/p>\n","protected":false},"author":91,"featured_media":7322,"comment_status":"open","ping_status":"closed","sticky":false,"template":"","format":"standard","meta":{"site-sidebar-layout":"default","site-content-layout":"","ast-site-content-layout":"default","site-content-style":"default","site-sidebar-style":"default","ast-global-header-display":"","ast-banner-title-visibility":"","ast-main-header-display":"","ast-hfb-above-header-display":"","ast-hfb-below-header-display":"","ast-hfb-mobile-header-display":"","site-post-title":"","ast-breadcrumbs-content":"","ast-featured-img":"","footer-sml-layout":"","ast-disable-related-posts":"","theme-transparent-header-meta":"","adv-header-id-meta":"","stick-header-meta":"","header-above-stick-meta":"","header-main-stick-meta":"","header-below-stick-meta":"","astra-migrate-meta-layouts":"set","ast-page-background-enabled":"default","ast-page-background-meta":{"desktop":{"background-color":"var(--ast-global-color-4)","background-image":"","background-repeat":"repeat","background-position":"center center","background-size":"auto","background-attachment":"scroll","background-type":"","background-media":"","overlay-type":"","overlay-color":"","overlay-opacity":"","overlay-gradient":""},"tablet":{"background-color":"","background-image":"","background-repeat":"repeat","background-position":"center center","background-size":"auto","background-attachment":"scroll","background-type":"","background-media":"","overlay-type":"","overlay-color":"","overlay-opacity":"","overlay-gradient":""},"mobile":{"background-color":"","background-image":"","background-repeat":"repeat","background-position":"center center","background-size":"auto","background-attachment":"scroll","background-type":"","background-media":"","overlay-type":"","overlay-color":"","overlay-opacity":"","overlay-gradient":""}},"ast-content-background-meta":{"desktop":{"background-color":"var(--ast-global-color-5)","background-image":"","background-repeat":"repeat","background-position":"center center","background-size":"auto","background-attachment":"scroll","background-type":"","background-media":"","overlay-type":"","overlay-color":"","overlay-opacity":"","overlay-gradient":""},"tablet":{"background-color":"var(--ast-global-color-5)","background-image":"","background-repeat":"repeat","background-position":"center center","background-size":"auto","background-attachment":"scroll","background-type":"","background-media":"","overlay-type":"","overlay-color":"","overlay-opacity":"","overlay-gradient":""},"mobile":{"background-color":"var(--ast-global-color-5)","background-image":"","background-repeat":"repeat","background-position":"center center","background-size":"auto","background-attachment":"scroll","background-type":"","background-media":"","overlay-type":"","overlay-color":"","overlay-opacity":"","overlay-gradient":""}},"footnotes":""},"categories":[1],"tags":[],"class_list":["post-7321","post","type-post","status-publish","format-standard","has-post-thumbnail","hentry","category-sem-categoria"],"_links":{"self":[{"href":"https:\/\/vivanews.com.br\/index.php?rest_route=\/wp\/v2\/posts\/7321","targetHints":{"allow":["GET"]}}],"collection":[{"href":"https:\/\/vivanews.com.br\/index.php?rest_route=\/wp\/v2\/posts"}],"about":[{"href":"https:\/\/vivanews.com.br\/index.php?rest_route=\/wp\/v2\/types\/post"}],"author":[{"embeddable":true,"href":"https:\/\/vivanews.com.br\/index.php?rest_route=\/wp\/v2\/users\/91"}],"replies":[{"embeddable":true,"href":"https:\/\/vivanews.com.br\/index.php?rest_route=%2Fwp%2Fv2%2Fcomments&post=7321"}],"version-history":[{"count":1,"href":"https:\/\/vivanews.com.br\/index.php?rest_route=\/wp\/v2\/posts\/7321\/revisions"}],"predecessor-version":[{"id":7323,"href":"https:\/\/vivanews.com.br\/index.php?rest_route=\/wp\/v2\/posts\/7321\/revisions\/7323"}],"wp:featuredmedia":[{"embeddable":true,"href":"https:\/\/vivanews.com.br\/index.php?rest_route=\/wp\/v2\/media\/7322"}],"wp:attachment":[{"href":"https:\/\/vivanews.com.br\/index.php?rest_route=%2Fwp%2Fv2%2Fmedia&parent=7321"}],"wp:term":[{"taxonomy":"category","embeddable":true,"href":"https:\/\/vivanews.com.br\/index.php?rest_route=%2Fwp%2Fv2%2Fcategories&post=7321"},{"taxonomy":"post_tag","embeddable":true,"href":"https:\/\/vivanews.com.br\/index.php?rest_route=%2Fwp%2Fv2%2Ftags&post=7321"}],"curies":[{"name":"wp","href":"https:\/\/api.w.org\/{rel}","templated":true}]}}